{"id":26603,"date":"2025-10-27T15:17:04","date_gmt":"2025-10-27T15:17:04","guid":{"rendered":"https:\/\/www.europesays.com\/lt\/26603\/"},"modified":"2025-10-27T15:17:04","modified_gmt":"2025-10-27T15:17:04","slug":"po-pasirodymo-muzikos-festivalyje-grupes-nesulaukia-zadetu-honoraru-linkiu-netureti-reikalu-su-siuo-zmogumi","status":"publish","type":"post","link":"https:\/\/www.europesays.com\/lt\/26603\/","title":{"rendered":"Po pasirodymo muzikos festivalyje grup\u0117s nesulaukia \u017ead\u0117t\u0173 honorar\u0173: linkiu netur\u0117ti reikal\u0173 su \u0161iuo \u017emogumi"},"content":{"rendered":"<p>Grup\u0117s \u201eElnio Rago Mi\u0161kas\u201c vadybinink\u0117 V. Gaili\u016bt\u0117 pirmadien\u012f socialiniuose tinkluose pasidalijo itin nemalonia patirtimi. Ji teig\u0117, kad po koncerto festivalyje, vykusiame rugpj\u016b\u010dio 29 dien\u0105 vis dar nesulaukia i\u0161 organizatori\u0173 \u017ead\u0117to honoraro. <\/p>\n<p>Nors band\u0117 tartis draugi\u0161kai, siunt\u0117 \u012fsp\u0117jamuosius lai\u0161kus, pana\u0161u, kad jokios reakcijos iki \u0161iol nei grup\u0117s nariai, nei vadybinink\u0117 buvo nesulaukusi.<\/p>\n<p>\u201eNelabai smagus pirmadienio \u012fra\u0161as. Bet ir toki\u0173 kartais reikia. Ties\u0105 pasakius, labai tik\u0117jaus, kad \u0161ito \u012fra\u0161o pavyks i\u0161vengti. Bet jeigu j\u012f skaitot \u2013 rei\u0161kia nepavyko. O apie \u0161iuos veiksmus buvau informavusi toliau minim\u0105 asmen\u012f. <\/p>\n<p>Leiskit papasakoti man istorij\u0105 apie Mant\u0105 Galdik\u0105 ir jo organizuojam\u0105 Lituanica Festival by \u201eMYL\u201c. Ir palink\u0117ti niekada niekam netur\u0117ti reikal\u0173 su \u0161iuo \u017emogumi ir \u0161iuo renginiu. <\/p>\n<p>V\u0117lyv\u0105 pavasar\u012f ar vasaros prad\u017eioje gauname kvietim\u0105 su \u201eElniais\u201c pasirodyti festivalyje. Sutinkame, sutariame d\u0117l u\u017emokes\u010dio ir ka\u017ekaip ramiai laukiame datos. <\/p>\n<p>Renginys ateina, savo \u012fsipareigojimus \u012fvykdome (t\u0105 pripa\u017eino ir pats M. Galdikas). Negaliu neigti, buvo smagu, bet u\u017e t\u0105 smagum\u0105 turiu d\u0117koti tuo pasir\u016bpinusiems \u017emon\u0117ms \u2013 Mello scenos koordinacinei komandai, kadangi tikrai buvo viskuo pasir\u016bpinta. <\/p>\n<p>Kaip ir \u012fprasta po rengini\u0173 \u2013 i\u0161ra\u0161iau s\u0105skait\u0105 ir i\u0161siun\u010diau. O tada ir prasid\u0117jo i\u0161kalbinga tyla. Keista, nes suma tikrai nebuvo kosmin\u0117. Padar\u0117me did\u017eiul\u0119 nuolaid\u0105, nes palaikome jaunus festivalius ir suvokiame, kad pilno honoraro sumok\u0117ti gal ir nei\u0161gal\u0117s.<\/p>\n<p>Pirmas kelias savaites dar kantriai laukiau. Na, didelis renginys, daug tiek\u0117j\u0173, grupi\u0173, su kuriomis reikia atsiskaityti ar (bent jau) informuoti, kad mok\u0117jimai v\u0117luos. Deja. M. Galdikas nesiteik\u0117 susisiekti ir informuoti apie niek\u0105. Tiesiog tyl\u0117jo. <\/p>\n<p>Galiausiai, para\u0161iau jam lai\u0161k\u0105, kuriame pasiteiravau, kada galime tik\u0117tis apmok\u0117jimo. Kaip ir kiekviena grup\u0117 planuojame finansinius srautus, tod\u0117l toki\u0105 informacij\u0105 \u017einoti aktualu.<\/p>\n<p>Gaunu trump\u0105 ir lakoni\u0161k\u0105: \u201eGr\u012f\u0161iu su sprendimu iki savait\u0117s galo\u201c. Gerai. Ilgai laukiau, dar palauksiu. Tik savait\u0117 baigiasi, prasideda nauja. Ir nieko, tyla. <\/p>\n<p>Klausiu v\u0117l \u2013 kas ir kaip. V\u0117l tyla. Galiausiai para\u0161au lai\u0161k\u0105, nurodydama dat\u0105, iki kurios turi b\u016bti atliktas mok\u0117jimas. Deja, nei lai\u0161ko, nei mok\u0117jimo. Pra\u0117jus datai v\u0117l susisiekiu. Ir \u012fsp\u0117ju \u2013 jeigu nebus imtasi joki\u0173 veiksm\u0173, a\u0161 imsiuosi vie\u0161umo. <\/p>\n<p>\u0160\u012fkart gaunu atsakym\u0105 \u2013 apie patirtus nuostolius, apie tai, kad n\u0117ra galimybi\u0173 i\u0161mok\u0117ti sutarto honoraro, o su grupe si\u016bloma atsiskaityti d\u017eemperiais. <\/p>\n<p>Mantui i\u0161kart atsakau \u2013 d\u017eemperiai netinka, juk a\u0161 savo tiek\u0117jams d\u017eemperi\u0173 nepasi\u016blysiu u\u017e tai, kad pastatyt\u0173 scen\u0105 ar sumontuot\u0173 \u0161viesas. Ir papra\u0161au atsi\u0173sti pasira\u0161yt\u0105 mok\u0117jim\u0173 plan\u0105. Deja. Ir v\u0117l spengianti tyla. Jokio atsakymo iki \u0161iol. <\/p>\n<p>Mano \u017einiomis, toki\u0173 grupi\u0173 kaip mes po \u0161io festivalio \u2013 ne viena. Trumpai tariant, Mantas pasidar\u0117 did\u017eiul\u012f festival\u012f, su daug scen\u0173, visi savo \u012fsipareigojimus \u012fvykd\u0117, bet jis savo \u012fsipareigojim\u0173 \u2013 ne. <\/p>\n<p>Ne\u017einau, gal tikisi, kad pamir\u0161ime \u012fsiskolinimus. Deja, nepamir\u0161ime. Nuo sav\u0119s pa\u017eadu vien\u0105. Kai paskelbsite naujus renginius ir naujus atlik\u0117jus, i\u0161si\u0173sti lai\u0161k\u0105 apie finansini\u0173 \u012fsipareigojim\u0173 nevykdym\u0105 vadyboms ar bent jau bendruoju kontaktu. Kad kiekvienas atlik\u0117jas \u012fsivertint\u0173, ar verta gadintis nervus. <\/p>\n<p>Tikiuosi, kad \u0161it\u0105 \u012fra\u0161\u0105 pamatys kuo daugiau industrijos \u017emoni\u0173. Vien tam, kad kuo daugiau \u017emoni\u0173 i\u0161vengt\u0173 Manto Galdiko ir jo organizuojam\u0173 rengini\u0173. <\/p>\n<p>O mes ir toliau laukiame apmok\u0117jimo, ar bent jau mok\u0117jimo plano. <\/p>\n<p>Like and share, taip sakant\u201c, \u2013 ra\u0161\u0117 V. Gaili\u016bt\u0117.<\/p>\n<p>Pana\u0161u, kad su pana\u0161ia situacija susid\u016br\u0117 ir grup\u0117s \u201eKatarsis\u201c nariai bei j\u0173 vadybinink\u0117.<\/p>\n<p>\u201eVisi\u0161kai ta pati situacija. Blogiausia, kad negelb\u0117ja nei pasira\u0161yta sutartis, nei sudarytas ir abiej\u0173 pusi\u0173 sutartas mok\u0117jim\u0173 grafikas, kurio pats festivalis nesugeba laikytis. Gavom vien\u0105 500 eur\u0173 pavedim\u0105, o pagal grafik\u0105 dar penki pavedimai v\u0117l v\u0117luoja, kitiems dar yra laiko, bet jau nieko nebesitikiu. Nor\u0117josi ka\u017ekaip palaikyt, nieko nesakyt, pad\u0117t ir su sum\u0173 i\u0161skirstymu, bet \u012ftariu teks kreiptis \u012f antstolius, nes nebesilaikoma joki\u0173 susitarim\u0173. Li\u016bdna\u201c, \u2013 ra\u0161\u0117 Dominyka Motiej\u016bnait\u0117.<\/p>\n<p>Tiesa, kaip teig\u0117 V. Gaili\u016bt\u0117, pasidalinus \u0161iomis \u017einut\u0117mis socialiniuose tinkluose, festivalio organizatoriai akimirksniu susisiek\u0117 su \u201eElnio Rago Mi\u0161ko\u201c vadybininke.<\/p>\n<p>\u201e\u0160iandien jis pra\u0161\u0117 man\u0119s i\u0161trinti \u012fra\u0161\u0105, sak\u0117 \u010dia nepiktybi\u0161kai, bet \u012f lai\u0161kus jis tiesiog neatsakin\u0117jo. Ir nesikreip\u0117 pirmas. Kol jam nepara\u0161iau, jis nieko apie mok\u0117jimus nekalb\u0117jo\u201c, \u2013 prid\u016br\u0117 V. Gaili\u016bt\u0117.<\/p>\n<p>Kiek v\u0117liau susisiekusi su \u201eDelfi\u201c ji patikslino, kad 16.08 val. gavo M. Galdiko lai\u0161k\u0105 su mok\u0117jimo planu. <\/p>\n<p>\u201eJuo jis \u012fsipareigojo iki 2026 m. pabaigos sumok\u0117ti sutart\u0105 grup\u0117s honorar\u0105, pirm\u0105 \u012fmok\u0105 atlikus \u0161i\u0173 met\u0173 gruod\u017eio 12 d.\u201c \u2013 ra\u0161\u0117 V. Gaili\u016bt\u0117.<\/p>\n<p>\u201eDelfi\u201c d\u0117l \u0161ios situacijos susisiek\u0117 su festivalio organizatoriumi M. Galdiku. Vis d\u0117lto i\u0161gird\u0119s, kad skambina \u017eurnalist\u0117, telefonu kalb\u0117ti jis nepanoro teigdamas, kad yra u\u017esi\u0117m\u0119s. Klausimus papra\u0161\u0117 atsi\u0173sti ra\u0161tu.<\/p>\n<p>Kai gausime festivalio organizatoriaus atsakymus \u012f susiklos\u010diusi\u0105 situacij\u0105, straipsn\u012f papildysime.<\/p>\n","protected":false},"excerpt":{"rendered":"Grup\u0117s \u201eElnio Rago Mi\u0161kas\u201c vadybinink\u0117 V. Gaili\u016bt\u0117 pirmadien\u012f socialiniuose tinkluose pasidalijo itin nemalonia patirtimi. Ji teig\u0117, kad po&hellip;\n","protected":false},"author":2,"featured_media":26604,"comment_status":"","ping_status":"","sticky":false,"template":"","format":"standard","meta":{"footnotes":""},"categories":[21],"tags":[113,1967,1230,7991,7992,37,39,36,38,40,114],"class_list":{"0":"post-26603","1":"post","2":"type-post","3":"status-publish","4":"format-standard","5":"has-post-thumbnail","7":"category-pramogos","8":"tag-entertainment","9":"tag-festivalis","10":"tag-grupe","11":"tag-honoraras","12":"tag-katarsis","13":"tag-lietuva","14":"tag-lietuviu","15":"tag-lithuania","16":"tag-lithuanian","17":"tag-lt","18":"tag-pramogos"},"share_on_mastodon":{"url":"https:\/\/pubeurope.com\/@lt\/115446798274042067","error":""},"_links":{"self":[{"href":"https:\/\/www.europesays.com\/lt\/wp-json\/wp\/v2\/posts\/26603","targetHints":{"allow":["GET"]}}],"collection":[{"href":"https:\/\/www.europesays.com\/lt\/wp-json\/wp\/v2\/posts"}],"about":[{"href":"https:\/\/www.europesays.com\/lt\/wp-json\/wp\/v2\/types\/post"}],"author":[{"embeddable":true,"href":"https:\/\/www.europesays.com\/lt\/wp-json\/wp\/v2\/users\/2"}],"replies":[{"embeddable":true,"href":"https:\/\/www.europesays.com\/lt\/wp-json\/wp\/v2\/comments?post=26603"}],"version-history":[{"count":0,"href":"https:\/\/www.europesays.com\/lt\/wp-json\/wp\/v2\/posts\/26603\/revisions"}],"wp:featuredmedia":[{"embeddable":true,"href":"https:\/\/www.europesays.com\/lt\/wp-json\/wp\/v2\/media\/26604"}],"wp:attachment":[{"href":"https:\/\/www.europesays.com\/lt\/wp-json\/wp\/v2\/media?parent=26603"}],"wp:term":[{"taxonomy":"category","embeddable":true,"href":"https:\/\/www.europesays.com\/lt\/wp-json\/wp\/v2\/categories?post=26603"},{"taxonomy":"post_tag","embeddable":true,"href":"https:\/\/www.europesays.com\/lt\/wp-json\/wp\/v2\/tags?post=26603"}],"curies":[{"name":"wp","href":"https:\/\/api.w.org\/{rel}","templated":true}]}}