{"id":266139,"date":"2026-09-01T08:03:57","date_gmt":"2026-09-01T08:03:57","guid":{"rendered":"https:\/\/www.europesays.com\/lt\/266139\/"},"modified":"2026-09-01T08:03:57","modified_gmt":"2026-09-01T08:03:57","slug":"po-dviem-nemuno-salos-pesciuju-takais-52-poliai-inspekcija-pazeidimu-nemato-kol-saloje-neatsirado-ratas","status":"publish","type":"post","link":"https:\/\/www.europesays.com\/lt\/266139\/","title":{"rendered":"Po dviem Nemuno salos p\u0117s\u010di\u0173j\u0173 takais \u2013 52 poliai: inspekcija pa\u017eeidim\u0173 nemato, kol saloje neatsirado ratas"},"content":{"rendered":"<p>Kauno miesto savivaldybei <a href=\"https:\/\/kaunas.kasvyksta.lt\/miestas\/savivaldybe-pagaliau-paskelbe-jog-nemuno-saloje-bus-statomas-apzvalgos-ratas\" target=\"_self\" rel=\"nofollow noopener\">pirmadienio popiet\u0119 pagaliau prane\u0161us,<\/a> jog Nemuno saloje i\u0161ties statomas <a href=\"https:\/\/kaunas.kasvyksta.lt\/apzvalgos-ratas\" title=\"Ap\u017evalgos ratas\" rel=\"nofollow noopener\" target=\"_blank\">ap\u017evalgos ratas<\/a>, i\u0161 karto po to savo tyrimo rezultatus portalui \u201eKas vyksta Kaune\u201c pateik\u0117 ir Valstybin\u0117 <a href=\"https:\/\/kaunas.kasvyksta.lt\/valstybine-teritoriju-planavimo-ir-statybos-inspekcija\" title=\"Valstybin\u0117 teritorij\u0173 planavimo ir statybos inspekcija\" rel=\"nofollow noopener\" target=\"_blank\">Valstybin\u0117 teritorij\u0173 planavimo ir statybos inspekcija<\/a> (VTPSI), planavusi tyrim\u0105 atlikti per rugs\u0117j\u012f. VTPSI nurod\u0117, jog atlikusi patikrinim\u0105, statybos pa\u017eeidim\u0173 nenustat\u0117. Apie Nemuno saloje vykdomas ap\u017evalgos rato konstrukcij\u0173 statybas \u201eKas vyksta Kaune\u201c prane\u0161\u0117 daugiau nei prie\u0161 m\u0117nes\u012f.<\/p>\n<p>VTPSI patar\u0117ja vie\u0161iesiems ry\u0161iams Viktorija \u0160ink\u016bnien\u0117 nurod\u0117, jog inspekcija rugpj\u016b\u010dio 3 d. atliko statybos patikrinim\u0105 Karaliaus Mindaugo pr. 50A, Kaune. Ir statybos pa\u017eeidim\u0173 tuo metu nenustat\u0117.<\/p>\n<p>\u201e\u012evertinus patikrinimo metu nustatyt\u0105 faktin\u0119 statini\u0173 b\u016bkl\u0119 ir VTPSI pateiktus dokumentus, \u0161iuo metu statybos pa\u017eeidim\u0173 nenustatyta\u201c, \u2013 teig\u0117 V. \u0160ink\u016bnien\u0117.<\/p>\n<p><img decoding=\"async\" width=\"720\" height=\"405\" loading=\"lazy\" src=\"https:\/\/www.europesays.com\/lt\/wp-content\/uploads\/2026\/09\/apzvalgos-rato-statybos-nemuno-saloje-kas-vyksta-nuotr-6a689f1669f02.jpg@webp.webp\" class=\"w-auto h-auto\" alt=\"Ap\u017evalgos rato statybos Nemuno saloje \/ Kas vyksta nuotr.\"\/><\/p>\n<p>Ap\u017evalgos rato statybos Nemuno saloje \/ Kas vyksta nuotr.<\/p>\n<p>Pasak VTPSI atstov\u0117s, patikrinimo metu VTPSI u\u017efiksavo dvi i\u0161kasas, kiekvienoje j\u0173 buvo \u012frengta po 26 polius. Vienoje i\u0161kasoje buvo \u012frengti poliai, kitoje \u2013 poliai apibetonuoti ir montuojamas rostverko armat\u016bros karkasas.<\/p>\n<p>\u201eSiekdama \u012fvertinti vykdomus darbus, VTPSI \u012fpareigojo Kauno miesto savivaldyb\u0117s administracij\u0105 pateikti informacij\u0105, dokumentus ir paai\u0161kinimus\u201c, \u2013 paai\u0161kino VTPSI atstov\u0117.<\/p>\n<p>V. \u0160ink\u016bnien\u0117s teigimu, savivaldyb\u0117s pateiktame projekte numatyti du atskiri p\u0117s\u010di\u0173j\u0173 takai, priskiriami I grup\u0117s nesud\u0117tingiesiems statiniams. Projekte taip pat numatyti poli\u0173 ir rostverk\u0173 atramin\u0117s sistemos sprendiniai.<\/p>\n<p><img decoding=\"async\" width=\"720\" height=\"405\" loading=\"lazy\" src=\"https:\/\/www.europesays.com\/lt\/wp-content\/uploads\/2026\/09\/rato-vietos-statybos-2-6a70ca0e42444.jpg@webp.webp\" class=\"w-auto h-auto\" alt=\"rato vietos statybos-2\"\/><\/p>\n<p>Darbai Nemuno saloje vyksta net ir vakarais \/ Kas vyksta Kaune nuotr.<\/p>\n<p>\u201ePagal galiojant\u012f teisin\u012f reglamentavim\u0105 \u0161iems I grup\u0117s nesud\u0117tingiesiems statiniams statyb\u0105 leid\u017eiantis dokumentas neprivalomas\u201c, \u2013 tvirtina V. \u0160ink\u016bnien\u0117.<\/p>\n<p>Anot VTPSI, projektas taip pat suderintas su Kult\u016bros paveldo departamento Kauno teritoriniu skyriumi.<\/p>\n<p>Ta\u010diau tai tik i\u0161 dalies tiesa, nes su KPD buvo suderintas tik p\u0117s\u010di\u0173j\u0173 tako projektas, ap\u017evalgos rato statybos su KPD suderintos nebuvo.<\/p>\n<p>\u201eInformuojame, kad naujos informacijos be jau skelbtos neturime. Savivaldyb\u0117 nesikreip\u0117 d\u0117l ap\u017evalgos rato projekto suderinimo\u201c, \u2013 penktadien\u012f nurod\u0117 Kult\u016bros paveldo departamento Kauno teritorinio skyriaus vyriausioji specialist\u0117 Asta Naureckait\u0117.<\/p>\n<p>VTPSI pabr\u0117\u017eia, jog ateityje objektas gali b\u016bti vertinamas i\u0161 naujo.<\/p>\n<p>\u201e\u012evertinusi patikrinimo metu nustatyt\u0105 faktin\u0119 statini\u0173 b\u016bkl\u0119 ir pateikt\u0105 dokumentacij\u0105, VTPSI savo kompetencijos ribose pa\u017eeidim\u0173 nenustat\u0117.<\/p>\n<p>Svarbu pa\u017eym\u0117ti, kad \u0161is VTPSI vertinimas apima tik \u0161iuo metu objekte nustatyt\u0105 faktin\u0119 situacij\u0105 ir pateiktus projektinius sprendinius. Jeigu tolesniuose statybos etapuose b\u016bt\u0173 vykdomi darbai, kuriems pagal teis\u0117s aktus privalomas statyb\u0105 leid\u017eiantis dokumentas, tokie darbai be galiojan\u010dio statyb\u0105 leid\u017eian\u010dio dokumento negal\u0117t\u0173 b\u016bti vykdomi. Pasikeitus faktinei situacijai ar vykdom\u0173 darb\u0173 pob\u016bd\u017eiui, VTPSI objekt\u0105 vertint\u0173 i\u0161 naujo\u201c, \u2013 nurodoma portalui pateiktuose atsakymuose.<\/p>\n<p>Darbai vykdyti pagal neai\u0161ku koki\u0105 sutart\u012f ir neai\u0161ku u\u017e kiek pinig\u0173<\/p>\n<p>Liepos 28 d. Nemuno saloje buvo prad\u0117ti statyb\u0173 darbai \u2013 buvo gr\u0119\u017eiami apie 15 metr\u0173 gylio poliai ir liejamas betoninis pagrindas. Savivaldyb\u0117 ai\u0161kino, kad rengiami p\u0117s\u010di\u0173j\u0173 takai ir universali infrastrukt\u016bra \u012fvairiems atrakcionams. Vis d\u0117lto projektavimo dokumentuose buvo galima rasti tiesiogin\u0119 nuorod\u0105 \u012f \u201ep\u0117s\u010di\u0173j\u0173 tak\u0105 ap\u017evalgos ratui\u201c.<\/p>\n<p>Klausim\u0173 kilo ir d\u0117l technini\u0173 sprendini\u0173. Savivaldyb\u0117 teig\u0117, kad takai suprojektuoti atlaikyti 200 kN\/m\u00b2 apkrovas, ta\u010diau tokio reikalavimo vie\u0161ai paskelbtoje technin\u0117je u\u017eduotyje n\u0117ra. Be to, joje nenurodyta, kad takai b\u016bt\u0173 skirti konkre\u010diam atrakcionui.<\/p>\n<p>CVP IS duomenimis, \u201eKauno \u0161vara\u201c su \u201eAutokausta\u201c liepos 28 dien\u0105 pasira\u0161\u0117 17,3 t\u016bkst. Eur sutart\u012f d\u0117l tak\u0173 dangos \u012frengimo, ta\u010diau joje n\u0117ra poli\u0173 gr\u0119\u017eimo ir pamat\u0173 \u012frengimo darb\u0173. Tod\u0117l lieka klausim\u0173, pagal kokius dokumentus buvo atlikti \u0161ie darbai.<\/p>\n<p>Situacij\u0105 d\u0117l statyb\u0173 taip pat ai\u0161kinosi Valstybin\u0117 teritorij\u0173 planavimo ir statybos inspekcija. Statyb\u0105 leid\u017eiantis dokumentas nebuvo i\u0161duotas, ta\u010diau savivaldyb\u0117 teigia, kad jis nebuvo b\u016btinas, nes statomi nesud\u0117tingi I grup\u0117s statiniai.<\/p>\n<p>Rugpj\u016b\u010dio 11 d. administracijos direktorius Tadas Metelionis pasira\u0161\u0117 \u012fsakym\u0105, kuriuo patvirtinamas supaprastintas p\u0117s\u010di\u0173j\u0173 tak\u0173 projektas \u2013 projekte numatomi du statiniai po 60 ir 74 kv. m., taigi bendras plotas siekia 134 kv. m. Savivaldyb\u0117 projekt\u0105 \u012f du statinius veikiausiai i\u0161skaid\u0117 tod\u0117l, jog anks\u010diau Valstybin\u0117 teritorij\u0173 planavimo ir statybos inspekcija (VTPSI) yra paai\u0161kinusi, jog I grup\u0117s nesud\u0117tingiems statiniams statyb\u0173 leidimas n\u0117ra reikalingas, jei statyb\u0173 plotas siekia iki 100 kv. m.<\/p>\n<p>Klausim\u0173 d\u0117l objekto kilo ir architektams. Lietuvos architekt\u0173 s\u0105jungos Kauno skyriaus pirmininkas Nerijus Stanionis atkreip\u0117 d\u0117mes\u012f \u012f informacijos tr\u016bkum\u0105 ir tai, kad 45 metr\u0173 auk\u0161\u010dio objektas reik\u0161mingai keis miesto panoram\u0105. Tuo metu KPD nurod\u0117, kad prie\u0161 \u012frengiant rat\u0105 b\u016btina atlikti poveikio kult\u016bros paveldo vietovei analiz\u0119.<\/p>\n<p>Galiausiai, dar prie\u0161 oficialiai ai\u0161kiai paskelbiant rato viet\u0105, \u201eKaunas IN\u201c buvo u\u017esakiusi ir jam skirt\u0105 \u0161vie\u010dian\u010di\u0105 i\u0161kab\u0105. Tai rodo, kad pasiruo\u0161imas konkre\u010diam objektui Nemuno saloje vyko jau anks\u010diau.<\/p>\n<p>Paskutinius klausimus portalas \u201eKas vyksta Kaune\u201c Kauno miesto savivaldybei i\u0161siunt\u0117 rugpj\u016b\u010dio 12 d., \u012f juos atsakym\u0173 nesulaukta iki \u0161iol.<\/p>\n<p>Ap\u017evalgos ratas bus pastatytas ruden\u012f<\/p>\n<p>Kaip ra\u0161oma Kauno miesto savivaldyb\u0117s ry\u0161i\u0173 su visuomene skyriaus prane\u0161ime, Nemuno saloje jau \u0161\u012f ruden\u012f bus pastatytas 45 metr\u0173 auk\u0161\u010dio ap\u017evalgos ratas. I\u0161 kondicionuojam\u0173 ir \u0161ildom\u0173 gondol\u0173 atsivers vaizdingas kra\u0161tovaizdis \u2013 tiek \u012f centrin\u0119 miesto dal\u012f, tiek ir \u012f \u017dem\u0105j\u0105 Fred\u0105 bei Aleksoto ir \u017daliakalnio \u0161laitus.  Savivaldyb\u0117 prane\u0161ime teigia, jog ateityje naujasis mobilus \u012frenginys gal\u0117s b\u016bti perkeltas ir \u012f kitas vietas.<\/p>\n<p>Savivaldyb\u0117 taip pat nurodo, jog pana\u0161\u016bs ap\u017evalgos ratai veikia ir kituose UNESCO miestuose.<\/p>\n<p>\u201ePavyzd\u017eiui, Budape\u0161te \u012frengtas 65 metr\u0173 auk\u0161\u010dio objektas stovi UNESCO vertyb\u0117s teritorijoje, ta\u010diau d\u0117l to joki\u0173 prie\u0161taravim\u0173 i\u0161 paties UNESCO nesulaukta.<\/p>\n<p>Analogi\u0161kos situacijos fiksuojamos Vienoje, Bate (Did\u017eioji Britanija) ir Taline \u2013 \u010dia taip pat laikoma, kad ap\u017evalgos ratai nedaro neigiamos \u012ftakos kra\u0161tovaizd\u017eiui, o kaip tik padeda ap\u017evelgti \u0161alia esan\u010dias ir teritorijas, pastatus, miest\u0173 i\u0161planavimus.<\/p>\n<p>Ap\u017evalgos ratui Kaune parinkta vieta Nemuno saloje n\u0117ra UNESCO pasaulio vertyb\u0117s teritorijoje, ta\u010diau sudarys galimyb\u0119 j\u0105 patogiai ap\u017evelgti i\u0161 pauk\u0161\u010dio skryd\u017eio\u201c, \u2013 ra\u0161oma prane\u0161ime spaudai.<\/p>\n<p>Teigia, kad bok\u0161tas pagamintas grei\u010diau, reik\u0117jo skubiai spr\u0119sti vietos klausim\u0105<\/p>\n<p>Ap\u017evalgos ratas \u2013 mobilus surenkamas \u012frenginys. Kiek anks\u010diau priva\u010di\u0173 iniciatyv\u0173 d\u0117ka toks stov\u0117jo ant vadinamojo Milikoni\u0173 kalno, taip pat Aleksote, Vytauto parke.<\/p>\n<p>Pakilus \u012f 45 metr\u0173 auk\u0161t\u012f i\u0161 Nemuno salos atsiveria vaizdinga panorama \u2013 Senamiestis, Naujamiestis, taip pat ir besikei\u010diantis kairysis Nemuno krantas, kur kyla M. K. \u010ciurlionio koncert\u0173 centras, vystosi nauji kvartalai.<\/p>\n<p>\u201eTai yra mobilus \u012frenginys, netvirtinamas prie \u017eem\u0117s. Tai \u2013 s\u0105moningas pasirinkimas, kad mieste besikuriant \u012fvairioms traukos vietoms, \u0161is ratas gal\u0117t\u0173 b\u016bti adaptuotas kitur. Viena toki\u0173 opcij\u0173 \u2013 Dariaus ir Gir\u0117no stadiono prieigos. Ta\u010diau tam, kad jis ten atsidurt\u0173, reikalingi nuolatiniai \u017emoni\u0173 srautai.<\/p>\n<p><img decoding=\"async\" width=\"720\" height=\"405\" loading=\"lazy\" src=\"https:\/\/www.europesays.com\/lt\/wp-content\/uploads\/2026\/09\/1788249837_253_vizualizacija-6a9577e7ef489.jpg@webp.webp\" class=\"w-auto h-auto\" alt=\"Nemuno saloje statomas ap\u017evalgos ratas \/ Kauno miesto savivaldyb\u0117s vizualizacija\"\/><\/p>\n<p>Gamintojas informavo, kad rat\u0105 pagamino grei\u010diau nei planuota. D\u0117l \u0161ios prie\u017easties reik\u0117jo pakankamai greitai spr\u0119sti vietos klausim\u0105. Didel\u0119 patirt\u012f sukaup\u0119 gamintojai kaip geriausi\u0105 lokacij\u0105 \u0161iai dienai nurod\u0117 Nemuno sal\u0105. Tiek remiantis m\u016bs\u0173 patirtimi, tiek ir po konsultacij\u0173 su kitais operatoriais prieita i\u0161vados, kad tokie objektai turi stov\u0117ti srautingose p\u0117s\u010di\u0173j\u0173 vietose. \u017dmogus nekeliaus didelio atstumo tik d\u0117l pasisukimo ratu. Milikoni\u0173 ap\u017evalgos aik\u0161tel\u0117je stov\u0117j\u0119s ratas buvo puikus to pavyzdys\u201c, \u2013 tikina \u201eKaunas IN\u201c direktorius Tadas Stankevi\u010dius.<\/p>\n","protected":false},"excerpt":{"rendered":"Kauno miesto savivaldybei pirmadienio popiet\u0119 pagaliau prane\u0161us, jog Nemuno saloje i\u0161ties statomas ap\u017evalgos ratas, i\u0161 karto po to&hellip;\n","protected":false},"author":2,"featured_media":266140,"comment_status":"","ping_status":"","sticky":false,"template":"","format":"standard","meta":{"footnotes":"","_share_on_mastodon":"0"},"categories":[6],"tags":[25,26160,30,31,34,35,24,1061,4094,32,33,37,39,36,38,40,23,8070,22,28,29,19966,2822,26,27,17665],"class_list":["post-266139","post","type-post","status-publish","format-standard","has-post-thumbnail","category-antrastes","tag-antrastes","tag-apzvalgos-ratas","tag-breaking-news","tag-breakingnews","tag-featured-news","tag-featurednews","tag-headlines","tag-kaunas","tag-kauno-miesto-savivaldybe","tag-latest-news","tag-latestnews","tag-lietuva","tag-lietuviu","tag-lithuania","tag-lithuanian","tag-lt","tag-naujienos","tag-nemuno-sala","tag-news","tag-populiariausios-naujienos","tag-populiariausiosnaujienos","tag-rekomenduojame","tag-statybos","tag-top-stories","tag-topstories","tag-valstybine-teritoriju-planavimo-ir-statybos-inspekcija"],"share_on_mastodon":{"url":"","error":"Validation failed: Text character limit of 500 exceeded"},"_links":{"self":[{"href":"https:\/\/www.europesays.com\/lt\/wp-json\/wp\/v2\/posts\/266139","targetHints":{"allow":["GET"]}}],"collection":[{"href":"https:\/\/www.europesays.com\/lt\/wp-json\/wp\/v2\/posts"}],"about":[{"href":"https:\/\/www.europesays.com\/lt\/wp-json\/wp\/v2\/types\/post"}],"author":[{"embeddable":true,"href":"https:\/\/www.europesays.com\/lt\/wp-json\/wp\/v2\/users\/2"}],"replies":[{"embeddable":true,"href":"https:\/\/www.europesays.com\/lt\/wp-json\/wp\/v2\/comments?post=266139"}],"version-history":[{"count":0,"href":"https:\/\/www.europesays.com\/lt\/wp-json\/wp\/v2\/posts\/266139\/revisions"}],"wp:featuredmedia":[{"embeddable":true,"href":"https:\/\/www.europesays.com\/lt\/wp-json\/wp\/v2\/media\/266140"}],"wp:attachment":[{"href":"https:\/\/www.europesays.com\/lt\/wp-json\/wp\/v2\/media?parent=266139"}],"wp:term":[{"taxonomy":"category","embeddable":true,"href":"https:\/\/www.europesays.com\/lt\/wp-json\/wp\/v2\/categories?post=266139"},{"taxonomy":"post_tag","embeddable":true,"href":"https:\/\/www.europesays.com\/lt\/wp-json\/wp\/v2\/tags?post=266139"}],"curies":[{"name":"wp","href":"https:\/\/api.w.org\/{rel}","templated":true}]}}