{"id":266155,"date":"2026-09-01T08:38:42","date_gmt":"2026-09-01T08:38:42","guid":{"rendered":"https:\/\/www.europesays.com\/lt\/266155\/"},"modified":"2026-09-01T08:38:42","modified_gmt":"2026-09-01T08:38:42","slug":"stano-pasidalijo-vaizdais-is-povestuvines-keliones-klausem-jessicos-shy-koncerto-kauno-diena-lt","status":"publish","type":"post","link":"https:\/\/www.europesays.com\/lt\/266155\/","title":{"rendered":"Stano pasidalijo vaizdais i\u0161 povestuvin\u0117s kelion\u0117s: klaus\u0117m Jessicos Shy koncerto &#8211; kauno.diena.lt"},"content":{"rendered":"<ol>\n<li><a href=\"https:\/\/news.google.com\/rss\/articles\/CBMi-gFBVV95cUxPN2Jrdm51N2NhUEoyTkJSbGJjUkRKckNlVkpkZzNVWTYxOXJjN1ltNXVUTzFFellVbUhMUVZSN2lxbFVyLTFlc0hra3V5V0hMTFJGX195WkkxUUNOblBBZ2U2ZGQ1V2NnSkRxODFDVGUwNVhSbGlOdDJPWXZWSmJFdDAyMlY2a2hXZXVMZWVKOEZ2S1F2ZWZ3RWxMcjFpZW1USEZYLXlxc3VKWXd3R1VOZGxTTGNwQU1DaTJMUGN4bXZQR1hkVm1rMUt1SnJjRzQ0aHl1NnBtQXkzNnVUTnJrMTJJZE9UWEowMHJ4cXRNaUQ0V0hveU9IcUxB?oc=5\" target=\"_blank\" rel=\"nofollow noopener\">Stano pasidalijo vaizdais i\u0161 povestuvin\u0117s kelion\u0117s: klaus\u0117m Jessicos Shy koncerto<\/a>&nbsp;&nbsp;kauno.diena.lt<\/li>\n<li><a href=\"https:\/\/news.google.com\/rss\/articles\/CBMizwFBVV95cUxOS2ZQQTQxWld0dDNDNDJfWWdDMTBOdkNXeTRDbmNzTnpMSS14bWNoMWl2VUU1bmJVaFU1eDZ0SXpZaWpXS2lIYkJCdzA5a21PUmJYYnFLYXhMSjZ0VDlQQS1ra2QtTDJRbDFNUlZXRmhDNElwa1dWdFA5bHE0cFNVcE5xZFh2VEFnT2JNejFEVGFBTC1wUXlPRzFhenZreFNZX2kwWFJtNUVjSXVZbnNfa20zOG92c0ZWN25qdjBiNlE3YWwxR2ppcGlqRmRkWDg?oc=5\" target=\"_blank\" rel=\"nofollow noopener\">Medaus m\u0117nesiui \u012f Bal\u012f i\u0161vyk\u0119s Stano atskleid\u0117, k\u0105 i\u0161girdo i\u0161 vietini\u0173: \u201eVisi, k\u0105 sutikom, sako&#8230;\u201c<\/a>&nbsp;&nbsp;tv3.lt<\/li>\n<li><a href=\"https:\/\/news.google.com\/rss\/articles\/CBMi2wFBVV95cUxOZUxTRXgybG9sTlBPbU8yVll1bTZFakZWZDNGX1pHM3g3RzdYSUxadF9SSjBPSEtSaVV2eHlJX1VRYWZyeWtjUlVwSkdMZWJkUjZxbGs0R3B4NGpDTzczZF9NTnQ1Y0RGVDZ5R1RxTEIzS0gySHZ0RWRKOVh6WDF4MC1UcXR2ejdWWXFiMzNkUDVSS1VrdmliTVM4cjhadm1MbS15b3FUbTBTY2o0YnRaVlVBSndRc3lzNTlwSFRIZ1htd3VfeWc1ZHFMRHJocW5tdS1aazBMaXMwdE0?oc=5\" target=\"_blank\" rel=\"nofollow noopener\">Stano ir jo mylimosios Beatos meil\u0117s istorijoje \u2013 naujas etapas: \u201eJau\u010diam\u0117s pakyl\u0117ti\u201c<\/a>&nbsp;&nbsp;Lrytas<\/li>\n<li><a href=\"https:\/\/news.google.com\/rss\/articles\/CBMizwFBVV95cUxOdWE5YWJoLVRpdjc0SjNoQzlONFhRR2pWeXVGU3NiSm4tb3N0MHozQmZBbWtza2RGcjFxZEQ4Rzc1WE9HV1NPRkI1T3doSHVEdGxyajZaV1RRdXBpMElrUWFrbWVJQ2x1b2haWFhxdlFTcFRDZEhHdEdEMjRodWpqaDFHYWM3TmJFMG1sOF9xYlNIUUgzNHBCcUhQWlFaUHhydm1oLWFSblROTEpXV2dDRFVvQkR6aTJQSFhCWWViS2JjTVowNHZZM09wMHk1ZW8?oc=5\" target=\"_blank\" rel=\"nofollow noopener\">Stano apie pa\u017eint\u012f su \u017emona Beata: kai esi labiausiai pa\u017eeid\u017eiamas, tada esi tikras<\/a>&nbsp;&nbsp;LRT<\/li>\n<li><a href=\"https:\/\/news.google.com\/rss\/articles\/CBMivgFBVV95cUxNUnU5X2YyS1N0VVdFZ0JxTFdVOS1Jdk9hc0J4dTV0eFpJSFZGemlUdjRaLWVHU0JIeW9jdmZnUm80M1J2UGJDazhxeTJEdlVIVnZLeWs5VzN1RzN6ZGZwUkdYV1c3cUtwajlweFpZS1BxbXhCVVFXNmppei16ZktoajBOZTNuNUxxZm1ETHdVU3FTS0hkTVQwWlgySWdaRml4WF9LWkpEMFdBTUdaenlTd3pPQktTM2ktVU9Cb2V3?oc=5\" target=\"_blank\" rel=\"nofollow noopener\">Dramati\u0161ki gelb\u0117jimo operacijos vaizdai \u2013 pelk\u0117je rastas \u012fklimp\u0119s vyras<\/a>&nbsp;&nbsp;Delfi<\/li>\n<\/ol>\n","protected":false},"excerpt":{"rendered":"Stano pasidalijo vaizdais i\u0161 povestuvin\u0117s kelion\u0117s: klaus\u0117m Jessicos Shy koncerto&nbsp;&nbsp;kauno.diena.lt Medaus m\u0117nesiui \u012f Bal\u012f i\u0161vyk\u0119s Stano atskleid\u0117, k\u0105&hellip;\n","protected":false},"author":2,"featured_media":266156,"comment_status":"","ping_status":"","sticky":false,"template":"","format":"standard","meta":{"footnotes":"","_share_on_mastodon":"0"},"categories":[21],"tags":[113,37,39,36,38,40,114],"class_list":["post-266155","post","type-post","status-publish","format-standard","has-post-thumbnail","category-pramogos","tag-entertainment","tag-lietuva","tag-lietuviu","tag-lithuania","tag-lithuanian","tag-lt","tag-pramogos"],"share_on_mastodon":{"url":"https:\/\/pubeurope.com\/@lt\/117194883316124406","error":""},"_links":{"self":[{"href":"https:\/\/www.europesays.com\/lt\/wp-json\/wp\/v2\/posts\/266155","targetHints":{"allow":["GET"]}}],"collection":[{"href":"https:\/\/www.europesays.com\/lt\/wp-json\/wp\/v2\/posts"}],"about":[{"href":"https:\/\/www.europesays.com\/lt\/wp-json\/wp\/v2\/types\/post"}],"author":[{"embeddable":true,"href":"https:\/\/www.europesays.com\/lt\/wp-json\/wp\/v2\/users\/2"}],"replies":[{"embeddable":true,"href":"https:\/\/www.europesays.com\/lt\/wp-json\/wp\/v2\/comments?post=266155"}],"version-history":[{"count":0,"href":"https:\/\/www.europesays.com\/lt\/wp-json\/wp\/v2\/posts\/266155\/revisions"}],"wp:featuredmedia":[{"embeddable":true,"href":"https:\/\/www.europesays.com\/lt\/wp-json\/wp\/v2\/media\/266156"}],"wp:attachment":[{"href":"https:\/\/www.europesays.com\/lt\/wp-json\/wp\/v2\/media?parent=266155"}],"wp:term":[{"taxonomy":"category","embeddable":true,"href":"https:\/\/www.europesays.com\/lt\/wp-json\/wp\/v2\/categories?post=266155"},{"taxonomy":"post_tag","embeddable":true,"href":"https:\/\/www.europesays.com\/lt\/wp-json\/wp\/v2\/tags?post=266155"}],"curies":[{"name":"wp","href":"https:\/\/api.w.org\/{rel}","templated":true}]}}