{"id":266193,"date":"2026-09-01T09:11:17","date_gmt":"2026-09-01T09:11:17","guid":{"rendered":"https:\/\/www.europesays.com\/lt\/266193\/"},"modified":"2026-09-01T09:11:17","modified_gmt":"2026-09-01T09:11:17","slug":"po-gandu-apie-trecia-nestuma-pagaliau-prabilo-garsi-moteris","status":"publish","type":"post","link":"https:\/\/www.europesays.com\/lt\/266193\/","title":{"rendered":"Po gand\u0173 apie tre\u010di\u0105 n\u0117\u0161tum\u0105 \u2013 pagaliau prabilo garsi moteris"},"content":{"rendered":"\n<p style=\"text-align:justify\">K. Jenner su buvusiu mylimuoju, reperiu Travisu Scottu, augina du vaikus \u2013 dukr\u0105 Stormi ir s\u016bn\u0173 Aire.<\/p>\n<p> Apie tre\u010di\u0105 vaik\u0105 jau yra kalb\u0117jusi <\/p>\n<p style=\"text-align:justify\">Kalbos apie galim\u0105 tre\u010di\u0105 n\u0117\u0161tum\u0105 internete \u0117m\u0117 plisti pastaruoju metu. Apie jas \u017evaig\u017ed\u0117 prabilo pokalbyje, pripa\u017einusi, kad toki\u0173 spekuliacij\u0173 yra ma\u010diusi, ra\u0161o \u201ePage Six\u201c.<\/p>\n<p style=\"text-align:justify\">\u201eMa\u010diau kai kuriuos dalykus\u201c, \u2013 sak\u0117 ji.<\/p>\n<p style=\"text-align:justify\">Vis d\u0117lto K. Jenner teig\u0117 neketinanti vie\u0161ai reaguoti \u012f kiekvien\u0105 apie j\u0105 pasklidus\u012f gand\u0105.<\/p>\n<p style=\"text-align:justify\">\u201eA\u0161 tiesiog nejau\u010diu poreikio apskritai k\u0105 nors sakyti. Galvoju: teb\u016bnie, kas bus, tas bus. Negaliu kalb\u0117ti ar komentuoti visko, tod\u0117l tiesiog juokiuosi i\u0161 to ir prisidedu prie \u0161io vakar\u0117lio\u201c, \u2013 sak\u0117 moteris.<\/p>\n<p style=\"text-align:justify\">Ji taip pat u\u017esimin\u0117, kad tokie gandai anks\u010diau ar v\u0117liau savaime i\u0161sisklaido.<\/p>\n<p style=\"text-align:justify\">\u201eB\u016bsiu kur nors su bikiniu arba tiesiog i\u0161eisiu \u012f vie\u0161um\u0105, ir gandai bus paneigti\u201c, \u2013 teig\u0117 \u017evaig\u017ed\u0117.<\/p>\n<p>  Instagram)&#8221; class=&#8221;articlePhoto&#8221;&gt;   <a href=\"https:\/\/www.tv3.lt\/Uploads\/UGallery\/photos\/3d\/1e\/bc\/4b\/3d1ebc4ba9ec02c652d01abb760525a1.jpg\" data-fancybox=\"photos-embed\" data-caption=\"Kylie Jenner (nuotr. Instagram)\" target=\"_self\" rel=\"nofollow noopener\"> <img decoding=\"async\" class=\"photo-inside-article\" align=\"center\" alt=\"Kylie Jenner (nuotr. Instagram)\" title=\"Kylie Jenner (nuotr. Instagram)\" src=\"https:\/\/www.europesays.com\/lt\/wp-content\/uploads\/2026\/09\/3d1ebc4ba9ec02c652d01abb760525a1.jpg\" width=\"684\" height=\"654\" loading=\"lazy\" \/> <\/a>       <\/p>\n<p style=\"text-align:justify\">K. Jenner \u0161iuo metu palaiko santykius su aktoriumi Timoth\u00e9e Chalametu. Pora pirm\u0105 kart\u0105 buvo susieta 2023 metais.<\/p>\n<p style=\"text-align:justify\">Vos prie\u0161 kelias dienas moteris savo sesers Khlo\u00e9 Kardashian naujame Hulu realyb\u0117s \u0161ou \u201eThe Girls\u201c taip pat kalb\u0117jo apie galimyb\u0119 ateityje susilaukti dar vieno vaiko.<\/p>\n<p style=\"text-align:justify\">Pokalbio metu jos buvo paklausta, ar svarstyt\u0173 galimyb\u0119 pasinaudoti surogatin\u0117s motinos paslaugomis. K. Jenner atsak\u0117 esanti \u201e99,9 proc. \u012fsitikinusi\u201c, kad tokio pasirinkimo nesvarstyt\u0173.<\/p>\n<p style=\"text-align:justify\">Ji taip pat paai\u0161kino nematanti prie\u017easties rinktis surogacij\u0105, nes abu jos vaikai gim\u0117 sveiki.<\/p>\n<p>\n                                        \u0160altinis:<br \/>\n                                                                                    tv3.lt\n                                                                                <\/p>\n<p>Kvie\u010diame atrasti nauj\u0105 tv3.lt turin\u012f! Nuo \u0161iol portale j\u016bs\u0173 laukia ne tik <a href=\"https:\/\/www.tv3.lt\/testai\" rel=\"nofollow noopener\" target=\"_blank\">kasdien nauji testai<\/a>, bet ir <a href=\"https:\/\/www.tv3.lt\/kryziazodziai\" rel=\"nofollow noopener\" target=\"_blank\">kry\u017eia\u017eod\u017eiai <\/a>\u2013 i\u0161bandykite savo \u017einias, spr\u0119skite ir smagiai praleiskite laik\u0105. <\/p>\n","protected":false},"excerpt":{"rendered":"K. Jenner su buvusiu mylimuoju, reperiu Travisu Scottu, augina du vaikus \u2013 dukr\u0105 Stormi ir s\u016bn\u0173 Aire. Apie&hellip;\n","protected":false},"author":2,"featured_media":266194,"comment_status":"","ping_status":"","sticky":false,"template":"","format":"standard","meta":{"footnotes":"","_share_on_mastodon":"0"},"categories":[21],"tags":[38599,57,43,113,55,48,54,51,49,50,37,39,36,38,40,45,23,44,114,53,42,56,47,41,46,58,52],"class_list":["post-266193","post","type-post","status-publish","format-standard","has-post-thumbnail","category-pramogos","tag-2026-08-31-155500","tag-daiktai","tag-dienos-kronika","tag-entertainment","tag-gatves-tekstai","tag-gyvenimas","tag-interneto-pievos","tag-keliones","tag-kultura","tag-laisvalaikis","tag-lietuva","tag-lietuviu","tag-lithuania","tag-lithuanian","tag-lt","tag-mokslas-ir-it","tag-naujienos","tag-pasaulis","tag-pramogos","tag-projektai","tag-rinktiniai-tekstai","tag-simtmecio-portalas","tag-sportas","tag-tv3-lt","tag-verslas","tag-video","tag-zaidimai"],"share_on_mastodon":{"url":"https:\/\/pubeurope.com\/@lt\/117195013689673279","error":""},"_links":{"self":[{"href":"https:\/\/www.europesays.com\/lt\/wp-json\/wp\/v2\/posts\/266193","targetHints":{"allow":["GET"]}}],"collection":[{"href":"https:\/\/www.europesays.com\/lt\/wp-json\/wp\/v2\/posts"}],"about":[{"href":"https:\/\/www.europesays.com\/lt\/wp-json\/wp\/v2\/types\/post"}],"author":[{"embeddable":true,"href":"https:\/\/www.europesays.com\/lt\/wp-json\/wp\/v2\/users\/2"}],"replies":[{"embeddable":true,"href":"https:\/\/www.europesays.com\/lt\/wp-json\/wp\/v2\/comments?post=266193"}],"version-history":[{"count":0,"href":"https:\/\/www.europesays.com\/lt\/wp-json\/wp\/v2\/posts\/266193\/revisions"}],"wp:featuredmedia":[{"embeddable":true,"href":"https:\/\/www.europesays.com\/lt\/wp-json\/wp\/v2\/media\/266194"}],"wp:attachment":[{"href":"https:\/\/www.europesays.com\/lt\/wp-json\/wp\/v2\/media?parent=266193"}],"wp:term":[{"taxonomy":"category","embeddable":true,"href":"https:\/\/www.europesays.com\/lt\/wp-json\/wp\/v2\/categories?post=266193"},{"taxonomy":"post_tag","embeddable":true,"href":"https:\/\/www.europesays.com\/lt\/wp-json\/wp\/v2\/tags?post=266193"}],"curies":[{"name":"wp","href":"https:\/\/api.w.org\/{rel}","templated":true}]}}