{"id":266231,"date":"2026-09-01T09:45:48","date_gmt":"2026-09-01T09:45:48","guid":{"rendered":"https:\/\/www.europesays.com\/lt\/266231\/"},"modified":"2026-09-01T09:45:48","modified_gmt":"2026-09-01T09:45:48","slug":"rusai-giriasi-su-35s-pristatymu-jie-slepia-svarbiausia-informacija-karyba-www-technologijos-lt","status":"publish","type":"post","link":"https:\/\/www.europesays.com\/lt\/266231\/","title":{"rendered":"Rusai giriasi Su-35S pristatymu. Jie slepia svarbiausi\u0105 informacij\u0105 :: Karyba :: www.technologijos.lt"},"content":{"rendered":"<p>Jungtin\u0117 aviacijos korporacija (UAC) perdav\u0117 Rusijos Federacijos oro ir kosmoso paj\u0117goms nauj\u0105 naikintuv\u0173 Su-35S partij\u0105. Ukrainos \u017einiasklaida atkreipia d\u0117mes\u012f \u012f aspekt\u0105, kur\u012f kruop\u0161\u010diai slepia Kremliaus propaganda. <\/p>\n<p>\u201eUAC kariuomenei pristat\u0117 Su-35S partij\u0105. 4++ kartos l\u0117ktuvai pra\u0117jo vis\u0105 gamyklini\u0173 bandym\u0173 cikl\u0105, o Rusijos gynybos ministerijos pilotai juos tikrino \u012fvairiais darbo re\u017eimais\u201c, \u2013 oficialiame prane\u0161ime teigia UAC.<\/p>\n<p>Ukrainie\u010diai atkreipia d\u0117mes\u012f \u012f rus\u0173 slepiam\u0105 informacij\u0105<\/p>\n<p>Kaip pastebi, be kita ko, portalas \u201eMilitarnyj\u201c, i\u0161 rus\u0173 pateiktos med\u017eiagos nesu\u017einome, kiek vienet\u0173 ap\u0117m\u0117 aptariamas pristatymas. Ukrainie\u010di\u0173 portalas daro prielaid\u0105, kad grei\u010diausiai tai buvo du naikintuvai Su-35S. Ne\u017einoma lieka ir baz\u0117, \u012f kuri\u0105 jie buvo i\u0161si\u0173sti.<\/p>\n<p>Tai jau ne pirmas kartas, kai rusai prane\u0161a apie nauj\u0105 naikintuv\u0173 partij\u0105 ir kartu nenurodo j\u0173 skai\u010diaus. Ta\u010diau \u017einoma, kad kalbant apie Su-35S, tai yra tre\u010diasis pristatymas Rusijos Federacijos oro ir kosmoso paj\u0117goms \u0161iais metais.<\/p>\n<p>4++ kartos naikintuvas<\/p>\n<p>Vienvietis, dviej\u0173 varikli\u0173 ir kartu beveik 19 ton\u0173 sveriantis Su-35S yra i\u0161 esm\u0117s modernizuota Su-27 versija. Rusai \u0161i\u0105 konstrukcij\u0105 klasifikuoja kaip 4++ kartos naikintuv\u0105.<\/p>\n<p>\u00a0<\/p>\n<p>Prakti\u0161kai tai yra vienas moderniausi\u0173 ir jiems svarbiausi\u0173 kovini\u0173 l\u0117ktuv\u0173, ypa\u010d atsi\u017evelgiant \u012f problemas, susijusias su savalaikiu didesnio skai\u010diaus naujesni\u0173 naikintuv\u0173 Su-57 \u012fvedimu \u012f tarnyb\u0105.<\/p>\n<p>\u201eOro ir \u017eem\u0117s taikiniams naikinti l\u0117ktuvas naudoja raketas R-77, R-73 ir Ch-31, valdomas aviacines bombas bei 30 mm kalibro automatin\u0119 patrank\u0105 G\u0160-30-1. Pagrindinis borto elektronin\u0117s \u012frangos elementas yra radiolokacin\u0117 stotis su pasyvine fazine antena \u201eIrbis-E\u201c, galinti aptikti objektus dideliais atstumais\u201c, \u2013 vardija \u201eMilitarnyj\u201c.<\/p>\n","protected":false},"excerpt":{"rendered":"Jungtin\u0117 aviacijos korporacija (UAC) perdav\u0117 Rusijos Federacijos oro ir kosmoso paj\u0117goms nauj\u0105 naikintuv\u0173 Su-35S partij\u0105. Ukrainos \u017einiasklaida atkreipia&hellip;\n","protected":false},"author":2,"featured_media":266232,"comment_status":"","ping_status":"","sticky":false,"template":"","format":"standard","meta":{"footnotes":"","_share_on_mastodon":"0"},"categories":[17],"tags":[81,121,35947,16339,35949,24721,37,39,36,38,40,24722,35803,36575,30434,46,35948],"class_list":["post-266231","post","type-post","status-publish","format-standard","has-post-thumbnail","category-verslas","tag-business","tag-karas-ukrainoje","tag-karine-aviacija","tag-karyba","tag-ketvirtosios-kartos-naikintuvai","tag-konfliktines-situacijos","tag-lietuva","tag-lietuviu","tag-lithuania","tag-lithuanian","tag-lt","tag-nuolat-pildoma","tag-rusijos-ginkluotes-tendencijos","tag-su-35","tag-valstybiu-karinis-potencialas","tag-verslas","tag-virsgarsiniai-naikintuvai"],"share_on_mastodon":{"url":"https:\/\/pubeurope.com\/@lt\/117195150627453197","error":""},"_links":{"self":[{"href":"https:\/\/www.europesays.com\/lt\/wp-json\/wp\/v2\/posts\/266231","targetHints":{"allow":["GET"]}}],"collection":[{"href":"https:\/\/www.europesays.com\/lt\/wp-json\/wp\/v2\/posts"}],"about":[{"href":"https:\/\/www.europesays.com\/lt\/wp-json\/wp\/v2\/types\/post"}],"author":[{"embeddable":true,"href":"https:\/\/www.europesays.com\/lt\/wp-json\/wp\/v2\/users\/2"}],"replies":[{"embeddable":true,"href":"https:\/\/www.europesays.com\/lt\/wp-json\/wp\/v2\/comments?post=266231"}],"version-history":[{"count":0,"href":"https:\/\/www.europesays.com\/lt\/wp-json\/wp\/v2\/posts\/266231\/revisions"}],"wp:featuredmedia":[{"embeddable":true,"href":"https:\/\/www.europesays.com\/lt\/wp-json\/wp\/v2\/media\/266232"}],"wp:attachment":[{"href":"https:\/\/www.europesays.com\/lt\/wp-json\/wp\/v2\/media?parent=266231"}],"wp:term":[{"taxonomy":"category","embeddable":true,"href":"https:\/\/www.europesays.com\/lt\/wp-json\/wp\/v2\/categories?post=266231"},{"taxonomy":"post_tag","embeddable":true,"href":"https:\/\/www.europesays.com\/lt\/wp-json\/wp\/v2\/tags?post=266231"}],"curies":[{"name":"wp","href":"https:\/\/api.w.org\/{rel}","templated":true}]}}