{"id":266239,"date":"2026-09-01T09:54:12","date_gmt":"2026-09-01T09:54:12","guid":{"rendered":"https:\/\/www.europesays.com\/lt\/266239\/"},"modified":"2026-09-01T09:54:12","modified_gmt":"2026-09-01T09:54:12","slug":"jessica-shy-atskleide-kas-slypejo-uz-koncertu-vingio-parke-paviesino-sarasa","status":"publish","type":"post","link":"https:\/\/www.europesays.com\/lt\/266239\/","title":{"rendered":"Jessica Shy atskleid\u0117, kas slyp\u0117jo u\u017e koncert\u0173 Vingio parke: pavie\u0161ino s\u0105ra\u0161\u0105"},"content":{"rendered":"<p>Savo \u201eInstagram\u201c paskyroje Jessica Shy nesl\u0117p\u0117 d\u0117kingumo ne tik gerb\u0117jams, bet ir savo komandos nariams, kuri\u0173 buvo gerokai daugiau nei 100.<\/p>\n<p>\u201e\u0160imtai \u017emoni\u0173, prisid\u0117jusi\u0173 prie Vingio parko koncert\u0173. I\u0161tisi m\u0117nesiai praleisti kartu, dirbant vardan vieno tikslo. A\u010di\u016b kiekvienam i\u0161 j\u016bs\u0173. KOMANDA!!!\u201c \u2013 ra\u0161\u0117 Jessica Shy.<\/p>\n<p>\u012era\u0161e atlik\u0117ja pamin\u0117jo daugyb\u0119 prie jos koncert\u0173 prisid\u0117jusi\u0173 \u017emoni\u0173 \u2013 nuo re\u017eisieri\u0173 ir stilist\u0173 iki \u0161ok\u0117j\u0173 bei garso specialist\u0173.<\/p>\n<p>Tokia didel\u0117 vienos atlik\u0117jos komanda \u2013 retas atvejis Lietuvos muzikos padang\u0117je. Ta\u010diau b\u016btent stiprus pasiruo\u0161imas ir dar nematyto lygio organizuotumas atlik\u0117jos koncertus pavert\u0117 istoriniais.<\/p>\n<p>Primename, kad Jessica Shy Vingio parke sureng\u0117 du i\u0161 eil\u0117s visi\u0161kai i\u0161parduotus koncertus. Per abu vakarus jos pasirodymus i\u0161vydo daugiau nei 100 t\u016bkst. \u017emoni\u0173.<\/p>\n<p>Prie\u0161 pagrindin\u012f vakaro pasirodym\u0105 publik\u0105 ap\u0161ild\u0117 Aist\u0117 Regina ir grup\u0117 \u201eLemon Joy\u201c. Po j\u0173 scenoje pasirod\u017eiusi\u0105 vakaro \u017evaig\u017ed\u0119 gerb\u0117jai pasitiko garsiais \u0161\u016bksniais ir plojimais.<\/p>\n<p>Susirinkusieji kartu su atlik\u0117ja i\u0161 visos \u0161irdies dainavo populiariausius jos k\u016brinius, energingai \u0161oko ir telefonais fiksavo \u012fsp\u016bdingiausias vakaro akimirkas.<\/p>\n<p>Ak\u012f trauk\u0117 specialiai \u0161iems koncertams pastatyta did\u017eiul\u0117 scena, \u0161vies\u0173 efektai, fejerverkai ir kruop\u0161\u010diai apgalvota \u0161ou programa.<\/p>\n<p>\u0160ie koncertai tapo reik\u0161mingu \u012fvykiu ne tik pa\u010dios atlik\u0117jos karjeroje, bet ir sostin\u0117s muzikiniame gyvenime. Vingio parke per daugel\u012f met\u0173 yra pasirod\u017eiusios did\u017eiausios Lietuvos ir pasaulio \u017evaig\u017ed\u0117s, ta\u010diau du i\u0161 eil\u0117s visi\u0161kai i\u0161parduoti tokio masto vienos atlik\u0117jos koncertai \u2013 istorinis \u012fvykis.<\/p>\n","protected":false},"excerpt":{"rendered":"Savo \u201eInstagram\u201c paskyroje Jessica Shy nesl\u0117p\u0117 d\u0117kingumo ne tik gerb\u0117jams, bet ir savo komandos nariams, kuri\u0173 buvo gerokai&hellip;\n","protected":false},"author":2,"featured_media":266240,"comment_status":"","ping_status":"","sticky":false,"template":"","format":"standard","meta":{"footnotes":"","_share_on_mastodon":"0"},"categories":[21],"tags":[113,37,39,36,38,40,114],"class_list":["post-266239","post","type-post","status-publish","format-standard","has-post-thumbnail","category-pramogos","tag-entertainment","tag-lietuva","tag-lietuviu","tag-lithuania","tag-lithuanian","tag-lt","tag-pramogos"],"share_on_mastodon":{"url":"https:\/\/pubeurope.com\/@lt\/117195182437701380","error":""},"_links":{"self":[{"href":"https:\/\/www.europesays.com\/lt\/wp-json\/wp\/v2\/posts\/266239","targetHints":{"allow":["GET"]}}],"collection":[{"href":"https:\/\/www.europesays.com\/lt\/wp-json\/wp\/v2\/posts"}],"about":[{"href":"https:\/\/www.europesays.com\/lt\/wp-json\/wp\/v2\/types\/post"}],"author":[{"embeddable":true,"href":"https:\/\/www.europesays.com\/lt\/wp-json\/wp\/v2\/users\/2"}],"replies":[{"embeddable":true,"href":"https:\/\/www.europesays.com\/lt\/wp-json\/wp\/v2\/comments?post=266239"}],"version-history":[{"count":0,"href":"https:\/\/www.europesays.com\/lt\/wp-json\/wp\/v2\/posts\/266239\/revisions"}],"wp:featuredmedia":[{"embeddable":true,"href":"https:\/\/www.europesays.com\/lt\/wp-json\/wp\/v2\/media\/266240"}],"wp:attachment":[{"href":"https:\/\/www.europesays.com\/lt\/wp-json\/wp\/v2\/media?parent=266239"}],"wp:term":[{"taxonomy":"category","embeddable":true,"href":"https:\/\/www.europesays.com\/lt\/wp-json\/wp\/v2\/categories?post=266239"},{"taxonomy":"post_tag","embeddable":true,"href":"https:\/\/www.europesays.com\/lt\/wp-json\/wp\/v2\/tags?post=266239"}],"curies":[{"name":"wp","href":"https:\/\/api.w.org\/{rel}","templated":true}]}}