{"id":266303,"date":"2026-09-01T11:02:35","date_gmt":"2026-09-01T11:02:35","guid":{"rendered":"https:\/\/www.europesays.com\/lt\/266303\/"},"modified":"2026-09-01T11:02:35","modified_gmt":"2026-09-01T11:02:35","slug":"praejus-30-metu-po-tupaco-mirties-lemtingas-posukis-nuzudymo-byloje-vardai","status":"publish","type":"post","link":"https:\/\/www.europesays.com\/lt\/266303\/","title":{"rendered":"Pra\u0117jus 30 met\u0173 po Tupaco mirties \u2013 lemtingas pos\u016bkis nu\u017eudymo byloje | Vardai"},"content":{"rendered":"<p>Pra\u0117jus trims de\u0161imtme\u010diams po muzikos legendos mirties, prisiekusieji pripa\u017eino \u012ftariam\u0105j\u012f kaltu d\u0117l \u017emog\u017eudyst\u0117s vos po keli\u0173 valand\u0173 svarstymo.<\/p>\n<p>Nuteistasis, 63-ej\u0173 Duane&#8217;as Davisas, buv\u0119s \u201eSouth Side Compton Crips\u201c grupuot\u0117s lyderis, buvo kaltinamas nurod\u0119s nu\u017eudyti hiphopo atlik\u0117j\u0105 1996 met\u0173 rugs\u0117jo 7 dien\u0105, kai T.Shakuro aplinkos \u017emon\u0117s Las Vegaso kazino sumu\u0161\u0117 jo s\u016bn\u0117n\u0105.<\/p>\n","protected":false},"excerpt":{"rendered":"Pra\u0117jus trims de\u0161imtme\u010diams po muzikos legendos mirties, prisiekusieji pripa\u017eino \u012ftariam\u0105j\u012f kaltu d\u0117l \u017emog\u017eudyst\u0117s vos po keli\u0173 valand\u0173 svarstymo.&hellip;\n","protected":false},"author":2,"featured_media":266304,"comment_status":"","ping_status":"","sticky":false,"template":"","format":"standard","meta":{"footnotes":"","_share_on_mastodon":"0"},"categories":[21],"tags":[113,37,39,36,38,40,114],"class_list":["post-266303","post","type-post","status-publish","format-standard","has-post-thumbnail","category-pramogos","tag-entertainment","tag-lietuva","tag-lietuviu","tag-lithuania","tag-lithuanian","tag-lt","tag-pramogos"],"share_on_mastodon":{"url":"https:\/\/pubeurope.com\/@lt\/117195449575647812","error":""},"_links":{"self":[{"href":"https:\/\/www.europesays.com\/lt\/wp-json\/wp\/v2\/posts\/266303","targetHints":{"allow":["GET"]}}],"collection":[{"href":"https:\/\/www.europesays.com\/lt\/wp-json\/wp\/v2\/posts"}],"about":[{"href":"https:\/\/www.europesays.com\/lt\/wp-json\/wp\/v2\/types\/post"}],"author":[{"embeddable":true,"href":"https:\/\/www.europesays.com\/lt\/wp-json\/wp\/v2\/users\/2"}],"replies":[{"embeddable":true,"href":"https:\/\/www.europesays.com\/lt\/wp-json\/wp\/v2\/comments?post=266303"}],"version-history":[{"count":0,"href":"https:\/\/www.europesays.com\/lt\/wp-json\/wp\/v2\/posts\/266303\/revisions"}],"wp:featuredmedia":[{"embeddable":true,"href":"https:\/\/www.europesays.com\/lt\/wp-json\/wp\/v2\/media\/266304"}],"wp:attachment":[{"href":"https:\/\/www.europesays.com\/lt\/wp-json\/wp\/v2\/media?parent=266303"}],"wp:term":[{"taxonomy":"category","embeddable":true,"href":"https:\/\/www.europesays.com\/lt\/wp-json\/wp\/v2\/categories?post=266303"},{"taxonomy":"post_tag","embeddable":true,"href":"https:\/\/www.europesays.com\/lt\/wp-json\/wp\/v2\/tags?post=266303"}],"curies":[{"name":"wp","href":"https:\/\/api.w.org\/{rel}","templated":true}]}}