{"id":266337,"date":"2026-09-01T11:45:33","date_gmt":"2026-09-01T11:45:33","guid":{"rendered":"https:\/\/www.europesays.com\/lt\/266337\/"},"modified":"2026-09-01T11:45:33","modified_gmt":"2026-09-01T11:45:33","slug":"m-lipniui-peremus-versla-v-jakucinskaite-reze-ka-galvoja-labai-liudna","status":"publish","type":"post","link":"https:\/\/www.europesays.com\/lt\/266337\/","title":{"rendered":"M. Lipniui per\u0117mus versl\u0105, V. Jaku\u010dinskait\u0117 r\u0117\u017e\u0117, k\u0105 galvoja: \u201eLabai li\u016bdna\u201c"},"content":{"rendered":"<p>\u017dinoma moteris socialiniuose tinkluose teig\u0117 abejojanti, ar be S. Lipn\u0117s ind\u0117lio verslas gal\u0117s s\u0117kmingai gyvuoti. Pasak jos, b\u016btent Simona Lipn\u0117 buvo ne tik \u012fmon\u0117s id\u0117jos autor\u0117, bet ir pagrindinis jos veidas bei varomoji j\u0117ga.<\/p>\n<p>\u201eJis labai laimingas, nes pagaliau \u012fvyko s\u0105\u017einingas susitarimas. Jo \u017emona \u2013 \u012fmon\u0117s \u012fk\u016br\u0117ja \u2013 atsitrauk\u0117, ir jis dabar vienas valdys \u201eSimitri\u201c be jos pagalbos. \u017dmogus d\u017eiaugiasi nuo\u0161ird\u017eiai, atrodo, kad laim\u0117jo ka\u017ek\u0105, bet man, ties\u0105 sakant, labai li\u016bdna. Nor\u0117jau i\u0161sakyti savo nuomon\u0119 ir anks\u010diau, bet reik\u0117jo palaukti kelias dienas, kad neprikalb\u0117\u010diau nes\u0105moni\u0173 kar\u0161tai, tai dabar galiu pasakyti, kad nes\u0105mones kalb\u0117siu \u0161altai\u201c, \u2013 sak\u0117 ji.<\/p>\n<p>\u017dinomos moters teigimu, \u201eSimitri\u201c id\u0117ja kilo b\u016btent S. Lipnei. V. Jaku\u010dinskait\u0117 primin\u0117, kad \u017einoma moteris socialiniuose tinkluose dalijosi savo atrastomis gro\u017eio ir k\u016bno prie\u017ei\u016bros priemon\u0117mis, o v\u0117liau nusprend\u0117 sek\u0117jams pasi\u016blyti pa\u010dios atrinktus produktus.<\/p>\n<p>\u201eVis\u0173 pirma, \u012fmon\u0117s id\u0117ja buvo Simonos, ne jo, nes jai \u0161i \u012fmon\u0117s id\u0117ja kilo nat\u016braliai. Ji buvo influencer\u0117, s\u0117d\u0117jo su vaikais namuose, prad\u0117jo reklamuoti visokius \u0161amp\u016bniukus, kremukus ir visokias priemones, tada suprato, kad tas priemones gali ne tik reklamuoti kitiems, bet gali ir pati si\u016blyti tai, kas jai labiausiai patinka: atrinkti savo prek\u0117s \u017eenklus, parodyti tai, k\u0105 ji naudoja pati. Tai buvo jos id\u0117ja. Ne Mindaugo\u201c, \u2013 d\u0117st\u0117 ji.<\/p>\n<p>V. Jaku\u010dinskait\u0117 nesl\u0117p\u0117 nesuprantanti, kaip verslo per\u0117mimas gali b\u016bti vadinamas s\u0105\u017einingu susitarimu. Situacij\u0105 ji palygino su savo pa\u010dios \u012fkurto prek\u0117s \u017eenklo \u201eTiulio f\u0117ja\u201c perdavimu sutuoktiniui.<\/p>\n<p>\u201eNe Mindaugas sugalvojo \u0161amp\u016bnus naudoti ir juos rodyti, tai kaip buvo galima pasiimti \u017emonos verslo id\u0117j\u0105, \u017emonos sugalvot\u0105 projekt\u0105 sau. Dabar jis d\u017eiaugiasi, kad tai yra neva labai s\u0105\u017eininga. A\u0161 nemanau, kad tai yra labai s\u0105\u017eininga. \u010cia tas pats, kas mano vyras pasiimt\u0173 sau \u201eTiulio f\u0117j\u0105\u201c be man\u0119s ir rodyt\u0173 sukneles su liemen\u0117l\u0117mis\u201c, \u2013 kalb\u0117jo \u017einoma moteris.<\/p>\n<p>Ji taip pat vie\u0161ai kreip\u0117si \u012f M. Lipni\u0173.<\/p>\n<p>\u201eTa laim\u0117 b\u016bti \u012fmon\u0117s valdytoju, sakyti: \u201eA\u0161 v\u0117l prie \u012fmon\u0117s valdymo, a\u0161 direktorius, a\u0161 savininkas, a\u0161 visk\u0105 padarysiu puikiai.\u201c O k\u0105 tu padarysi? K\u0105 tu toliau su \u0161ita \u012fmone darysi? Tu gali valdyti ma\u0161in\u0105, s\u0117sti u\u017e jos vairo, o kuro joje n\u0117ra, tu\u0161\u010dia tavo ma\u0161ina, nes kuras buvo Simona. Tu dabar eisi galv\u0105 plauti kiekvien\u0105 dien\u0105, balzamus, \u0161amp\u016bnus rodyti? Eisi k\u016bno krem\u0105 rodyti, kaip naudoji? K\u0105 tu dabar darysi? Samdysi ka\u017ekokias kitas merginas, kad vietoje tavo moters dirbt\u0173? Vietoje to \u017emogaus, kuris visk\u0105 pak\u016br\u0117?\u201c \u2013 klaus\u0117 ji.<\/p>\n<p>Pasak V. Jaku\u010dinskait\u0117s, samdomam darbuotojui b\u016bt\u0173 sunku \u012f \u012fmon\u0117s veikl\u0105 \u012fsitraukti taip, kaip tai dar\u0117 versl\u0105 kartu su \u0161eima k\u016brusi S. Lipn\u0117. Ji pabr\u0117\u017e\u0117, kad produkt\u0173 pristatymas socialiniuose tinkluose reikalavo nuolatinio darbo, kuris neretai priklaus\u0117 ne nuo asmenini\u0173 nor\u0173, o nuo bendrov\u0117s poreiki\u0173.<\/p>\n<p>\u201eKaip tu gali paimti pagrindin\u012f \u012fmon\u0117s element\u0105, kur\u0105, energij\u0105, id\u0117j\u0105 i\u0161imti ir kuo tu j\u0105 pakeisi? Ar tu \u017einai, kad svetimas \u017emogus n\u0117ra tavo \u017emona? Jis neis vis\u0105 par\u0105 filmuoti kosmetikos, temptis, \u0161ukuotis, pasakoti, kaip kremas dengiasi, l\u016bpas da\u017eyti, tu\u0161\u0105 bandyti. Supranti, tai dar\u0117 \u017emogus, kuris tai dar\u0117 d\u0117l savo verslo, \u0161eimos. Jei tu rasi mergin\u0105, kuri tai darys, vis\u0173 pirma, ji nedarys to vis\u0105 par\u0105 ir visus metus, kaip tai dar\u0117 Simona\u201c, \u2013 savo nuomon\u0119 i\u0161sak\u0117 k\u016br\u0117ja.<\/p>\n<p>Ji atkreip\u0117 d\u0117mes\u012f ir \u012f ma\u017eiau matom\u0105 tokio darbo pus\u0119 \u2013 b\u016btinyb\u0119 reklamuoti sand\u0117lyje esan\u010dias prekes, r\u016bpintis j\u0173 pardavimu ir kurti turin\u012f net tomis dienomis, kai tam n\u0117ra nei nuotaikos, nei j\u0117g\u0173.<\/p>\n<p>\u201eNes tu \u012fsivaizduok, jei tu pats tai darysi, \u017einok, kad galv\u0105 tau reik\u0117s plautis ne tada, kai nori, o tada, kai nauj\u0105 \u0161amp\u016bn\u0105 tur\u0117si rodyti, kai reik\u0117s rodyti tuos \u0161amp\u016bnus, kurie yra sand\u0117lyje ir matysi, kad j\u0173 galiojimas prie pabaigos, o j\u0173 reikia vis\u0105 f\u016br\u0105 i\u0161parduoti. Tu eisi teptis kremais ir tada, kai tau bloga nuotaika, kai tau tikrai bus blogai, kai nor\u0117si pab\u016bti vienas. Ar tu \u017einai, k\u0105 ta moteris dar\u0117 d\u0117l j\u016bs\u0173 verslo?\u201c \u2013 kalb\u0117jo V. Jaku\u010dinskait\u0117.<\/p>\n<p>\u017dinoma moteris tvirtino mananti, kad M. Lipnius iki galo nesuvokia, koki\u0105 reik\u0161m\u0119 bendrov\u0117s veiklai tur\u0117jo jo sutuoktin\u0117s darbas. Jos \u012fsitikinimu, S. Lipn\u0119 pakeisti kitu \u017emogumi bus itin sud\u0117tinga.<\/p>\n<p>\u201eMan atrodo, \u0161is vyras net ne\u017eino, k\u0105 jo moteris dar\u0117, net nesupranta, k\u0105 Simona dar\u0117. Jam atrodo, kad galima taip pakeisti, kad galima pa\u010diam visk\u0105 parodyti ar kitam? Niekas nedirbs taip, kaip dirbo Simona. Ji \u0161ioje \u012fmon\u0117je buvo nepakei\u010diama. Galiu b\u016bti neteisi, susitiksime po dvej\u0173 met\u0173, o gal ir po pusme\u010dio\u201c, \u2013 svarst\u0117 ji.<\/p>\n<p>Baigdama pasisakym\u0105 V. Jaku\u010dinskait\u0117 dar kart\u0105 pasitelk\u0117 automobilio be degal\u0173 palyginim\u0105. Ji pabr\u0117\u017e\u0117, kad \u012fmonei tenka i\u0161laikyti fizines parduotuves ir darbuotojus, tod\u0117l jos veiklai b\u016btinas nuolatinis pardavimus skatinantis turinys.<\/p>\n<p>\u201e\u012esivaizduok, kad perimi valdym\u0105 did\u017eiul\u0117s ma\u0161inos, kuri dabar neturi kuro, yra tu\u0161\u010dia ir reikalauja mil\u017eini\u0161k\u0173 i\u0161laid\u0173 i\u0161laikymui. Kiek j\u016bs turite fizini\u0173 parduotuvi\u0173, darbuotoj\u0173&#8230; Tu \u012fsivaizduok, Simonos pareiga buvo kiekvien\u0105 m\u0117nes\u012f prifilmuoti ir parodyti tiek, kad ji apr\u016bpint\u0173 darbu visus \u0161iuos \u017emones, kad jos darbas padengt\u0173 visas \u012fmon\u0117s i\u0161laidas, kad \u0161i ma\u0161ina gal\u0117t\u0173 gyvuoti. O tu \u0161i\u0105 gyvyb\u0119 pa\u0117mei ir i\u0161spjovei\u201c, \u2013 grie\u017etai kalb\u0117jo V. Jaku\u010dinskait\u0117.<\/p>\n<p>Prabilo ir Simona Lipn\u0117<\/p>\n<p>Tuo metu apie pastar\u0173j\u0173 dien\u0173 \u012fvykius vie\u0161ai prabilo ir pati S. Lipn\u0117. Kur\u012f laik\u0105 tyl\u0117jusi moteris socialiniuose tinkluose vis da\u017eniau palie\u010dia skyryb\u0173 su M. Lipniumi tem\u0105, pasakoja apie savo i\u0161gyvenimus ir reaguoja \u012f sutuoktinio parei\u0161kimus.<\/p>\n<p>Sekmadien\u012f S. Lipn\u0117 prabilo apie M. Lipniaus paskelbt\u0105 \u017eini\u0105, kad \u201eSimitri\u201c nuo \u0161iol bendradarbiaus su Viktorijos Siegel elektronine parduotuve. Moteris nesl\u0117p\u0117 \u2013 steb\u0117ti naujus \u012fvykius jai n\u0117ra lengva.<\/p>\n<p>\u201e\u0160iandien man i\u0161\u0161oko straipsnis. Nors jis ne vakar dienos, bet ne\u017einau, kod\u0117l man j\u012f meta, ko gero, klik\u0173 daug. Tai buvo apie susijungusias naujas j\u0117gas. Taip, kur\u012f laik\u0105 taip bus. Pabandykite \u012fsijausti \u012f mano rol\u0119 ir mano jausmus, kaip man visa tai yra. Kaip jau\u010diuosi. Kiekvien\u0105 miel\u0105 dien\u0105 vis naujas dalykas i\u0161lenda. Bet bandau sau priminti, kad reikia laiko. \u0160iaip man protu nesuvokiama tai, kas vyksta\u201c, \u2013 pripa\u017eino ji.<\/p>\n<p>S. Lipn\u0117 taip pat pasidalijo i\u0161trauka i\u0161 \u017einiasklaidoje pasirod\u017eiusio straipsnio, kuriame teigiama, kad M. Lipnius vie\u0161ai pasakojo buv\u0119s atleistas i\u0161 j\u0173dviej\u0173 verslo. Ta\u010diau S. Lipn\u0117 tvirtino, kad tai \u2013 netiesa.<\/p>\n<p>\u201eMano tyl\u0117jimas u\u017epraeit\u0105 savait\u0119, kai buvau su vaikais Kretoje&#8230; Nusileidus l\u0117ktuvui pasi\u017ei\u016br\u0117jau vis\u0105 istorij\u0173 serij\u0105. Ir visi pasi\u017ei\u016br\u0117jo. Pasipyl\u0117 straipsniai. Tuo metu negal\u0117jau nieko sakyti d\u0117l to, kad tada dar buvo darbo santykiai. Ir tie darbo santykiai buvo iki pat m\u016bs\u0173 pasira\u0161ymo \u0161i\u0105 savait\u0119.<\/p>\n<p>A\u0161 \u0161iandien i\u0161 straipsnio oficialiai i\u0161sikirpau \u0161i\u0105 i\u0161trauk\u0105, kuri yra absoliutus melas. Ir ne\u012fmanoma to \u012frodyti, kas \u010dia yra para\u0161yta, nes taip nebuvo. Tai buvo vienas i\u0161 pasakyt\u0173 dalyk\u0173, kuris buvo netiesa. Jis kaip dirbo, taip iki dabar dirba ir niekada nebuvo atleistas ar nu\u0161alintas\u201c, \u2013 kalb\u0117jo ji.<\/p>\n<p>S. Lipn\u0117 teig\u0117, kad tuo metu, kai M. Lipnius \u201eInstagram\u201c istorijose \u0117m\u0117 vie\u0161inti skyryb\u0173 detales, ji pati \u012f vie\u0161\u0105 ai\u0161kinim\u0105si veltis nenor\u0117jo. Ta\u010diau dabar moteris pajuto turinti apginti save ir paneigti jai mestus kaltinimus.<\/p>\n<p>\u201eTuo metu a\u0161 nenor\u0117jau pirmyn atgal m\u0117tytis savo versijomis, bet dabar matau, kad tie dalykai lieka, j\u016bs taip pat u\u017eduodate klausimus apie tai. Dabar jau galiu apie tai pasisakyti. Vis d\u0117lto tai yra apie mane, tai yra kaltinimas man \u2013 kaltinimas tokiais dalykais, kuri\u0173 nepadariau. A\u0161 lygiai taip pat galiu apsiginti ir pasisakyti\u201c, \u2013 kalb\u0117jo S. Lipn\u0117.<\/p>\n<p>Sureagavo Mindaugas Lipnius<\/p>\n<p>\u012e sutuoktin\u0117s i\u0161sakytus \u017eod\u017eius pirmadien\u012f sureagavo ir M. Lipnius. Verslininkas teig\u0117 nenor\u0117j\u0119s dar kart\u0105 gr\u012f\u017eti prie skaud\u017ei\u0173 aplinkybi\u0173, ta\u010diau pajut\u0119s pareig\u0105 pateikti savo \u012fvyki\u0173 versij\u0105 ir u\u017ebaigti vie\u0161\u0105 diskusij\u0105.<\/p>\n<p>\u201eLabai nenor\u0117jau liesti t\u0173 pa\u010di\u0173 skauduli\u0173, bet jau\u010diu pareig\u0105 atsakyti ir u\u017edaryti \u0161i\u0105 tem\u0105\u201c, \u2013 vie\u0161ai \u012f sek\u0117jus kreip\u0117si verslininkas Mindaugas Lipnius.<\/p>\n<p>M. Lipnius nesl\u0117p\u0117 manantis, kad vie\u0161ojoje erdv\u0117je j\u012f ir v\u0117l bandoma pavaizduoti neigiamai. Jis taip pat patikslino nesak\u0119s, kad buvo atleistas i\u0161 \u012fmon\u0117s. Pasak verslininko, jis kalb\u0117jo apie prarast\u0105 galimyb\u0119 kontroliuoti kasdien\u0119 \u201eSimitri\u201c veikl\u0105.<\/p>\n<p>\u201eI\u0161 man\u0119s v\u0117l bandoma padaryti blogiet\u012f. A\u0161 niekada nesu sak\u0119s, kad buvau atleistas, a\u0161 sakiau, kad buvau praleid\u0119s \u201eSimitri\u201c kontrol\u0119.<\/p>\n<p>Tai rei\u0161kia: buvau atjungtas i\u0161 grupi\u0173, elektroninio pa\u0161to, buvo atimti \u012fgaliojimai, atjungtos banko s\u0105skaitos. Jei a\u0161 kiekvien\u0105 dien\u0105 organizavau veikl\u0105 ir fakti\u0161kai vald\u017eiau \u012fmon\u0119, be vis\u0173 \u0161i\u0173 dalyk\u0173 tai tapo ne\u012fmanoma. Tod\u0117l ir pasisakiau. Jei man elementariai siun\u010diami lai\u0161kai, o a\u0161 j\u0173 nematau, tai&#8230;<\/p>\n<p>Kas ten buvo, tai galiu pavadinti bandymu susidoroti, bet visa tai baig\u0117si. Mes pasira\u0161\u0117me taik\u0105, ir noriu pasakyti, kad taikos pasira\u0161ymas buvo inicijuotas i\u0161 kitos pus\u0117s. Pra\u0161ymai gr\u012f\u017eti prie deryb\u0173 stalo irgi buvo i\u0161 kitos pus\u0117s. N\u0117 vienas i\u0161 m\u016bs\u0173 nei\u0161\u0117jo plikas basas\u201c, \u2013 pirmadien\u012f \u012f sek\u0117jus kreip\u0117si M. Lipnius.<\/p>\n","protected":false},"excerpt":{"rendered":"\u017dinoma moteris socialiniuose tinkluose teig\u0117 abejojanti, ar be S. Lipn\u0117s ind\u0117lio verslas gal\u0117s s\u0117kmingai gyvuoti. Pasak jos, b\u016btent&hellip;\n","protected":false},"author":2,"featured_media":266338,"comment_status":"","ping_status":"","sticky":false,"template":"","format":"standard","meta":{"footnotes":"","_share_on_mastodon":"0"},"categories":[21],"tags":[113,37,39,36,38,40,114],"class_list":["post-266337","post","type-post","status-publish","format-standard","has-post-thumbnail","category-pramogos","tag-entertainment","tag-lietuva","tag-lietuviu","tag-lithuania","tag-lithuanian","tag-lt","tag-pramogos"],"share_on_mastodon":{"url":"https:\/\/pubeurope.com\/@lt\/117195618781842068","error":""},"_links":{"self":[{"href":"https:\/\/www.europesays.com\/lt\/wp-json\/wp\/v2\/posts\/266337","targetHints":{"allow":["GET"]}}],"collection":[{"href":"https:\/\/www.europesays.com\/lt\/wp-json\/wp\/v2\/posts"}],"about":[{"href":"https:\/\/www.europesays.com\/lt\/wp-json\/wp\/v2\/types\/post"}],"author":[{"embeddable":true,"href":"https:\/\/www.europesays.com\/lt\/wp-json\/wp\/v2\/users\/2"}],"replies":[{"embeddable":true,"href":"https:\/\/www.europesays.com\/lt\/wp-json\/wp\/v2\/comments?post=266337"}],"version-history":[{"count":0,"href":"https:\/\/www.europesays.com\/lt\/wp-json\/wp\/v2\/posts\/266337\/revisions"}],"wp:featuredmedia":[{"embeddable":true,"href":"https:\/\/www.europesays.com\/lt\/wp-json\/wp\/v2\/media\/266338"}],"wp:attachment":[{"href":"https:\/\/www.europesays.com\/lt\/wp-json\/wp\/v2\/media?parent=266337"}],"wp:term":[{"taxonomy":"category","embeddable":true,"href":"https:\/\/www.europesays.com\/lt\/wp-json\/wp\/v2\/categories?post=266337"},{"taxonomy":"post_tag","embeddable":true,"href":"https:\/\/www.europesays.com\/lt\/wp-json\/wp\/v2\/tags?post=266337"}],"curies":[{"name":"wp","href":"https:\/\/api.w.org\/{rel}","templated":true}]}}