{"id":266343,"date":"2026-09-01T11:52:38","date_gmt":"2026-09-01T11:52:38","guid":{"rendered":"https:\/\/www.europesays.com\/lt\/266343\/"},"modified":"2026-09-01T11:52:38","modified_gmt":"2026-09-01T11:52:38","slug":"mindaugui-lipniui-atgavus-simitri-vaira-garsios-lietuves-kirtis-masina-be-kuro-ka-dabar-darysi-vardai","status":"publish","type":"post","link":"https:\/\/www.europesays.com\/lt\/266343\/","title":{"rendered":"Mindaugui Lipniui atgavus \u201eSimitri\u201c vair\u0105 \u2013 garsios lietuv\u0117s kirtis: \u201eMa\u0161ina be kuro \u2013 k\u0105 dabar darysi?\u201c | Vardai"},"content":{"rendered":"<p>Savo nuomone apie poky\u010dius \u201eSimitri\u201c veikloje V.Jaku\u010dinskait\u0117 pasidalijo socialiniuose tinkluose. \u012era\u0161ais ji sutiko pasidalyti ir su \u017dmon\u0117s.lt skaitytojais.<\/p>\n<p>\u201ePraeit\u0105 tre\u010diadien\u012f Lipnius paskelb\u0117 d\u017eiugi\u0105 \u017eini\u0105, kad jis gr\u012f\u017eo prie \u012fmon\u0117s \u201eSimitri\u201c valdymo. Jis labai laimingas \u2013 pagaliau \u012fvyko s\u0105\u017einingas susitarimas. Jo \u017emona, \u012fmon\u0117s \u012fk\u016br\u0117ja, atsitrauk\u0117, ir jis vienas dabar valdys be jos pagalbos. D\u017eiaugiasi nuo\u0161ird\u017eiai \u017emogus, atrodo, kad laim\u0117jo ka\u017ek\u0105, bet man, ties\u0105 sakant, labai li\u016bdna. Nor\u0117jau i\u0161sakyti savo nuomon\u0119 anks\u010diau, bet reik\u0117jo kelet\u0105 dien\u0173 palaukti, kad \u201eant kar\u0161t\u0173j\u0173\u201c neprikalb\u0117\u010diau nes\u0105moni\u0173. Tai dabar galiu pasakyti, kad nes\u0105mones kalb\u0117siu \u0161altai\u201c, \u2013 \u012fra\u0161us prad\u0117jo V.Jaku\u010dinskait\u0117.<\/p>\n<p>  \u201eJam atrodo, kad tai galima pakeisti?\u201c <\/p>\n<p>Moteris neslepia, kad \u012fmon\u0117s id\u0117j\u0105 sugalvojo pati Simona, kadangi tai jai buvo nat\u016bralus sprendimas \u2013 jau seniau ji prad\u0117jo socialiniuose tinkluose reklamuoti \u012fvairias priemones.<\/p>\n<p> <a href=\"https:\/\/s1.15min.lt\/images\/photos\/2026\/05\/01\/original\/simonos-ir-mindaugo-lipniu-parduotuviu-simitri-6-asis-gimtadienis-69f4c33420f58.jpeg\" rel=\"content-image nofollow noopener\" title=\"Gret\u0117s Kairyt\u0117s nuotr.\/Simonos ir Mindaugo Lipni\u0173 parduotuvi\u0173 \u201eSimitri\u201d 6-asis gimtadienis\" target=\"_blank\"><img decoding=\"async\" alt=\"Gret\u0117s Kairyt\u0117s nuotr.\/Simonos ir Mindaugo Lipni\u0173 parduotuvi\u0173 \u201eSimitri\u201d 6-asis gimtadienis\" rel=\"content-image\" src=\"https:\/\/www.europesays.com\/lt\/wp-content\/uploads\/2026\/09\/simonos-ir-mindaugo-lipniu-parduotuviu-simitri-6-asis-gimtadienis-69f4c33420f58.jpeg\" style=\"width: auto; height: auto;\"\/><\/a> <\/p>\n<p>Gret\u0117s Kairyt\u0117s nuotr.\/Simonos ir Mindaugo Lipni\u0173 parduotuvi\u0173 \u201eSimitri\u201d 6-asis gimtadienis<\/p>\n<p>\u201eJi suprato, kad ji tas priemones gali ne tik reklamuoti kitiems, bet ir si\u016blyti, kas jai labiausiai patinka \u2013 atrinkti savo prek\u0117s \u017eenklus, parodyti, k\u0105 ji pati naudoja. Tai buvo jos id\u0117ja, ne Mindaugo. Tai kaip galima buvo pasiimti \u017emonos verslo id\u0117j\u0105, \u017emonos sugalvot\u0105 projekt\u0105 sau? Dabar jis d\u017eiaugiasi, kad tai labai s\u0105\u017eininga. A\u0161 taip nemanau. \u010cia tas pats, jei mano vyras pasiimt\u0173 \u201eTiulio f\u0117j\u0105\u201c be man\u0119s ir rodyt\u0173 visiems sukneles su liemen\u0117l\u0117mis. Ta laim\u0117 b\u016bti \u012fmon\u0117s valdytoju, kad visk\u0105 \u201epuikiai padarys\u201c&#8230; K\u0105 tu padarysi? \u010cia tas pats, kas s\u0117sti u\u017e ma\u0161inos, kurioje n\u0117ra kuro, vairo. Nesvarbu, kad tavo ma\u0161ina \u2013 benzo n\u0117ra. Nes kuras yra Simona. Galv\u0105 plausi, rodysi, kaip \u0161amp\u016bnus, balzamus kasdien naudoji? K\u0105 tu dabar darysi? Samdysi ka\u017ekokias merginas, kad vietoj tavo moters dirbt\u0173, kad pakurt\u0173 vis\u0105 \u0161it\u0105 varikl\u012f? Kaip tu gali paimti \u012fmon\u0117s branduol\u012f, pagrindin\u0119 id\u0117j\u0105? Kuo tu j\u0105 pakeisi?<\/p>\n<p>Ka\u017ekokia moteris neis vis\u0105 par\u0105 filmuoti kosmetikos, teptis ka\u017ekoki\u0173 krem\u0173. &lt;&#8230;&gt; Tai dar\u0117 \u017emogus, kuris visk\u0105 atliko d\u0117l savo \u0161eimos, savo verslo. Jei rasi ka\u017ekoki\u0105 mergin\u0105, kuri tai darys, ji tam neskirs visos paros, kaip tai dar\u0117 Simona. Ar tu \u017einai, k\u0105 ta moteris dar\u0117 d\u0117l j\u016bs\u0173 verslo? Filmavosi, kai jai buvo bloga, kai nor\u0117jo pab\u016bti viena, kai tai tiesiog reik\u0117jo daryti. Man atrodo, kad jis tiesiog ne\u017eino ir nesupranta, k\u0105 Simona dar\u0117\u201c, \u2013 kalb\u0117jo Viktorija.<\/p>\n<p> <a href=\"https:\/\/s1.15min.lt\/images\/photos\/2026\/08\/31\/original\/screenshot-2026-08-31-144316-6a957059f306e.jpg\" rel=\"content-image nofollow noopener\" title=\"\u201eInstagram\u201c nuotr.\/Viktorija Jaku\u010dinskait\u0117\" target=\"_blank\"><img decoding=\"async\" alt=\"\u201eInstagram\u201c nuotr.\/Viktorija Jaku\u010dinskait\u0117\" rel=\"content-image\" src=\"https:\/\/www.europesays.com\/lt\/wp-content\/uploads\/2026\/09\/screenshot-2026-08-31-144316-6a957059f306e.jpg\" style=\"width: auto; height: auto;\"\/><\/a> <\/p>\n<p>\u201eInstagram\u201c nuotr.\/Viktorija Jaku\u010dinskait\u0117<\/p>\n<p>Verslinink\u0117 taip pat kelia ir svarb\u0173 klausim\u0105 \u2013 kas pakeis svarb\u0173 Simonos vaidmen\u012f \u012fmon\u0117s veikloje?<\/p>\n<p>\u201eJam atrodo, kad tai galima pakeisti? Niekas nedirbs taip, kaip dirbo Simona \u2013 ji \u0161itoje \u012fmon\u0117je buvo nepakei\u010diama. A\u0161 galiu b\u016bti neteisi \u2013 susitiksim po dvej\u0173 met\u0173, o gal ir po pus\u0117s. \u012esivaizduok, kad perimi \u0161it\u0105 did\u017eiul\u0119 ma\u0161in\u0105, kuri neturi kuro ir reikalauja mil\u017eini\u0161k\u0173 i\u0161laid\u0173. Simonos pareiga buvo per m\u0117nes\u012f prifilmuoti ir prirodyti tiek, kad ji darbu apr\u016bpint\u0173 visus \u017emones. Jos darbas buvo padengti \u012fmon\u0117s i\u0161laidas, kad ta ma\u0161ina gal\u0117t\u0173 gyvuoti. O \u0161it\u0105 gyvyb\u0119 pa\u0117m\u0117 ir i\u0161spjov\u0117 \u2013 nieko nebeliko. Dabar, kai viskas parduodama su 40 procent\u0173 nuolaida \u2013 gerai, pardavimai eina. Bet kas toliau? J\u016bs\u0173 did\u017eiul\u0117 auditorija yra moterys. Ir tai pak\u016br\u0117 Simona, kurios \u017eod\u017eiais jos ir pasitik\u0117jo. Kuo dabar pasitik\u0117s visa publika? Kaip taip reikia nematyti tikrosios situacijos?\u201c \u2013 klaus\u0117 ji.<\/p>\n<p> <a href=\"https:\/\/s1.15min.lt\/images\/photos\/2026\/08\/31\/original\/screenshot-2026-08-31-144257-6a95705907e70.jpg\" rel=\"content-image nofollow noopener\" title=\"\u201eInstagram\u201c nuotr.\/Viktorija Jaku\u010dinskait\u0117\" target=\"_blank\"><img decoding=\"async\" alt=\"\u201eInstagram\u201c nuotr.\/Viktorija Jaku\u010dinskait\u0117\" rel=\"content-image\" src=\"https:\/\/www.europesays.com\/lt\/wp-content\/uploads\/2026\/09\/screenshot-2026-08-31-144257-6a95705907e70.jpg\" style=\"width: auto; height: auto;\"\/><\/a> <\/p>\n<p>\u201eInstagram\u201c nuotr.\/Viktorija Jaku\u010dinskait\u0117<\/p>\n<p>\u201eO atsakomyb\u0117&#8230; Kad kiekvien\u0105 m\u0117nes\u012f turi padaryti tok\u012f kiek\u012f video, inegracij\u0173, i\u0161\u0117jim\u0173 prie\u0161 kamer\u0105, kad tavo \u012fmon\u0117 gaut\u0173 tokias apyvartas, kad gal\u0117tum gauti pakankamai l\u0117\u0161\u0173 sumok\u0117ti algas, mokes\u010dius u\u017e nuom\u0105&#8230; A\u0161 manau, kad Simai dabar labai palengv\u0117jo \u2013 nors ji atidav\u0117 labai brang\u0173 projekt\u0105, gyvenimas apsivert\u0117 \u0161imtu procent\u0173. J\u016bs galvojat, kad ji nebijo? Bet a\u0161 tikiu, kad viskas jai bus gerai, nes ji buvo pagrindin\u0117 \u0161ios veiklos energija \u2013 tad ta energija tiesiog keliaus kitur. Keliaus \u012f kitas \u012fmones, prad\u0117s reklamuoti kit\u0173 prekes. Ir garantuoju, kad toms \u012fmon\u0117ms prad\u0117s labai gerai sektis. Nesuprantu t\u0173 \u017emoni\u0173, kurie d\u017eiaugiasi, kad ji i\u0161\u0117jo ir sako: \u201epagaliau gal\u0117siu pirkti \u0161ios \u012fmon\u0117s prekes, nes \u0161i apgavik\u0117 i\u0161\u0117jo\u201c. Pa\u017ei\u016br\u0117sim, kaip toliau pirksi tos \u012fmon\u0117s prekes. Tik laikas parodys, kas \u010dia laim\u0117jo. Pasakiau savo nuomon\u0119 kaip verslinink\u0117, moteris, kuri turi \u0161eimos versl\u0105\u201c, \u2013 teig\u0117 ji.<\/p>\n","protected":false},"excerpt":{"rendered":"Savo nuomone apie poky\u010dius \u201eSimitri\u201c veikloje V.Jaku\u010dinskait\u0117 pasidalijo socialiniuose tinkluose. \u012era\u0161ais ji sutiko pasidalyti ir su \u017dmon\u0117s.lt skaitytojais.&hellip;\n","protected":false},"author":2,"featured_media":266344,"comment_status":"","ping_status":"","sticky":false,"template":"","format":"standard","meta":{"footnotes":"","_share_on_mastodon":"0"},"categories":[21],"tags":[113,37,39,36,38,40,114],"class_list":["post-266343","post","type-post","status-publish","format-standard","has-post-thumbnail","category-pramogos","tag-entertainment","tag-lietuva","tag-lietuviu","tag-lithuania","tag-lithuanian","tag-lt","tag-pramogos"],"share_on_mastodon":{"url":"https:\/\/pubeurope.com\/@lt\/117195646914500179","error":""},"_links":{"self":[{"href":"https:\/\/www.europesays.com\/lt\/wp-json\/wp\/v2\/posts\/266343","targetHints":{"allow":["GET"]}}],"collection":[{"href":"https:\/\/www.europesays.com\/lt\/wp-json\/wp\/v2\/posts"}],"about":[{"href":"https:\/\/www.europesays.com\/lt\/wp-json\/wp\/v2\/types\/post"}],"author":[{"embeddable":true,"href":"https:\/\/www.europesays.com\/lt\/wp-json\/wp\/v2\/users\/2"}],"replies":[{"embeddable":true,"href":"https:\/\/www.europesays.com\/lt\/wp-json\/wp\/v2\/comments?post=266343"}],"version-history":[{"count":0,"href":"https:\/\/www.europesays.com\/lt\/wp-json\/wp\/v2\/posts\/266343\/revisions"}],"wp:featuredmedia":[{"embeddable":true,"href":"https:\/\/www.europesays.com\/lt\/wp-json\/wp\/v2\/media\/266344"}],"wp:attachment":[{"href":"https:\/\/www.europesays.com\/lt\/wp-json\/wp\/v2\/media?parent=266343"}],"wp:term":[{"taxonomy":"category","embeddable":true,"href":"https:\/\/www.europesays.com\/lt\/wp-json\/wp\/v2\/categories?post=266343"},{"taxonomy":"post_tag","embeddable":true,"href":"https:\/\/www.europesays.com\/lt\/wp-json\/wp\/v2\/tags?post=266343"}],"curies":[{"name":"wp","href":"https:\/\/api.w.org\/{rel}","templated":true}]}}