{"id":266371,"date":"2026-09-01T12:27:15","date_gmt":"2026-09-01T12:27:15","guid":{"rendered":"https:\/\/www.europesays.com\/lt\/266371\/"},"modified":"2026-09-01T12:27:15","modified_gmt":"2026-09-01T12:27:15","slug":"prekybiniai-ukrainos-siekiai-respublika-lt","status":"publish","type":"post","link":"https:\/\/www.europesays.com\/lt\/266371\/","title":{"rendered":"Prekybiniai Ukrainos siekiai &#8211; Respublika.lt"},"content":{"rendered":"<p><img loading=\"lazy\" decoding=\"async\" src=\"https:\/\/www.respublika.lt\/lt\/naujienos\/pasaulis\/kitos_pasaulio_naujienos\/prekybiniai-ukrainos-siekiai\/images\/ico_camera_white.gif\" class=\"camera\" width=\"22\" height=\"15\" alt=\"nuotr.\" style=\"position:relative; top:-2px; right:2px;\"\/> 1 nuotr.<\/p>\n<p>Ukraina nori u\u017ekariauti pasaulio ginkl\u0173 rinkas. EPA-Eltos nuotr.<\/p>\n<p style=\"text-align: justify;\" class=\"desktop_banner\">\u00a0<\/p>\n<p>Laikas tiksi<\/p>\n<p>Ukrainos prezidento Volodymyro Zelenskio biuro vadovas Kirilas Budanovas persp\u0117jo, kad spalio 1-oji ukrainieti\u0161k\u0173 \u017eem\u0117s \u016bkio produkt\u0173 eksporto klausimui gali tapti kritine riba. Jis apie tai prane\u0161\u0117 forume \u201eUkraina rytoj&#8221;.<\/p>\n<p>Pasak K.Budanovo, Kijevas derasi su keliomis \u0161alimis, kad rast\u0173 problemos sprendim\u0105 ir u\u017etikrint\u0173 ukrainieti\u0161k\u0173 \u017eem\u0117s \u016bkio produkt\u0173 eksport\u0105.<\/p>\n<p>Jis pa\u017eym\u0117jo, jog Ukrainos \u017eem\u0117s \u016bkis labai priklauso nuo eksporto, nes tr\u016bksta savo perdirbimo paj\u0117gum\u0173.<\/p>\n<p>\u016akininkai jau atvirai kalba apie kritin\u0119 pad\u0117t\u012f, kuri susidar\u0117 d\u0117l prastov\u0173 Odesos uostuose, per kuriuos vyko did\u017eioji dalis eksporto.<\/p>\n<p>Pasak K.Budanovo, alternatyv\u016bs mar\u0161rutai per Dunojaus uostus, Rumunijos Konstant\u0105 ir sausumos koridorius link vakarin\u0117s sienos neleid\u017eia kompensuoti patirt\u0173 nuostoli\u0173.<\/p>\n<p>Anks\u010diau buvo prane\u0161ta, kad gr\u016bd\u0173 pakrovimo Ukrainos uostuose Dunojaus Sulino kanale (tai &#8211; viena i\u0161 trij\u0173 pagrindini\u0173 Dunojaus up\u0117s deltos at\u0161ak\u0173 Rumunijoje, \u012ftekanti \u012f Juod\u0105j\u0105 j\u016br\u0105.<\/p>\n<p>Jis yra vienintelis visi\u0161kai laivuojamas giliavandenis kanalas deltoje, pritaikytas j\u016briniams laivams.) laukia apie 70 laiv\u0173.<\/p>\n<p>Logistikos problemos kilo d\u0117l rus\u0173 atak\u0173 apribojus laivyb\u0105 Juodosios j\u016bros uostuose.<\/p>\n<p>Ambicingi planai<\/p>\n<p>Tame pa\u010diame forume K.Budavonas parei\u0161k\u0117, kad Ukraina turi u\u017ekariauti pasaulio ginkl\u0173 rinkas, nes kitaip tai padarys Rusija.<\/p>\n<p>\u201eMes man\u0117me, kad esame vieninteliai pasaulyje, kurie gamino dronus, bet taip n\u0117ra. Daugelyje Afrikos \u0161ali\u0173 yra rink\u0173, kurias u\u017egrob\u0117 Kinija, o Rusija ir Ukraina pralaim\u0117jo, nes fakti\u0161kai kariauja, kad sunaikint\u0173 viena kit\u0105. Tai nieko nestebina. Ta\u010diau kai rinkose pasirodo bepilo\u010diai orlaiviai i\u0161 egzoti\u0161kiausi\u0173 \u0161ali\u0173, tai daug k\u0105 pasako&#8221;, &#8211; pabr\u0117\u017e\u0117 jis.<\/p>\n<p>Pasak jo, kuo grei\u010diau Ukraina prad\u0117s pl\u0117stis \u012f tokias rinkas, tuo geriau bus valstybei ir tuo daugiau galimybi\u0173 i\u0161gyventi bei vystytis tur\u0117s ukrainie\u010di\u0173 \u012fmon\u0117s.<\/p>\n<p>\u201eEsu \u012fsitikin\u0119s, kad gan\u0117tinai ilgam laikui gal\u0117tume tapti saugumo eksportuotojais, ta\u010diau nepamir\u0161kime, kad tas pa\u010dias s\u0105lygas bei pasi\u016blymus \u0161iuo klausimu teikia ir Rusija. Nepamir\u0161kime, kad nesame vieninteliai pasaulyje, kurie gali tai pasi\u016blyti. Jeigu nepasi\u016blysime mes, pasi\u016blys m\u016bs\u0173 prie\u0161as&#8221;, &#8211; pabr\u0117\u017e\u0117\u00a0V.Budanovas.<\/p>\n","protected":false},"excerpt":{"rendered":"1 nuotr. Ukraina nori u\u017ekariauti pasaulio ginkl\u0173 rinkas. EPA-Eltos nuotr. \u00a0 Laikas tiksi Ukrainos prezidento Volodymyro Zelenskio biuro&hellip;\n","protected":false},"author":2,"featured_media":266372,"comment_status":"","ping_status":"","sticky":false,"template":"","format":"standard","meta":{"footnotes":"","_share_on_mastodon":"0"},"categories":[15],"tags":[25,30,31,16539,251,34,35,225,2763,24,32,33,37,39,36,38,40,23,22,44,28,29,2479,26,27,360,74,75,76],"class_list":["post-266371","post","type-post","status-publish","format-standard","has-post-thumbnail","category-pasaulis","tag-antrastes","tag-breaking-news","tag-breakingnews","tag-budanovas","tag-eksportas","tag-featured-news","tag-featurednews","tag-ginklai","tag-grudai","tag-headlines","tag-latest-news","tag-latestnews","tag-lietuva","tag-lietuviu","tag-lithuania","tag-lithuanian","tag-lt","tag-naujienos","tag-news","tag-pasaulis","tag-populiariausios-naujienos","tag-populiariausiosnaujienos","tag-prekyba","tag-top-stories","tag-topstories","tag-ukraina","tag-world","tag-world-news","tag-worldnews"],"share_on_mastodon":{"url":"https:\/\/pubeurope.com\/@lt\/117195784216555696","error":""},"_links":{"self":[{"href":"https:\/\/www.europesays.com\/lt\/wp-json\/wp\/v2\/posts\/266371","targetHints":{"allow":["GET"]}}],"collection":[{"href":"https:\/\/www.europesays.com\/lt\/wp-json\/wp\/v2\/posts"}],"about":[{"href":"https:\/\/www.europesays.com\/lt\/wp-json\/wp\/v2\/types\/post"}],"author":[{"embeddable":true,"href":"https:\/\/www.europesays.com\/lt\/wp-json\/wp\/v2\/users\/2"}],"replies":[{"embeddable":true,"href":"https:\/\/www.europesays.com\/lt\/wp-json\/wp\/v2\/comments?post=266371"}],"version-history":[{"count":0,"href":"https:\/\/www.europesays.com\/lt\/wp-json\/wp\/v2\/posts\/266371\/revisions"}],"wp:featuredmedia":[{"embeddable":true,"href":"https:\/\/www.europesays.com\/lt\/wp-json\/wp\/v2\/media\/266372"}],"wp:attachment":[{"href":"https:\/\/www.europesays.com\/lt\/wp-json\/wp\/v2\/media?parent=266371"}],"wp:term":[{"taxonomy":"category","embeddable":true,"href":"https:\/\/www.europesays.com\/lt\/wp-json\/wp\/v2\/categories?post=266371"},{"taxonomy":"post_tag","embeddable":true,"href":"https:\/\/www.europesays.com\/lt\/wp-json\/wp\/v2\/tags?post=266371"}],"curies":[{"name":"wp","href":"https:\/\/api.w.org\/{rel}","templated":true}]}}