{"id":266375,"date":"2026-09-01T12:30:58","date_gmt":"2026-09-01T12:30:58","guid":{"rendered":"https:\/\/www.europesays.com\/lt\/266375\/"},"modified":"2026-09-01T12:30:58","modified_gmt":"2026-09-01T12:30:58","slug":"per-didelio-masto-ataka-kijeve-ir-apylinkese-zuvo-4-zmones-respublika-lt","status":"publish","type":"post","link":"https:\/\/www.europesays.com\/lt\/266375\/","title":{"rendered":"Per didelio masto atak\u0105 Kijeve ir apylink\u0117se \u017euvo 4 \u017emon\u0117s &#8211; Respublika.lt"},"content":{"rendered":"<p><img loading=\"lazy\" decoding=\"async\" src=\"https:\/\/www.respublika.lt\/lt\/naujienos\/pasaulis\/kitos_pasaulio_naujienos\/per-didelio-masto-ataka-kijeve-ir-apylinkese-zuvo-4-zmones\/images\/ico_camera_white.gif\" class=\"camera\" width=\"22\" height=\"15\" alt=\"nuotr.\" style=\"position:relative; top:-2px; right:2px;\"\/> 1 nuotr.<\/p>\n<p>\u0160i\u0173 met\u0173 vasaros prad\u017eioje Rusija ne tik prad\u0117jo smarkiau pulti Kijev\u0105 raketomis, bet ir kiekvien\u0105 dien\u0105 rengti gerokai intensyvesnius dron\u0173 antskryd\u017eius. EPA-Eltos nuotr.<\/p>\n<p style=\"text-align: justify;\" class=\"desktop_banner\">\u00a0<\/p>\n<p style=\"text-align: left;\">Sm\u016bgiai surengti vaikams ruo\u0161iantis gr\u012f\u017eti \u012f mokyklas po vasaros atostog\u0173 ir pareig\u016bnams sugrie\u017etinus saugumo priemones, baiminantis tolesni\u0173 Rusijos sm\u016bgi\u0173.\u00a0<\/p>\n<p style=\"text-align: left;\">\u201eKijevo sritis \u0161i\u0105nakt patyr\u0117 did\u017eiul\u012f Rusijos raket\u0173 ir dron\u0173 puolim\u0105\u201c, \u2013 \u201eTelegram\u201c kanale sak\u0117 Kijevo srities karin\u0117s administracijos vadovas Tymuras Tka\u010denka.\u00a0<\/p>\n<p style=\"text-align: left;\">AFP \u017eurnalistai antradienio ryt\u0105 sostin\u0117je gird\u0117jo daugiau nei de\u0161imt garsi\u0173 sprogim\u0173 ir mat\u0117 blyksnius danguje, prie\u0161 tai oro paj\u0117goms persp\u0117jus apie art\u0117jan\u010dias balistines raketas.\u00a0<\/p>\n<p style=\"text-align: left;\">\u201eDeja, per prie\u0161o atak\u0105 prie\u0161 sostin\u0119 \u017euvo 3 \u017emon\u0117s\u201c, \u2013 prane\u0161\u0117 miesto karin\u0117 administracija ir prid\u016br\u0117, jog prane\u0161ta apie penkis su\u017eeistuosius.\u00a0<\/p>\n<p style=\"text-align: left;\">Sm\u016bgiai Boryspilyje, \u012f rytus nuo Kijevo, padar\u0117 \u017ealos verslo \u012fmon\u0117ms, vienas \u017emogus \u017euvo ir vienas buvo su\u017eeistas, sak\u0117 T. Tka\u010denka ir prid\u016br\u0117, kad pataikius \u012f gyvenam\u0105j\u012f pastat\u0105 dar a\u0161tuoni \u017emon\u0117s buvo su\u017eeisti.<\/p>\n<p style=\"text-align: left;\">Ukrainos oro paj\u0117gos anks\u010diau persp\u0117jo apie balistini\u0173 ginkl\u0173 ir kit\u0173 atakos priemoni\u0173 gr\u0117sm\u0119 Kijevui ir sostin\u0117s regionui bei paragino gyventojus likti sl\u0117ptuv\u0117se.\u00a0<\/p>\n<p style=\"text-align: left;\">Ukrainos vaikai antradien\u012f gr\u012f\u017eta \u012f mokyklas. Kijevo srities karin\u0117 administracija persp\u0117jo, kad didel\u0117s rizikos vietov\u0117se negali b\u016bti dideli\u0173 rengini\u0173.\u00a0<\/p>\n<p style=\"text-align: left;\">Pastarosiomis savait\u0117mis Kijevas ir jo apylink\u0117s patiria nuolatin\u012f spaudim\u0105 d\u0117l Rusijos dron\u0173 atak\u0173.<\/p>\n<p style=\"text-align: left;\">Gr\u0117sm\u0119 didina reaktyviniai dronai, kasdien net po keliolik\u0105 kart\u0173 skelbiami oro antskryd\u017ei\u0173 persp\u0117jimai.\u00a0<\/p>\n<p style=\"text-align: left;\">Ukrainai tr\u016bksta raket\u0173 per\u0117m\u0117j\u0173, ypa\u010d JAV gamybos sistem\u0173 \u201ePatriot\u201c, naudojam\u0173 kovai su balistin\u0117mis gr\u0117sm\u0117mis.<\/p>\n<p>Per\u017ei\u016brimi saugumo protokolai<\/p>\n<p>Smarkiai padaug\u0117jus Rusijos dron\u0173 antskryd\u017ei\u0173, kuriais, kaip teigia Kijevas, siekiama \u201eparaly\u017eiuoti\u201c Ukrainos sostin\u0119, miestas pirmadien\u012f paskelb\u0117 per\u017ei\u016br\u0117si\u0105s saugumo protokolus \u2013 ypa\u010d tuos, kurie susij\u0119 su vie\u0161uoju transportu.<\/p>\n<p>\u0160i\u0173 met\u0173 vasaros prad\u017eioje Rusija ne tik prad\u0117jo smarkiau pulti Kijev\u0105 raketomis, bet ir kiekvien\u0105 dien\u0105 rengti gerokai intensyvesnius dron\u0173 antskryd\u017eius.<\/p>\n<p>Nuo pra\u0117jusios savait\u0117s Kijev\u0105 ir jo apylinkes atakuoja reaktyviniai dronai, d\u0117l to kasdien po keliolika kart\u0173 aidi oro pavojaus sirenos, mieste buvo i\u0161 dalies sustabdyta ekonomin\u0117 veikla.<\/p>\n<p>Per Dnepro up\u0119, kuri dalija sostin\u0119 \u012f dvi dalis, nebeva\u017eiuoja metro, tod\u0117l kilo eismo chaosas.<\/p>\n<p>Kijevo meras Vitalijus Kli\u010dko platformoje \u201eTelegram\u201c prane\u0161\u0117 pirmadien\u012f susitik\u0119s su vietos pareig\u016bnais aptarti saugumo protokol\u0173 pakeitimus, si\u016blydamas, kad viena metro linija veikt\u0173 net ir antskryd\u017ei\u0173 metu.<\/p>\n<p>Miesto savivaldyb\u0117 taip pat prane\u0161\u0117, kad, antradien\u012f prasidedant mokslo metams, poky\u010di\u0173 bus ir mokyklose, kur, be kita ko, numatoma nuotolinio mokymosi galimyb\u0117.<\/p>\n<p>Kijevo gyventojai socialiniuose tinkluose \u0117m\u0117 svarstyti, ar \u012fmanoma toliau gyventi sostin\u0117je, ypa\u010d su vaikais, o kai kurie svarst\u0117 galimyb\u0119 persikelti \u012f saugesnes vietoves.<\/p>\n<p>\u201ePrie\u0161as bando paraly\u017eiuoti sostin\u0117s ir did\u017ei\u0173j\u0173 miest\u0173 ekonomin\u0119 veikl\u0105\u201c, \u2013 \u0161e\u0161tadien\u012f socialiniame tinkle \u201eFacebook\u201c paskelb\u0117 Ukrainos ministras pirmininkas Sergijus Koreckis.<\/p>\n<p>\u201eIlgai trunkantis oro pavojus daro poveik\u012f ne tik \u017emoni\u0173 saugumui, bet ir \u012fmoni\u0173, logistikos sistemos, transporto, mokykl\u0173 bei vaik\u0173 dar\u017eeli\u0173 veiklai\u201c, \u2013 teig\u0117 jis.<\/p>\n<p>Jis paragino atitinkamai pritaikyti saugumo taisykles, \u201esiekiant geriau apsaugoti \u017emones ir i\u0161saugoti galimyb\u0119 gyventi m\u016bs\u0173 miestuose ir bendruomen\u0117se\u201c.<\/p>\n<p>Kai kurie i\u0161 trij\u0173 milijon\u0173 Kijevo gyventoj\u0173 mano, kad saugumo protokolai yra neveiksmingi, o ekspertai si\u016blo taikyti lankstesn\u012f po\u017ei\u016br\u012f.<\/p>\n<p>\u201eJei d\u0117l vieno drono, pasirod\u017eiusio ka\u017ekur regione, kas valand\u0105 visoje sostin\u0117je ma\u017edaug 40 minu\u010di\u0173 sustos visa arba beveik visa veikla, taip ilgai nei\u0161silaikysime\u201c, \u2013 ketvirtadien\u012f platformoje \u201eFacebook\u201c para\u0161\u0117 teisinio tyrim\u0173 centro vadovas Mychaila \u017dernakovas.<\/p>\n","protected":false},"excerpt":{"rendered":"1 nuotr. \u0160i\u0173 met\u0173 vasaros prad\u017eioje Rusija ne tik prad\u0117jo smarkiau pulti Kijev\u0105 raketomis, bet ir kiekvien\u0105 dien\u0105&hellip;\n","protected":false},"author":2,"featured_media":266376,"comment_status":"","ping_status":"","sticky":false,"template":"","format":"standard","meta":{"footnotes":"","_share_on_mastodon":"0"},"categories":[6],"tags":[25,4443,2780,38614,30,31,267,34,35,24,6289,32,33,37,39,36,38,40,23,22,28,29,2635,119,26,27,360],"class_list":["post-266375","post","type-post","status-publish","format-standard","has-post-thumbnail","category-antrastes","tag-antrastes","tag-ataka","tag-aukos","tag-balistines","tag-breaking-news","tag-breakingnews","tag-dronai","tag-featured-news","tag-featurednews","tag-headlines","tag-kijevas","tag-latest-news","tag-latestnews","tag-lietuva","tag-lietuviu","tag-lithuania","tag-lithuanian","tag-lt","tag-naujienos","tag-news","tag-populiariausios-naujienos","tag-populiariausiosnaujienos","tag-raketos","tag-rusija","tag-top-stories","tag-topstories","tag-ukraina"],"share_on_mastodon":{"url":"https:\/\/pubeurope.com\/@lt\/117195800191769925","error":""},"_links":{"self":[{"href":"https:\/\/www.europesays.com\/lt\/wp-json\/wp\/v2\/posts\/266375","targetHints":{"allow":["GET"]}}],"collection":[{"href":"https:\/\/www.europesays.com\/lt\/wp-json\/wp\/v2\/posts"}],"about":[{"href":"https:\/\/www.europesays.com\/lt\/wp-json\/wp\/v2\/types\/post"}],"author":[{"embeddable":true,"href":"https:\/\/www.europesays.com\/lt\/wp-json\/wp\/v2\/users\/2"}],"replies":[{"embeddable":true,"href":"https:\/\/www.europesays.com\/lt\/wp-json\/wp\/v2\/comments?post=266375"}],"version-history":[{"count":0,"href":"https:\/\/www.europesays.com\/lt\/wp-json\/wp\/v2\/posts\/266375\/revisions"}],"wp:featuredmedia":[{"embeddable":true,"href":"https:\/\/www.europesays.com\/lt\/wp-json\/wp\/v2\/media\/266376"}],"wp:attachment":[{"href":"https:\/\/www.europesays.com\/lt\/wp-json\/wp\/v2\/media?parent=266375"}],"wp:term":[{"taxonomy":"category","embeddable":true,"href":"https:\/\/www.europesays.com\/lt\/wp-json\/wp\/v2\/categories?post=266375"},{"taxonomy":"post_tag","embeddable":true,"href":"https:\/\/www.europesays.com\/lt\/wp-json\/wp\/v2\/tags?post=266375"}],"curies":[{"name":"wp","href":"https:\/\/api.w.org\/{rel}","templated":true}]}}