{"id":266377,"date":"2026-09-01T12:32:11","date_gmt":"2026-09-01T12:32:11","guid":{"rendered":"https:\/\/www.europesays.com\/lt\/266377\/"},"modified":"2026-09-01T12:32:11","modified_gmt":"2026-09-01T12:32:11","slug":"naujame-vel-tie-patys-sezone-netiketas-atsisveikinimas-vardai","status":"publish","type":"post","link":"https:\/\/www.europesays.com\/lt\/266377\/","title":{"rendered":"Naujame \u201eV\u0117l tie patys\u201c sezone \u2013 netik\u0117tas atsisveikinimas | Vardai"},"content":{"rendered":"<p>Rugs\u0117jo 1-\u0105j\u0105 kanale \u201eNegyvas eteris\u201c jau pasirod\u0117 pirmoji naujojo \u201eV\u0117l tie patys\u201c sezono serija. Su gerb\u0117jais v\u0117l sveikinosi ved\u0117jai Mantas Katleris, Rolandas Mackevi\u010dius ir Mantas Stonkus.<\/p>\n<p>Epizod\u0105 \u017ei\u016br\u0117kite vaizdo \u012fra\u0161e:<\/p>\n<p>VIDEO: V\u0117l Tie Patys #258 apie vasaros nuotykius, GTA VI ir balt\u0105j\u0105 be\u017ed\u017eion\u0119<\/p>\n<p>\t\t<a href=\"https:\/\/www.15min.lt\/zmones\/video\/vel-tie-patys-258-apie-vasaros-nuotykius-gta-vi-ir-baltaja-bezdzione-282978\" class=\"video-link\" rel=\"nofollow noopener\" target=\"_blank\"><br \/>\n\t\t\t<img decoding=\"async\" src=\"https:\/\/www.europesays.com\/lt\/wp-content\/uploads\/2026\/09\/vel-tie-patys-258-apie-vasaros-nuotykius-gta-vi-ir-baltaja-bezdzione-6a96a057ba024.jpg\" alt=\"\" style=\"width: 100%;\"\/><\/p>\n<p>\t\t<\/a><\/p>\n<p>\t Naujas sezonas \u2013 su poky\u010diais <\/p>\n<p>Tiesa, su naujuoju sezonu tinklalaid\u0117je pasirod\u0117 ir poky\u010diai \u2013 socialiniuose tinkluose pasirod\u0117 atsisveikinimas su vienu i\u0161 tinklalaid\u0117s veid\u0173 Goda An\u010diukaityte.<\/p>\n<p> <a href=\"https:\/\/s1.15min.lt\/images\/photos\/2026\/09\/01\/original\/vel-tie-patys-mantas-katleris-rolandas-mackevicius-mantas-stonkus-6a96a2bfc399f.jpg\" rel=\"content-image nofollow noopener\" title=\"Asmeninio albumo nuotr.\/\u201eV\u0117l tie patys\u201c - Mantas Katleris, Rolandas Mackevi\u010dius, Mantas Stonkus\" target=\"_blank\"><img decoding=\"async\" alt=\"Asmeninio albumo nuotr.\/\u201eV\u0117l tie patys\u201c - Mantas Katleris, Rolandas Mackevi\u010dius, Mantas Stonkus\" rel=\"content-image\" src=\"https:\/\/www.europesays.com\/lt\/wp-content\/uploads\/2026\/09\/vel-tie-patys-mantas-katleris-rolandas-mackevicius-mantas-stonkus-6a96a2bfc399f.jpg\" style=\"width: auto; height: auto;\"\/><\/a> <\/p>\n<p>Asmeninio albumo nuotr.\/\u201eV\u0117l tie patys\u201c &#8211; Mantas Katleris, Rolandas Mackevi\u010dius, Mantas Stonkus<\/p>\n<p>\u201eA\u010di\u016b @goda_anc u\u017e tavo ind\u0117l\u012f \u012f podcast\u2019\u0105, u\u017e tavo istorijas eteryje ir u\u017e jo ir, \u017einoma, u\u017e geriausi\u0105 Kal\u0117d\u0173 Senel\u012f. Buvai ir visada liksi svarbia m\u016bs\u0173 komandos dalimi. S\u0117km\u0117s naujame etape, pribliauk ir pri\u017evenk! Pasimatysime kituose projektuose\u201c, \u2013 ra\u0161oma \u012fra\u0161e.<\/p>\n<p>Vis d\u0117lto poky\u010diai \u010dia nesibaigia. Ai\u0161k\u0117ja, kad Godos viet\u0105 pakeis komikas Evaldas Jasaitis.<\/p>\n<p>\u201e8 SEZON\u0104 PRADEDAM!\u201c \u2013 br\u016bk\u0161tel\u0117jo komanda, pasidalijusi bendra nuotrauka su E.Jasai\u010diu.<\/p>\n","protected":false},"excerpt":{"rendered":"Rugs\u0117jo 1-\u0105j\u0105 kanale \u201eNegyvas eteris\u201c jau pasirod\u0117 pirmoji naujojo \u201eV\u0117l tie patys\u201c sezono serija. Su gerb\u0117jais v\u0117l sveikinosi&hellip;\n","protected":false},"author":2,"featured_media":266378,"comment_status":"","ping_status":"","sticky":false,"template":"","format":"standard","meta":{"footnotes":"","_share_on_mastodon":"0"},"categories":[21],"tags":[113,37,39,36,38,40,114],"class_list":["post-266377","post","type-post","status-publish","format-standard","has-post-thumbnail","category-pramogos","tag-entertainment","tag-lietuva","tag-lietuviu","tag-lithuania","tag-lithuanian","tag-lt","tag-pramogos"],"share_on_mastodon":{"url":"https:\/\/pubeurope.com\/@lt\/117195803670862050","error":""},"_links":{"self":[{"href":"https:\/\/www.europesays.com\/lt\/wp-json\/wp\/v2\/posts\/266377","targetHints":{"allow":["GET"]}}],"collection":[{"href":"https:\/\/www.europesays.com\/lt\/wp-json\/wp\/v2\/posts"}],"about":[{"href":"https:\/\/www.europesays.com\/lt\/wp-json\/wp\/v2\/types\/post"}],"author":[{"embeddable":true,"href":"https:\/\/www.europesays.com\/lt\/wp-json\/wp\/v2\/users\/2"}],"replies":[{"embeddable":true,"href":"https:\/\/www.europesays.com\/lt\/wp-json\/wp\/v2\/comments?post=266377"}],"version-history":[{"count":0,"href":"https:\/\/www.europesays.com\/lt\/wp-json\/wp\/v2\/posts\/266377\/revisions"}],"wp:featuredmedia":[{"embeddable":true,"href":"https:\/\/www.europesays.com\/lt\/wp-json\/wp\/v2\/media\/266378"}],"wp:attachment":[{"href":"https:\/\/www.europesays.com\/lt\/wp-json\/wp\/v2\/media?parent=266377"}],"wp:term":[{"taxonomy":"category","embeddable":true,"href":"https:\/\/www.europesays.com\/lt\/wp-json\/wp\/v2\/categories?post=266377"},{"taxonomy":"post_tag","embeddable":true,"href":"https:\/\/www.europesays.com\/lt\/wp-json\/wp\/v2\/tags?post=266377"}],"curies":[{"name":"wp","href":"https:\/\/api.w.org\/{rel}","templated":true}]}}