{"id":266385,"date":"2026-09-01T12:40:10","date_gmt":"2026-09-01T12:40:10","guid":{"rendered":"https:\/\/www.europesays.com\/lt\/266385\/"},"modified":"2026-09-01T12:40:10","modified_gmt":"2026-09-01T12:40:10","slug":"ikea-europoje-smarkiai-mazina-kainas-atpigs-apie-1-500-prekiu-verslas","status":"publish","type":"post","link":"https:\/\/www.europesays.com\/lt\/266385\/","title":{"rendered":"IKEA Europoje smarkiai ma\u017eina kainas: atpigs apie 1 500 preki\u0173 | Verslas"},"content":{"rendered":"<p>\n                2026-09-01 11:00<\/p>\n<p>                                    Atnaujinta 2026-09-01 11:51\n                                            <\/p>\n<p>                Prenumeratoriams<\/p>\n<p>\n                Kylant bendroms pragyvenimo i\u0161laidoms, bald\u0173 mil\u017ein\u0117 \u201eIkea\u201c antradien\u012f prane\u0161\u0117, kad nuo rugs\u0117jo 1-osios iki 28 proc. ma\u017eina ma\u017edaug 1 500 preki\u0173 kainas Europoje, siekdama pritraukti daugiau klient\u0173.            <\/p>\n<p>\t\t\t\t<a href=\"https:\/\/s1.15min.lt\/images\/photos\/2026\/09\/01\/original\/margarita-young-alamy-6a96860d3dcb2.jpg\" title=\" Margarita Young \/ Alamy\" class=\"image-link\" rel=\"nofollow noopener\" target=\"_blank\"><br \/>\n\t\t\t<img decoding=\"async\" alt=\"Margarita Young \/ Alamy\" src=\"https:\/\/www.europesays.com\/lt\/wp-content\/uploads\/2026\/09\/margarita-young-alamy-6a96860d3dcb2.jpg\" itemprop=\"image\" width=\"970\" height=\"580\" fetchpriority=\"high\"\/>\t\t\t\t\t<\/a><\/p>\n<p>\n        Margarita Young \/ Alamy \t<\/p>\n","protected":false},"excerpt":{"rendered":"2026-09-01 11:00 Atnaujinta 2026-09-01 11:51 Prenumeratoriams Kylant bendroms pragyvenimo i\u0161laidoms, bald\u0173 mil\u017ein\u0117 \u201eIkea\u201c antradien\u012f prane\u0161\u0117, kad nuo rugs\u0117jo&hellip;\n","protected":false},"author":2,"featured_media":266386,"comment_status":"","ping_status":"","sticky":false,"template":"","format":"standard","meta":{"footnotes":"","_share_on_mastodon":"0"},"categories":[21],"tags":[113,37,39,36,38,40,114],"class_list":["post-266385","post","type-post","status-publish","format-standard","has-post-thumbnail","category-pramogos","tag-entertainment","tag-lietuva","tag-lietuviu","tag-lithuania","tag-lithuanian","tag-lt","tag-pramogos"],"share_on_mastodon":{"url":"https:\/\/pubeurope.com\/@lt\/117195835278951264","error":""},"_links":{"self":[{"href":"https:\/\/www.europesays.com\/lt\/wp-json\/wp\/v2\/posts\/266385","targetHints":{"allow":["GET"]}}],"collection":[{"href":"https:\/\/www.europesays.com\/lt\/wp-json\/wp\/v2\/posts"}],"about":[{"href":"https:\/\/www.europesays.com\/lt\/wp-json\/wp\/v2\/types\/post"}],"author":[{"embeddable":true,"href":"https:\/\/www.europesays.com\/lt\/wp-json\/wp\/v2\/users\/2"}],"replies":[{"embeddable":true,"href":"https:\/\/www.europesays.com\/lt\/wp-json\/wp\/v2\/comments?post=266385"}],"version-history":[{"count":0,"href":"https:\/\/www.europesays.com\/lt\/wp-json\/wp\/v2\/posts\/266385\/revisions"}],"wp:featuredmedia":[{"embeddable":true,"href":"https:\/\/www.europesays.com\/lt\/wp-json\/wp\/v2\/media\/266386"}],"wp:attachment":[{"href":"https:\/\/www.europesays.com\/lt\/wp-json\/wp\/v2\/media?parent=266385"}],"wp:term":[{"taxonomy":"category","embeddable":true,"href":"https:\/\/www.europesays.com\/lt\/wp-json\/wp\/v2\/categories?post=266385"},{"taxonomy":"post_tag","embeddable":true,"href":"https:\/\/www.europesays.com\/lt\/wp-json\/wp\/v2\/tags?post=266385"}],"curies":[{"name":"wp","href":"https:\/\/api.w.org\/{rel}","templated":true}]}}