{"id":266403,"date":"2026-09-01T12:58:12","date_gmt":"2026-09-01T12:58:12","guid":{"rendered":"https:\/\/www.europesays.com\/lt\/266403\/"},"modified":"2026-09-01T12:58:12","modified_gmt":"2026-09-01T12:58:12","slug":"isigaliojo-pensininkams-palankios-istatymo-pataisos-respublika-lt","status":"publish","type":"post","link":"https:\/\/www.europesays.com\/lt\/266403\/","title":{"rendered":"\u012esigaliojo pensininkams palankios \u012fstatymo pataisos &#8211; Respublika.lt"},"content":{"rendered":"<p><img loading=\"lazy\" decoding=\"async\" src=\"https:\/\/www.respublika.lt\/lt\/naujienos\/lietuva\/kitos-lietuvos-zinios\/isigaliojo-pensininkams-palankios-istatymo-pataisos\/images\/ico_camera_white.gif\" class=\"camera\" width=\"22\" height=\"15\" alt=\"nuotr.\" style=\"position:relative; top:-2px; right:2px;\"\/> 1 nuotr.<\/p>\n<p>\u012esigaliojo pataisos, leisian\u010dios gyventojams gauti pensij\u0105 u\u017e ilgesn\u012f praleist\u0105 laikotarp\u012f. Asociatyvi Eltos nuotr.<\/p>\n<p style=\"text-align: justify;\" class=\"desktop_banner\">\u00a0<\/p>\n<p style=\"text-align: left;\">Parlamentarai, tiksliau reglamentuodami pensij\u0173 skyrimo tvark\u0105,\u00a0i\u0161sprend\u0117 praktikoje pasitaikan\u010di\u0105 situacij\u0105, kai d\u0117l senatv\u0117s pensijos skyrimo \u017emogus kreip\u0117si pav\u0117luotai, t. y. pra\u0117jus daugiau kaip 12 m\u0117nesi\u0173 nuo teis\u0117s \u012f pensij\u0105 atsiradimo.\u00a0<\/p>\n<p style=\"text-align: left;\">Kaip numato \u012fsigalioj\u0119 \u012fstatymo pakeitimai, jei d\u0117l senatv\u0117s pensijos \u017emogus nesikreip\u0117 ir jos negavo, laikoma, kad senatv\u0117s pensijos skyrimas atid\u0117tas.<\/p>\n<p style=\"text-align: left;\">Tokiais atvejais jam i\u0161mokama pensija did\u0117s 8 procentais u\u017e kiekvienus pilnus metus, kai pensija priklaus\u0117, ta\u010diau nebuvo mokama.\u00a0<\/p>\n<p style=\"text-align: left;\">\u012estatymo pataisas inicijav\u0119s Seimo narys Linas Kukuraitis mano, kad nauja tvarka bus socialiai teisingesn\u0117.\u00a0<\/p>\n<p style=\"text-align: left;\">\u201eIki \u0161iol, jeigu \u017emogus pats u\u017epildydavo pra\u0161ym\u0105 atid\u0117ti pensijos mok\u0117jim\u0105, tuomet senatv\u0117s pensija jam buvo didinama 8 procentais u\u017e kiekvienus pilnus atid\u0117jimo metus. Ta\u010diau jeigu gyventojas tiesiog pamir\u0161davo kreiptis d\u0117l pensijos \u2013 ji ne tik nedid\u0117jo, bet buvo prarandama, nes para\u0161ius pra\u0161ym\u0105 j\u0105 gauti po, tarkim, 18 m\u0117nesi\u0173, buvo sumokama tik 12 m\u0117nesi\u0173 dyd\u017eio pensijos suma\u201c, \u2013 Eltai teig\u0117 Seimo Demokrat\u0173 frakcijos \u201eVardan Lietuvos\u201c\u00a0narys L. Kukuraitis.<\/p>\n<p style=\"text-align: left;\">Anot L. Kukurai\u010dio, \u012f tokias situacijas da\u017eniau patenka u\u017esienyje gyvenantys senjorai, kurie yra \u012fgij\u0119 teis\u0119 \u012f senatv\u0117s pensij\u0105 Lietuvoje, ta\u010diau d\u0117l jos nesikreipia.<\/p>\n<p style=\"text-align: left;\">Pagal dabar galiojan\u010dius teis\u0117s aktus, nesvarbu kuriam laikui pra\u0117jus asmuo kreipiasi, pensija skiriama ir mokama ne daugiau kaip u\u017e 12 pra\u0117jusi\u0173 m\u0117nesi\u0173.<\/p>\n<p style=\"text-align: left;\">\u0160i\u0173 met\u0173 baland\u017eio 9 d. Socialinio draudimo pensij\u0173 \u012fstatymo pataisoms, kurios \u012fsigaliojo rugs\u0117jo 1 d., vieningai pritar\u0117 86 balsavime dalyvav\u0119 Seimo nariai.\u00a0<\/p>\n","protected":false},"excerpt":{"rendered":"1 nuotr. \u012esigaliojo pataisos, leisian\u010dios gyventojams gauti pensij\u0105 u\u017e ilgesn\u012f praleist\u0105 laikotarp\u012f. Asociatyvi Eltos nuotr. \u00a0 Parlamentarai, tiksliau&hellip;\n","protected":false},"author":2,"featured_media":266404,"comment_status":"","ping_status":"","sticky":false,"template":"","format":"standard","meta":{"footnotes":"","_share_on_mastodon":"0"},"categories":[6],"tags":[25,23686,30,31,34,35,24,133,32,33,37,39,36,38,40,23,22,1506,28,29,128,2253,26,27],"class_list":["post-266403","post","type-post","status-publish","format-standard","has-post-thumbnail","category-antrastes","tag-antrastes","tag-atidejimas","tag-breaking-news","tag-breakingnews","tag-featured-news","tag-featurednews","tag-headlines","tag-istatymas","tag-latest-news","tag-latestnews","tag-lietuva","tag-lietuviu","tag-lithuania","tag-lithuanian","tag-lt","tag-naujienos","tag-news","tag-pensija","tag-populiariausios-naujienos","tag-populiariausiosnaujienos","tag-seimas","tag-senjorai","tag-top-stories","tag-topstories"],"share_on_mastodon":{"url":"https:\/\/pubeurope.com\/@lt\/117195906511497549","error":""},"_links":{"self":[{"href":"https:\/\/www.europesays.com\/lt\/wp-json\/wp\/v2\/posts\/266403","targetHints":{"allow":["GET"]}}],"collection":[{"href":"https:\/\/www.europesays.com\/lt\/wp-json\/wp\/v2\/posts"}],"about":[{"href":"https:\/\/www.europesays.com\/lt\/wp-json\/wp\/v2\/types\/post"}],"author":[{"embeddable":true,"href":"https:\/\/www.europesays.com\/lt\/wp-json\/wp\/v2\/users\/2"}],"replies":[{"embeddable":true,"href":"https:\/\/www.europesays.com\/lt\/wp-json\/wp\/v2\/comments?post=266403"}],"version-history":[{"count":0,"href":"https:\/\/www.europesays.com\/lt\/wp-json\/wp\/v2\/posts\/266403\/revisions"}],"wp:featuredmedia":[{"embeddable":true,"href":"https:\/\/www.europesays.com\/lt\/wp-json\/wp\/v2\/media\/266404"}],"wp:attachment":[{"href":"https:\/\/www.europesays.com\/lt\/wp-json\/wp\/v2\/media?parent=266403"}],"wp:term":[{"taxonomy":"category","embeddable":true,"href":"https:\/\/www.europesays.com\/lt\/wp-json\/wp\/v2\/categories?post=266403"},{"taxonomy":"post_tag","embeddable":true,"href":"https:\/\/www.europesays.com\/lt\/wp-json\/wp\/v2\/tags?post=266403"}],"curies":[{"name":"wp","href":"https:\/\/api.w.org\/{rel}","templated":true}]}}