{"id":266451,"date":"2026-09-01T14:08:21","date_gmt":"2026-09-01T14:08:21","guid":{"rendered":"https:\/\/www.europesays.com\/lt\/266451\/"},"modified":"2026-09-01T14:08:21","modified_gmt":"2026-09-01T14:08:21","slug":"nuo-rugsejo-svarbus-pokyciai-svietimo-sistemoje-galios-ir-mokiniams-ir-mokytojams-respublika-lt","status":"publish","type":"post","link":"https:\/\/www.europesays.com\/lt\/266451\/","title":{"rendered":"Nuo rugs\u0117jo \u2013 svarb\u016bs poky\u010diai \u0161vietimo sistemoje: galios ir mokiniams, ir mokytojams &#8211; Respublika.lt"},"content":{"rendered":"<p style=\"text-align: justify;\" class=\"desktop_banner\">\u00a0<\/p>\n<p style=\"text-align: left;\">\u00a0<\/p>\n<p style=\"text-align: left;\">Nuo rugs\u0117jo 1-osios visos ikimokyklinio ir bendrojo ugdymo mokyklose, atsi\u017evelgdamos\u00a0\u012f savo mokykl\u0173 taryb\u0173 si\u016blymus ir patvirtintas nacionalines rekomendacijas,\u00a0prival\u0117s nustatyti mokini\u0173 asmenini\u0173 telefon\u0173 bei kit\u0173 \u012frengini\u0173 naudojimosi tvark\u0105.\u00a0<\/p>\n<p style=\"text-align: left;\">\u0160vietimo, mokslo ir sporto ministerija (\u0160MSM) pirmaisiais mokslo met\u0173 m\u0117nesiais \u0161ias tvarkas ruo\u0161iasi per\u017ei\u016br\u0117ti. Kaip anks\u010diau teig\u0117 \u0161ios ministerijos vadov\u0117 Raminta Popovien\u0117, jeigu paai\u0161k\u0117s, kad \u0161io teisinio reguliavimo nepakanka, gali tekti grie\u017etinti reglamentavim\u0105. \u00a0<\/p>\n<p style=\"text-align: left;\">Lietuvi\u0173 kalba tautini\u0173 ma\u017eum\u0173 mokyklose<\/p>\n<p style=\"text-align: left;\">Poky\u010diai pasieks ir tautini\u0173 ma\u017eum\u0173 \u0161vietimo \u012fstaigose besimokan\u010dius pradinukus, mat bus didinamas lietuvi\u0173 kalbos pamok\u0173 skai\u010dius.\u00a0<\/p>\n<p style=\"text-align: left;\">Iki \u0161iol tautini\u0173 ma\u017eum\u0173 pradin\u0117se klas\u0117se valstybin\u0117s kalbos pamokos vykdavo 5 valandas per savait\u0119. Nuo nauj\u0173j\u0173 mokslo met\u0173 \u0161is skai\u010dius didinamas iki 7 valand\u0173.\u00a0<\/p>\n<p style=\"text-align: left;\">Tuo metu u\u017esienio kalb\u0173 mokymuisi \u012fvedamos lankstesn\u0117s s\u0105lygos \u2013 nuo rugs\u0117jo Europos S\u0105jungos (ES) kalb\u0173 gal\u0117s mokyti gimtakalbiai specialistai, kalb\u0105 mokantys ne \u017eemesniu, kaip C1 lygiu,\u00a0\u012fgydami pedagogo kvalifikacij\u0105 per dvejus metus.\u00a0<\/p>\n<p style=\"text-align: left;\">Tikslinamos programos<\/p>\n<p style=\"text-align: left;\">Tuo metu \u0160vietimo, mokslo ir sporto ministerija (\u0160MSM) nuo rugs\u0117jo 1d. tikslina matematikos, lietuvi\u0173 kalbos ir literat\u016bros, istorijos, biologijos, fizikos, geografijos bei informatikos programas. Atsi\u017evelgus \u012f \u0161i\u0173 mokom\u0173j\u0173 dalyk\u0173 taryb\u0173 rekomendacijas, patikslinta tem\u0173 apimtis ir mokymosi seka, patikslinta terminija bei atsisakyta perteklini\u0173 tem\u0173.<\/p>\n<p style=\"text-align: left;\">Taip pat ple\u010diamas ir u\u017eduo\u010di\u0173 bei priemoni\u0173 prieinamumas moksleiviams, turintiems speciali\u0173j\u0173 ugdymosi poreiki\u0173. Kaip prane\u0161a ministerija, 2026 m. rugs\u0117j\u012f mokyklos gal\u0117s rinktis speciali\u0105sias mokymo priemones i\u0161 Lietuvos \u012ftraukties \u0161vietime centro patvirtinto katalogo. \u0160i\u0173 priemoni\u0173 \u012fsigijimui ministerija skyr\u0117 3 mln. eur\u0173.\u00a0<\/p>\n<p style=\"text-align: left;\">20 nauj\u0173 sporto klasi\u0173<\/p>\n<p style=\"text-align: left;\">Atsi\u017evelgiant \u012f jaun\u0173j\u0173 sportinink\u0173 poreikius, nuo rudens keturiose \u0161alies savivaldyb\u0117se duris atveria 20 sporto klasi\u0173. 13 i\u0161 j\u0173 \u2013 sostin\u0117je, 4\u00a0\u2013 Kauno rajone, 2 \u2013 K\u0117dainiuose ir 1 Panev\u0117\u017eyje.\u00a0<\/p>\n<p style=\"text-align: left;\">Sportinink\u0173 klas\u0117s steigiamos siekiant sudaryti s\u0105lygas pagal sporto klub\u0173 ar federacij\u0173 programas sportuojantiems mokiniams lengviau suderinti pamok\u0173 ir treniruo\u010di\u0173 tvarkara\u0161\u010dius ir jau mokykloje planuoti dvikrypt\u0119 karjer\u0105.<\/p>\n<p style=\"text-align: left;\">Tiesa, \u0161ios klas\u0117s gali veikti tik tose mokyklose, kurios turi auk\u0161to meistri\u0161kumo pratyboms pritaikyt\u0105 sporto infrastrukt\u016br\u0105 arba sudaro s\u0105lygas sportuoti kitoje tam skirtoje sporto baz\u0117je. Mokiniai \u012f \u0161ias klases priimami tik su sporto organizacijos rekomendacija.<\/p>\n<p style=\"text-align: left;\">Didesnis d\u0117mesys\u00a0emocin\u0117s aplinkos gerinimui\u00a0<\/p>\n<p style=\"text-align: left;\">\u012egyvendinant mokytoj\u0173 pritraukimo ir i\u0161laikymo darbo vietose plan\u0105, nuo spalio 1-osios pradeda veikti pirmoji Lietuvoje psichologin\u0117s ir pirmin\u0117s teisin\u0117s pagalbos mobilioji linija, skirta pedagogams.\u00a0<\/p>\n<p style=\"text-align: left;\">Kaip anks\u010diau teig\u0117 R. Popovien\u0117, mokytojai gal\u0117s gauti emocin\u0119 pagalb\u0105 streso, nerimo, profesinio perdegimo, smurto ir paty\u010di\u0173, tarpasmenini\u0173 ir profesini\u0173 santyki\u0173 klausimais.\u00a0Tuo metu pirmin\u0119 teisin\u0119 pagalb\u0105 teiks teisininkai darbo santyki\u0173 ir darbo teis\u0117s, skund\u0173, mokytoj\u0173 teisi\u0173 apsaugos, vidaus proced\u016br\u0173, apmok\u0117jim\u0173 u\u017e darb\u0105, konflikt\u0173, mokini\u0173 drausminimo ir atsakomybi\u0173, vaiko teisi\u0173, asmens duomen\u0173 apsaugos klausimais.<\/p>\n<p style=\"text-align: left;\">Be kita ko, \u0161vietimo \u012fstaig\u0173 vadovams bus vedami special\u016bs mokymai smurto, paty\u010di\u0173 prevencijos temomis. Taip pat startuos emocini\u0173 kompetencij\u0173 stiprinimo programa.\u00a0<\/p>\n<p style=\"text-align: left;\">\u0160MSM teigimu, naujaisiais mokslo metais \u0161vietimo \u012fstaig\u0173 patalpose bus kabinami vienlapiai, informuojantys apie smurt\u0105, paty\u010dias ir pagalb\u0105 teikian\u010dias \u012fstaigas bei j\u0173 kontaktus.<\/p>\n<p style=\"text-align: left;\">Sieks pritraukti ir i\u0161laikyti pedagogus darbo vietose\u00a0<\/p>\n<p style=\"text-align: left;\">Be to, bir\u017eel\u012f R. Popovien\u0117 pristat\u0117 \u0160MSM parengt\u0105 2026\u20132028 m. priemoni\u0173 plan\u0105, skirt\u0105 pedagogams pritraukti ir i\u0161laikyti darbo vietose. Ministerijos planuose \u2013 lankstesn\u0117s \u012fsidarbinimo ir karjeros s\u0105lygos mokyklose, psichologin\u0117s ir teisin\u0117s pagalbos linijos \u012fsteigimas.\u00a0<\/p>\n<p style=\"text-align: left;\">\u0160iuo planu numatyta ateinan\u010diais metais pl\u0117sti prioritetini\u0173 pedagogikos studij\u0173 s\u0105ra\u0161\u0105 \u2013 ispan\u0173, angl\u0173 kalbos ar socialin\u0117s pedagogikos besimokantys studentai ir mokytojai gal\u0117s pretenduoti \u012f valstyb\u0117s skiriamas stipendijas.\u00a0<\/p>\n<p style=\"text-align: left;\">Pedagogams si\u016blomos lankstesn\u0117s \u012fsidarbinimo bei kvalifikacijos i\u0161laikymo s\u0105lygos \u2013 magistro laipsn\u012f \u012fgij\u0119 \u017emon\u0117s savo kvalifikacijos lygiu nuo \u0161iol gal\u0117t\u0173 b\u016bti prilyginami vyresniajam mokytojui. Daktaro laipsn\u012f ar auk\u0161tesnius turintys b\u016bt\u0173 prilyginti mokytojo metodininko kvalifikacijai.\u00a0\u00a0<\/p>\n<p style=\"text-align: left;\">Be to, magistro laipsn\u012f \u012fgij\u0119 \u017emon\u0117s savo kvalifikacijos lygiu nuo \u0161iol gal\u0117t\u0173 b\u016bti prilyginami vyresniajam mokytojui. Daktaro laipsn\u012f ar auk\u0161tesnius turintys b\u016bt\u0173 prilyginti mokytojo metodininko kvalifikacijai.\u00a0<\/p>\n<p style=\"text-align: left;\">Ministerija skai\u010diuoja, kad penkeri\u0173 met\u0173 laikotarpiu mokytoj\u0173 tr\u016bkumas Lietuvoje gali i\u0161augti iki 6 t\u016bkst. R. Popovien\u0117s teigimu, daugiausiai tr\u016bksta matematikos, u\u017esienio kalb\u0173, lietuvi\u0173 kalbos, chemijos, fizikos pedagog\u0173.\u00a0<\/p>\n","protected":false},"excerpt":{"rendered":"\u00a0 \u00a0 Nuo rugs\u0117jo 1-osios visos ikimokyklinio ir bendrojo ugdymo mokyklose, atsi\u017evelgdamos\u00a0\u012f savo mokykl\u0173 taryb\u0173 si\u016blymus ir patvirtintas&hellip;\n","protected":false},"author":2,"featured_media":266452,"comment_status":"","ping_status":"","sticky":false,"template":"","format":"standard","meta":{"footnotes":"","_share_on_mastodon":"0"},"categories":[6],"tags":[25,30,31,34,35,24,32,33,37,39,36,38,40,2868,23,22,3905,28,29,1904,129,26,27],"class_list":["post-266451","post","type-post","status-publish","format-standard","has-post-thumbnail","category-antrastes","tag-antrastes","tag-breaking-news","tag-breakingnews","tag-featured-news","tag-featurednews","tag-headlines","tag-latest-news","tag-latestnews","tag-lietuva","tag-lietuviu","tag-lithuania","tag-lithuanian","tag-lt","tag-moksleiviai","tag-naujienos","tag-news","tag-pedagogai","tag-populiariausios-naujienos","tag-populiariausiosnaujienos","tag-smsm","tag-svietimas","tag-top-stories","tag-topstories"],"share_on_mastodon":{"url":"https:\/\/pubeurope.com\/@lt\/117196181080183162","error":""},"_links":{"self":[{"href":"https:\/\/www.europesays.com\/lt\/wp-json\/wp\/v2\/posts\/266451","targetHints":{"allow":["GET"]}}],"collection":[{"href":"https:\/\/www.europesays.com\/lt\/wp-json\/wp\/v2\/posts"}],"about":[{"href":"https:\/\/www.europesays.com\/lt\/wp-json\/wp\/v2\/types\/post"}],"author":[{"embeddable":true,"href":"https:\/\/www.europesays.com\/lt\/wp-json\/wp\/v2\/users\/2"}],"replies":[{"embeddable":true,"href":"https:\/\/www.europesays.com\/lt\/wp-json\/wp\/v2\/comments?post=266451"}],"version-history":[{"count":0,"href":"https:\/\/www.europesays.com\/lt\/wp-json\/wp\/v2\/posts\/266451\/revisions"}],"wp:featuredmedia":[{"embeddable":true,"href":"https:\/\/www.europesays.com\/lt\/wp-json\/wp\/v2\/media\/266452"}],"wp:attachment":[{"href":"https:\/\/www.europesays.com\/lt\/wp-json\/wp\/v2\/media?parent=266451"}],"wp:term":[{"taxonomy":"category","embeddable":true,"href":"https:\/\/www.europesays.com\/lt\/wp-json\/wp\/v2\/categories?post=266451"},{"taxonomy":"post_tag","embeddable":true,"href":"https:\/\/www.europesays.com\/lt\/wp-json\/wp\/v2\/tags?post=266451"}],"curies":[{"name":"wp","href":"https:\/\/api.w.org\/{rel}","templated":true}]}}