{"id":266459,"date":"2026-09-01T14:15:25","date_gmt":"2026-09-01T14:15:25","guid":{"rendered":"https:\/\/www.europesays.com\/lt\/266459\/"},"modified":"2026-09-01T14:15:25","modified_gmt":"2026-09-01T14:15:25","slug":"policijos-reidai-rugsejo-menesi-ka-ir-kada-tikrins-respublika-lt","status":"publish","type":"post","link":"https:\/\/www.europesays.com\/lt\/266459\/","title":{"rendered":"Policijos reidai rugs\u0117jo m\u0117nes\u012f: k\u0105 ir kada tikrins? &#8211; Respublika.lt"},"content":{"rendered":"<p><img loading=\"lazy\" decoding=\"async\" src=\"https:\/\/www.respublika.lt\/lt\/naujienos\/auto\/auto\/policijos-reidai-rugsejo-menesi-ka-ir-kada-tikrins\/images\/ico_camera_white.gif\" class=\"camera\" width=\"22\" height=\"15\" alt=\"nuotr.\" style=\"position:relative; top:-2px; right:2px;\"\/> 1 nuotr.<\/p>\n<p>Asociatyvi redakcijos archyvo nuotr.<\/p>\n<p style=\"text-align: justify;\" class=\"desktop_banner\">\u00a0<\/p>\n<p>Policijos pareig\u016bnai patruliuos vie\u0161uoju, nevie\u0161uoju ar mi\u0161riuoju b\u016bdu.<\/p>\n<p>Rugs\u0117jo 1-4 ir 24- 25 dienomis &#8211; vairuotoj\u0173 nesustojimo prie\u0161 p\u0117s\u010di\u0173j\u0173 per\u0117j\u0105, kai to reikalaujama pagal Keli\u0173 eismo taisykles, kontrol\u0117.<\/p>\n<p>Policijos pareig\u016bnai bud\u0117s prie p\u0117s\u010di\u0173j\u0173 per\u0117j\u0173 kartu su Lietuvos Raudonojo Kry\u017eiaus draugijos nariais, Lietuvos \u0161auli\u0173 s\u0105jungos atstovais, Karo policijos pareig\u016bnais, AB \u201eKeli\u0173 prie\u017ei\u016bra&#8221; darbuotojais ir j\u0173 savanoriais, prisijungs ir policijos r\u0117m\u0117jai.<\/p>\n<p>Rugs\u0117jo 6-8 ir 26-27 dienomis &#8211; Dvira\u010di\u0173, elektrini\u0173 mikrojudumo priemoni\u0173, elektrini\u0173 moped\u0173 vairuotoj\u0173 kontrol\u0117 (ar \u0161ie eismo dalyviai laikosi Keli\u0173 eismo taisykli\u0173 VIII skyriaus \u201eReikalavimai dvira\u010di\u0173 vairuotojams&#8221; ir VIII(1) skyriaus \u201eElektrini\u0173 mikrojudumo priemoni\u0173 vairuotojams taikomi reikalavimai ir draudimai&#8221; nuostat\u0173).<\/p>\n<p>Rugs\u0117jo 11- 13 d. &#8211; Transporto priemoni\u0173 vairuotoj\u0173 blaivumo, apsvaigimo nuo narkotini\u0173 ar kit\u0173 psichik\u0105 veikian\u010di\u0173 med\u017eiag\u0173 kontrol\u0117.<\/p>\n<p>Rugs\u0117jo 16-22 d. &#8211;  Europos judumo savait\u0117 ir Europos keli\u0173 policijos tinklo ROADPOL (angl. European Roads Policing Network) inicijuotos Saugaus eismo dienos (angl. ROADPOL Safety Days).<\/p>\n<p>Rugs\u0117jo 17 dien\u0105 &#8211; Europos diena be \u017euvusi\u0173j\u0173 keliuose.<\/p>\n<p>Rugs\u0117jo 28-30 d. &#8211; Pavojingo ir chuligani\u0161ko vairavimo, manevravimo, lenkimo, kur tai draud\u017eiama daryti, kontrol\u0117.<\/p>\n<p>Apskri\u010di\u0173 vyriausieji policijos komisariatai savo pri\u017ei\u016brimose teritorijose gali organizuoti ir kitas papildomas priemones.<\/p>\n","protected":false},"excerpt":{"rendered":"1 nuotr. Asociatyvi redakcijos archyvo nuotr. \u00a0 Policijos pareig\u016bnai patruliuos vie\u0161uoju, nevie\u0161uoju ar mi\u0161riuoju b\u016bdu. Rugs\u0117jo 1-4 ir&hellip;\n","protected":false},"author":2,"featured_media":266460,"comment_status":"","ping_status":"","sticky":false,"template":"","format":"standard","meta":{"footnotes":"","_share_on_mastodon":"0"},"categories":[6],"tags":[25,38622,30,31,563,34,35,24,3141,32,33,37,39,36,38,40,23,22,601,28,29,38623,6635,3306,184,26,27,88],"class_list":["post-266459","post","type-post","status-publish","format-standard","has-post-thumbnail","category-antrastes","tag-antrastes","tag-automoboliai","tag-breaking-news","tag-breakingnews","tag-eismas","tag-featured-news","tag-featurednews","tag-headlines","tag-keliai","tag-latest-news","tag-latestnews","tag-lietuva","tag-lietuviu","tag-lithuania","tag-lithuanian","tag-lt","tag-naujienos","tag-news","tag-policija","tag-populiariausios-naujienos","tag-populiariausiosnaujienos","tag-prevencines","tag-priemones","tag-reidai","tag-rugsejis","tag-top-stories","tag-topstories","tag-vairuotojai"],"share_on_mastodon":{"url":"https:\/\/pubeurope.com\/@lt\/117196208381888081","error":""},"_links":{"self":[{"href":"https:\/\/www.europesays.com\/lt\/wp-json\/wp\/v2\/posts\/266459","targetHints":{"allow":["GET"]}}],"collection":[{"href":"https:\/\/www.europesays.com\/lt\/wp-json\/wp\/v2\/posts"}],"about":[{"href":"https:\/\/www.europesays.com\/lt\/wp-json\/wp\/v2\/types\/post"}],"author":[{"embeddable":true,"href":"https:\/\/www.europesays.com\/lt\/wp-json\/wp\/v2\/users\/2"}],"replies":[{"embeddable":true,"href":"https:\/\/www.europesays.com\/lt\/wp-json\/wp\/v2\/comments?post=266459"}],"version-history":[{"count":0,"href":"https:\/\/www.europesays.com\/lt\/wp-json\/wp\/v2\/posts\/266459\/revisions"}],"wp:featuredmedia":[{"embeddable":true,"href":"https:\/\/www.europesays.com\/lt\/wp-json\/wp\/v2\/media\/266460"}],"wp:attachment":[{"href":"https:\/\/www.europesays.com\/lt\/wp-json\/wp\/v2\/media?parent=266459"}],"wp:term":[{"taxonomy":"category","embeddable":true,"href":"https:\/\/www.europesays.com\/lt\/wp-json\/wp\/v2\/categories?post=266459"},{"taxonomy":"post_tag","embeddable":true,"href":"https:\/\/www.europesays.com\/lt\/wp-json\/wp\/v2\/tags?post=266459"}],"curies":[{"name":"wp","href":"https:\/\/api.w.org\/{rel}","templated":true}]}}