{"id":266483,"date":"2026-09-01T14:50:13","date_gmt":"2026-09-01T14:50:13","guid":{"rendered":"https:\/\/www.europesays.com\/lt\/266483\/"},"modified":"2026-09-01T14:50:13","modified_gmt":"2026-09-01T14:50:13","slug":"kaune-automobilio-ir-motociklo-susidurimas-i-pramones-pr-skubejo-tarnybos-atnaujinta","status":"publish","type":"post","link":"https:\/\/www.europesays.com\/lt\/266483\/","title":{"rendered":"Kaune \u2013 automobilio ir motociklo susid\u016brimas: \u012f Pramon\u0117s pr. skub\u0117jo tarnybos (atnaujinta)"},"content":{"rendered":"<p>Antradien\u012f per pietus Kaune, Pramon\u0117s prospekte, netoli prekybos miestelio \u201eUrmas\u201c, susid\u016br\u0117 automobilis ir <a href=\"https:\/\/kaunas.kasvyksta.lt\/motociklas\" title=\"Motociklas\" rel=\"nofollow noopener\" target=\"_blank\">motociklas<\/a>. \u012e nelaim\u0117s viet\u0105 skubiai i\u0161vyko tarnybos.<\/p>\n<p>Apie eismo \u012fvyk\u012f naujien\u0173 portalui \u201eKas vyksta Kaune\u201c prane\u0161\u0117 liudininkai.<\/p>\n<p>\u201eMotociklo <a href=\"https:\/\/kaunas.kasvyksta.lt\/avarija\" title=\"Avarija\" rel=\"nofollow noopener\" target=\"_blank\">avarija<\/a> Pramon\u0117s pr.\u201c, \u2013 12.25 val. ra\u0161\u0117 kaunietis. Skaitytojo pateiktoje nuotraukoje matyti ant va\u017eiuojamosios dalies gulintis \u017emogus.<\/p>\n<p>Kauno apskrities vyriausiojo policijos komisariato budintis pareig\u016bnas portalui patvirtino, kad prane\u0161imas apie eismo \u012fvyk\u012f Pramon\u0117s pr. gautas 12.02 val. Pareig\u016bno teigimu, prane\u0161ta apie ant kelio gulint\u012f motociklo vairuotoj\u0105.<\/p>\n<p>Pirminiais duomenimis, susid\u016br\u0117 lengvasis automobilis ir motociklas. \u012evykio vietoje dirba policijos pareig\u016bnai, kurie ai\u0161kinasi avarijos aplinkybes.<\/p>\n<p>Pramon\u0117s prospekte \u2013 ir antras eismo \u012fvykis<\/p>\n<p>Kaip paai\u0161k\u0117jo, pana\u0161iu metu Pramon\u0117s pr. ir Draugyst\u0117s gatv\u0117s sankry\u017eoje fiksuota dar viena avarija. Liudinink\u0173 teigimu, \u010dia susid\u016br\u0117 du lengvieji automobiliai.<\/p>\n<p>Kauno prie\u0161gaisrin\u0117s gelb\u0117jimo valdybos budin\u010dio ugniagesio gelb\u0117tojo teigimu, i\u0161 prad\u017ei\u0173 gautas prane\u0161imas apie i\u0161 vieno automobilio r\u016bkstan\u010dius d\u016bmus, ta\u010diau atvykus paj\u0117goms paai\u0161k\u0117jo, kad rimtesnio gaisro pavojaus n\u0117ra. Prane\u0161im\u0173 apie transporto priemon\u0117se prispaustus asmenis \u0161ioje sankry\u017eoje taip pat negauta.<\/p>\n","protected":false},"excerpt":{"rendered":"Antradien\u012f per pietus Kaune, Pramon\u0117s prospekte, netoli prekybos miestelio \u201eUrmas\u201c, susid\u016br\u0117 automobilis ir motociklas. \u012e nelaim\u0117s viet\u0105 skubiai&hellip;\n","protected":false},"author":2,"featured_media":266484,"comment_status":"","ping_status":"","sticky":false,"template":"","format":"standard","meta":{"footnotes":"","_share_on_mastodon":"0"},"categories":[13],"tags":[25,155,30,31,20323,563,34,35,24,1061,32,33,37,39,36,38,40,5859,23,22,28,29,20282,26,27],"class_list":["post-266483","post","type-post","status-publish","format-standard","has-post-thumbnail","category-lietuva","tag-antrastes","tag-avarija","tag-breaking-news","tag-breakingnews","tag-draugystes-gatve","tag-eismas","tag-featured-news","tag-featurednews","tag-headlines","tag-kaunas","tag-latest-news","tag-latestnews","tag-lietuva","tag-lietuviu","tag-lithuania","tag-lithuanian","tag-lt","tag-motociklas","tag-naujienos","tag-news","tag-populiariausios-naujienos","tag-populiariausiosnaujienos","tag-pramones-prospektas","tag-top-stories","tag-topstories"],"share_on_mastodon":{"url":"https:\/\/pubeurope.com\/@lt\/117196346283258350","error":""},"_links":{"self":[{"href":"https:\/\/www.europesays.com\/lt\/wp-json\/wp\/v2\/posts\/266483","targetHints":{"allow":["GET"]}}],"collection":[{"href":"https:\/\/www.europesays.com\/lt\/wp-json\/wp\/v2\/posts"}],"about":[{"href":"https:\/\/www.europesays.com\/lt\/wp-json\/wp\/v2\/types\/post"}],"author":[{"embeddable":true,"href":"https:\/\/www.europesays.com\/lt\/wp-json\/wp\/v2\/users\/2"}],"replies":[{"embeddable":true,"href":"https:\/\/www.europesays.com\/lt\/wp-json\/wp\/v2\/comments?post=266483"}],"version-history":[{"count":0,"href":"https:\/\/www.europesays.com\/lt\/wp-json\/wp\/v2\/posts\/266483\/revisions"}],"wp:featuredmedia":[{"embeddable":true,"href":"https:\/\/www.europesays.com\/lt\/wp-json\/wp\/v2\/media\/266484"}],"wp:attachment":[{"href":"https:\/\/www.europesays.com\/lt\/wp-json\/wp\/v2\/media?parent=266483"}],"wp:term":[{"taxonomy":"category","embeddable":true,"href":"https:\/\/www.europesays.com\/lt\/wp-json\/wp\/v2\/categories?post=266483"},{"taxonomy":"post_tag","embeddable":true,"href":"https:\/\/www.europesays.com\/lt\/wp-json\/wp\/v2\/tags?post=266483"}],"curies":[{"name":"wp","href":"https:\/\/api.w.org\/{rel}","templated":true}]}}