{"id":266669,"date":"2026-09-01T19:05:56","date_gmt":"2026-09-01T19:05:56","guid":{"rendered":"https:\/\/www.europesays.com\/lt\/266669\/"},"modified":"2026-09-01T19:05:56","modified_gmt":"2026-09-01T19:05:56","slug":"vidmantas-misevicius-rudeniniai-smagumai-respublika-lt","status":"publish","type":"post","link":"https:\/\/www.europesays.com\/lt\/266669\/","title":{"rendered":"Vidmantas MISEVI\u010cIUS: Rudeniniai \u201esmagumai\u201c &#8211; Respublika.lt"},"content":{"rendered":"<p><img loading=\"lazy\" decoding=\"async\" src=\"https:\/\/www.respublika.lt\/lt\/naujienos\/nuomones_ir_komentarai\/vakaro-ziniu-redakcijos-skiltis\/vidmantas-misevicius-rudeniniai-smagumai\/images\/ico_camera_white.gif\" class=\"camera\" width=\"22\" height=\"15\" alt=\"nuotr.\" style=\"position:relative; top:-2px; right:2px;\"\/> 1 nuotr.<\/p>\n<p>Vilniaus miesto meras Valdas Benkunskas. Eltos nuotr.<\/p>\n<p style=\"text-align: justify;\" class=\"desktop_banner\">\u00a0<\/p>\n<p>Priminsiu, kad kadaise meru buv\u0119s laisvietis Remigutis \u0160. prad\u0117jo miesto gatvi\u0173 \u201edebilizavim\u0105&#8221;.<\/p>\n<p>J\u012f \u0161iose pareigose pakeit\u0119s i\u0161tikimas bendra\u017eygis i\u0161 vadinamosios konservatori\u0173 partijos Valdukas B., nors prie\u0161 rinkimus \u017ead\u0117jo baigti su infrastrukt\u016bros darkymu, tap\u0119s miesto vadovu savo prie\u0161rinkiminius pa\u017eadus s\u0117kmingai pamir\u0161o.<\/p>\n<p>Netgi dar daugiau. Matyt nusprend\u0119s perspjauti pirmtak\u0105, Valdukas B. ne tik toliau siaurina gatves, kuriose jau ne visada i\u0161sitenka net lengvieji automobiliai, o k\u0105 bekalb\u0117ti apie vie\u0161\u0105j\u012f transport\u0105, bet dar vienu metu beveik visame Vilniuje inicijavo vamzdyn\u0173 keitim\u0105.<\/p>\n<p>Net ir tose vietose, kur tik prie\u0161 por\u0105 met\u0173 buvo patiestas naujas asfaltas.<\/p>\n<p>\u017di\u016brint teori\u0161kai, jeigu vamzd\u017eiai susid\u0117v\u0117jo, tai gerai, kad juos kei\u010dia, ta\u010diau vertinant i\u0161 praktin\u0117s pus\u0117s lieka neai\u0161ku, kod\u0117l u\u017euot sutvarkius vien\u0105 atkarp\u0105 ir tik tuomet per\u0117jus prie kitos, jie kei\u010diami visur?<\/p>\n<p>Juolab kad tai sukuria gausyb\u0119 papildom\u0173 problem\u0173 vilnie\u010diams. Viena vertus, d\u0117l i\u0161darkyt\u0173 gatvi\u0173 bankrutuoja \u0161alia j\u0173 \u012fsik\u016br\u0119 verslai, kita vertus, tai tampa papildoma sp\u016bs\u010di\u0173 ir keliuose gai\u0161tamo laiko prie\u017eastimi.<\/p>\n<p>Vasar\u0105 su tuo dar ka\u017ekaip buvo galima susitaikyti, nes miestas buvo i\u0161tu\u0161t\u0117j\u0119s, o esant geram orui neretas gyventojas \u012f reikiam\u0105 viet\u0105 kulniuodavo p\u0117s\u010dias ar va\u017eiuodavo dvira\u010diu.<\/p>\n<p>Ta\u010diau vasara baig\u0117si ir prasideda mokslo metai, kuomet \u0161imtams t\u0117v\u0173 kasryt teks ve\u017eioti savo at\u017ealas \u012f mokyklas ir b\u016brelius, o vakarais &#8211; parsive\u017eti juos namo.<\/p>\n<p>Kaip manote, kas vyks susiaurintose ir perkastose Vilniaus gatv\u0117se?<\/p>\n<p>Turiu blog\u0105 nuojaut\u0105, kad net ankstesni\u0173 met\u0173 sp\u016bstys bus prisimenamos su nostalgija&#8230;<\/p>\n<p>Ir li\u016bdniausia, kad fakti\u0161kai, bent kol kas, pakeisti nieko negalima &#8211; kol Valdukas B. bus meras, tol \u201ecirkai&#8221; t\u0119sis.<\/p>\n<p>Ta\u010diau si\u016bly\u010diau \u0161ito nepamir\u0161ti per art\u0117jan\u010dius savivaldos rinkimus ir v\u0117l nei\u0161rinkti \u012f merus kokio \u201eklouno be cirko&#8221;.<\/p>\n","protected":false},"excerpt":{"rendered":"1 nuotr. Vilniaus miesto meras Valdas Benkunskas. Eltos nuotr. \u00a0 Priminsiu, kad kadaise meru buv\u0119s laisvietis Remigutis \u0160.&hellip;\n","protected":false},"author":2,"featured_media":266670,"comment_status":"","ping_status":"","sticky":false,"template":"","format":"standard","meta":{"footnotes":"","_share_on_mastodon":"0"},"categories":[6],"tags":[25,835,3013,30,31,563,34,35,24757,24,3860,32,33,37,39,36,38,40,6145,23,22,28,29,184,30722,26,27,18276,626],"class_list":["post-266669","post","type-post","status-publish","format-standard","has-post-thumbnail","category-antrastes","tag-antrastes","tag-asfaltas","tag-benkunskas","tag-breaking-news","tag-breakingnews","tag-eismas","tag-featured-news","tag-featurednews","tag-gatves","tag-headlines","tag-infrastruktura","tag-latest-news","tag-latestnews","tag-lietuva","tag-lietuviu","tag-lithuania","tag-lithuanian","tag-lt","tag-misevicius","tag-naujienos","tag-news","tag-populiariausios-naujienos","tag-populiariausiosnaujienos","tag-rugsejis","tag-simasius","tag-top-stories","tag-topstories","tag-vamzdziai","tag-vilnius"],"share_on_mastodon":{"url":"https:\/\/pubeurope.com\/@lt\/117197353237405963","error":""},"_links":{"self":[{"href":"https:\/\/www.europesays.com\/lt\/wp-json\/wp\/v2\/posts\/266669","targetHints":{"allow":["GET"]}}],"collection":[{"href":"https:\/\/www.europesays.com\/lt\/wp-json\/wp\/v2\/posts"}],"about":[{"href":"https:\/\/www.europesays.com\/lt\/wp-json\/wp\/v2\/types\/post"}],"author":[{"embeddable":true,"href":"https:\/\/www.europesays.com\/lt\/wp-json\/wp\/v2\/users\/2"}],"replies":[{"embeddable":true,"href":"https:\/\/www.europesays.com\/lt\/wp-json\/wp\/v2\/comments?post=266669"}],"version-history":[{"count":0,"href":"https:\/\/www.europesays.com\/lt\/wp-json\/wp\/v2\/posts\/266669\/revisions"}],"wp:featuredmedia":[{"embeddable":true,"href":"https:\/\/www.europesays.com\/lt\/wp-json\/wp\/v2\/media\/266670"}],"wp:attachment":[{"href":"https:\/\/www.europesays.com\/lt\/wp-json\/wp\/v2\/media?parent=266669"}],"wp:term":[{"taxonomy":"category","embeddable":true,"href":"https:\/\/www.europesays.com\/lt\/wp-json\/wp\/v2\/categories?post=266669"},{"taxonomy":"post_tag","embeddable":true,"href":"https:\/\/www.europesays.com\/lt\/wp-json\/wp\/v2\/tags?post=266669"}],"curies":[{"name":"wp","href":"https:\/\/api.w.org\/{rel}","templated":true}]}}