{"id":266777,"date":"2026-09-01T21:23:14","date_gmt":"2026-09-01T21:23:14","guid":{"rendered":"https:\/\/www.europesays.com\/lt\/266777\/"},"modified":"2026-09-01T21:23:14","modified_gmt":"2026-09-01T21:23:14","slug":"po-zacharovos-zodziu-nesusilaike-italijos-gynybos-ministras","status":"publish","type":"post","link":"https:\/\/www.europesays.com\/lt\/266777\/","title":{"rendered":"Po Zacharovos \u017eod\u017ei\u0173 nesusilaik\u0117 Italijos gynybos ministras"},"content":{"rendered":"<p>\u012etampa tarp Romos ir Maskvos i\u0161augo po to, kai Rusija sukritikavo M.Fedorovo tapim\u0105 Italijos gynybos ministerijos patar\u0117ju, ra\u0161o leidinys \u201eIl Sole 24Ore\u201c.<\/p>\n<p> Suabejojo, ar Zacharova skait\u0117 Rodari knyg\u0105 <\/p>\n<p>\u201eSuprantu, kad jie labiau nor\u0117t\u0173, jog sprendimus d\u0117l Italijos priimt\u0173 kas nors, kas pirmiausia klausosi Maskvos, \u2013 komentavo gynybos ministras Guido Crosetto. \u2013 Ta\u010diau kol kas taip n\u0117ra, ir sprendimai priimami galvojant apie Rom\u0105, o ne apie Maskv\u0105, Kyjiv\u0105 ar Va\u0161ington\u0105.\u201c<\/p>\n<p>Italijos ministras taip atsak\u0117 \u012f Rusijos u\u017esienio reikal\u0173 ministerijos atstov\u0117s Marijos Zacharovos komentarus, kuriais \u0161i Italijos gynybos ministerijos sprendim\u0105 pavadino \u201eitin juokingu\u201c.<\/p>\n<p>\u201eTa\u010diau yra vienas teigiamas aspektas, \u2013 prid\u016br\u0117 G.Crosetto. \u2013 Jei ji skait\u0117 Rodar\u012f \u2013 kuo a\u0161 abejoju \u2013 ji tur\u0117jo suprasti, kad mes nenorime baigti kaip pel\u0117, kuri suvalg\u0117 katinus, tod\u0117l mums reikia ir praktin\u0117s patirties. Bet abejoju, ar ji \u2013 arba m\u016bs\u0173 tautie\u010diai, kuriuos ji savo \u017einute band\u0117 sukurstyti \u2013 b\u016bt\u0173 link\u0119 tai priimti, nes tai mus pavaizduot\u0173 silpnus ir neginamus.\u201c<\/p>\n<p>  Zacharova prisi\u0161nek\u0117jo <a href=\"https:\/\/s1.15min.lt\/images\/photos\/2026\/08\/29\/original\/mychaila-fedorovas-anatolii-stepanov-reuters-6a927d21b1a69.jpg\" rel=\"content-image nofollow noopener\" target=\"_blank\" title=\"Mychaila Fedorovas \/ Anatolii Stepanov \/ REUTERS\"><img decoding=\"async\" alt=\"Mychaila Fedorovas \/ Anatolii Stepanov \/ REUTERS\" rel=\"content-image\" src=\"https:\/\/www.europesays.com\/lt\/wp-content\/uploads\/2026\/09\/mychaila-fedorovas-anatolii-stepanov-reuters-6a927d21b1a69.jpg\" style=\"width: auto; height: auto;\"\/><\/a> <\/p>\n<p>Mychaila Fedorovas \/ Anatolii Stepanov \/ REUTERS<\/p>\n<p>Ryt\u0173 ekonomikos forumo para\u0161t\u0117se, kaip prane\u0161\u0117 Rusijos naujien\u0173 agent\u016bra TASS, Maskvos u\u017esienio reikal\u0173 ministerijos atstov\u0117 M.Zacharova M.Fedorovo paskyrim\u0105 apib\u016bdino kaip \u201ejuoking\u0105\u201c ir \u201evert\u0105 Gianni Rodari satyros\u201c.<\/p>\n<p>\u201eJei Gianni Rodari b\u016bt\u0173 gyvas, \u2013 prid\u016br\u0117 M.Zacharova, \u2013 manau, kad jis apie tai para\u0161yt\u0173 satyrin\u0119 pasak\u0105, bet nesu tikra, ar ji b\u016bt\u0173 juokingesn\u0117 u\u017e \u0161i\u0105 tikr\u0105 istorij\u0105.\u201c<\/p>\n<p>Rusijos atstov\u0117s teigimu, \u0161is incidentas neva yra pavyzdys, kaip \u201evadybininkai\u201c Kyjive karinius pralaim\u0117jimus paver\u010dia asmenin\u0117mis tarptautin\u0117mis sutartimis.<\/p>\n<p>M.Fedorovas neseniai prane\u0161\u0117 tap\u0119s G.Crosetto patar\u0117ju ir paai\u0161kino, kad jo vaidmuo bus pad\u0117ti Italijos pus\u0117je pl\u0117toti \u201e\u0161iuolaikini\u0173 karo veiksm\u0173 technologijas\u201c.<\/p>\n","protected":false},"excerpt":{"rendered":"\u012etampa tarp Romos ir Maskvos i\u0161augo po to, kai Rusija sukritikavo M.Fedorovo tapim\u0105 Italijos gynybos ministerijos patar\u0117ju, ra\u0161o&hellip;\n","protected":false},"author":2,"featured_media":266778,"comment_status":"","ping_status":"","sticky":false,"template":"","format":"standard","meta":{"footnotes":"","_share_on_mastodon":"0"},"categories":[15],"tags":[25,30,31,34,35,24,32,33,37,39,36,38,40,23,22,44,28,29,26,27,74,75,76],"class_list":["post-266777","post","type-post","status-publish","format-standard","has-post-thumbnail","category-pasaulis","tag-antrastes","tag-breaking-news","tag-breakingnews","tag-featured-news","tag-featurednews","tag-headlines","tag-latest-news","tag-latestnews","tag-lietuva","tag-lietuviu","tag-lithuania","tag-lithuanian","tag-lt","tag-naujienos","tag-news","tag-pasaulis","tag-populiariausios-naujienos","tag-populiariausiosnaujienos","tag-top-stories","tag-topstories","tag-world","tag-world-news","tag-worldnews"],"share_on_mastodon":{"url":"https:\/\/pubeurope.com\/@lt\/117197891813951489","error":""},"_links":{"self":[{"href":"https:\/\/www.europesays.com\/lt\/wp-json\/wp\/v2\/posts\/266777","targetHints":{"allow":["GET"]}}],"collection":[{"href":"https:\/\/www.europesays.com\/lt\/wp-json\/wp\/v2\/posts"}],"about":[{"href":"https:\/\/www.europesays.com\/lt\/wp-json\/wp\/v2\/types\/post"}],"author":[{"embeddable":true,"href":"https:\/\/www.europesays.com\/lt\/wp-json\/wp\/v2\/users\/2"}],"replies":[{"embeddable":true,"href":"https:\/\/www.europesays.com\/lt\/wp-json\/wp\/v2\/comments?post=266777"}],"version-history":[{"count":0,"href":"https:\/\/www.europesays.com\/lt\/wp-json\/wp\/v2\/posts\/266777\/revisions"}],"wp:featuredmedia":[{"embeddable":true,"href":"https:\/\/www.europesays.com\/lt\/wp-json\/wp\/v2\/media\/266778"}],"wp:attachment":[{"href":"https:\/\/www.europesays.com\/lt\/wp-json\/wp\/v2\/media?parent=266777"}],"wp:term":[{"taxonomy":"category","embeddable":true,"href":"https:\/\/www.europesays.com\/lt\/wp-json\/wp\/v2\/categories?post=266777"},{"taxonomy":"post_tag","embeddable":true,"href":"https:\/\/www.europesays.com\/lt\/wp-json\/wp\/v2\/tags?post=266777"}],"curies":[{"name":"wp","href":"https:\/\/api.w.org\/{rel}","templated":true}]}}