{"id":266781,"date":"2026-09-01T21:31:13","date_gmt":"2026-09-01T21:31:13","guid":{"rendered":"https:\/\/www.europesays.com\/lt\/266781\/"},"modified":"2026-09-01T21:31:13","modified_gmt":"2026-09-01T21:31:13","slug":"vokietija-kaltina-rusija-del-drono-incidento-oro-uoste-imasi-sankciju","status":"publish","type":"post","link":"https:\/\/www.europesays.com\/lt\/266781\/","title":{"rendered":"Vokietija kaltina Rusij\u0105 d\u0117l drono incidento oro uoste, imasi sankcij\u0173"},"content":{"rendered":"<p>Berlynas taip pat paskelb\u0117 apie diplomatines atsakom\u0105sias priemones.<\/p>\n<p>Europos S\u0105junga (ES) i\u0161rei\u0161k\u0117 visi\u0161k\u0105 solidarum\u0105 su Vokietija, NATO patikino, kad gins savo nares, o tokios \u0161alys kaip Jungtin\u0117 Karalyst\u0117 (JK), Estija ir Lenkija pasi\u016bl\u0117 tvirt\u0105 param\u0105.<\/p>\n<p>Vokietija v\u0117liau \u0161\u012f m\u0117nes\u012f u\u017edarys Rusijos konsulat\u0105 buvusioje sostin\u0117je Bonoje ir at\u0161auks sutart\u012f d\u0117l Rus\u0173 nam\u0173 \u2013 kult\u016bros centro \u2013 Berlyne, teig\u0117 u\u017esienio reikal\u0173 ministras Johannas Wadephulis.<\/p>\n","protected":false},"excerpt":{"rendered":"Berlynas taip pat paskelb\u0117 apie diplomatines atsakom\u0105sias priemones. Europos S\u0105junga (ES) i\u0161rei\u0161k\u0117 visi\u0161k\u0105 solidarum\u0105 su Vokietija, NATO patikino,&hellip;\n","protected":false},"author":2,"featured_media":266782,"comment_status":"","ping_status":"","sticky":false,"template":"","format":"standard","meta":{"footnotes":"","_share_on_mastodon":"0"},"categories":[15],"tags":[25,30,31,34,35,24,32,33,37,39,36,38,40,23,22,44,28,29,26,27,74,75,76],"class_list":["post-266781","post","type-post","status-publish","format-standard","has-post-thumbnail","category-pasaulis","tag-antrastes","tag-breaking-news","tag-breakingnews","tag-featured-news","tag-featurednews","tag-headlines","tag-latest-news","tag-latestnews","tag-lietuva","tag-lietuviu","tag-lithuania","tag-lithuanian","tag-lt","tag-naujienos","tag-news","tag-pasaulis","tag-populiariausios-naujienos","tag-populiariausiosnaujienos","tag-top-stories","tag-topstories","tag-world","tag-world-news","tag-worldnews"],"share_on_mastodon":{"url":"https:\/\/pubeurope.com\/@lt\/117197923082513903","error":""},"_links":{"self":[{"href":"https:\/\/www.europesays.com\/lt\/wp-json\/wp\/v2\/posts\/266781","targetHints":{"allow":["GET"]}}],"collection":[{"href":"https:\/\/www.europesays.com\/lt\/wp-json\/wp\/v2\/posts"}],"about":[{"href":"https:\/\/www.europesays.com\/lt\/wp-json\/wp\/v2\/types\/post"}],"author":[{"embeddable":true,"href":"https:\/\/www.europesays.com\/lt\/wp-json\/wp\/v2\/users\/2"}],"replies":[{"embeddable":true,"href":"https:\/\/www.europesays.com\/lt\/wp-json\/wp\/v2\/comments?post=266781"}],"version-history":[{"count":0,"href":"https:\/\/www.europesays.com\/lt\/wp-json\/wp\/v2\/posts\/266781\/revisions"}],"wp:featuredmedia":[{"embeddable":true,"href":"https:\/\/www.europesays.com\/lt\/wp-json\/wp\/v2\/media\/266782"}],"wp:attachment":[{"href":"https:\/\/www.europesays.com\/lt\/wp-json\/wp\/v2\/media?parent=266781"}],"wp:term":[{"taxonomy":"category","embeddable":true,"href":"https:\/\/www.europesays.com\/lt\/wp-json\/wp\/v2\/categories?post=266781"},{"taxonomy":"post_tag","embeddable":true,"href":"https:\/\/www.europesays.com\/lt\/wp-json\/wp\/v2\/tags?post=266781"}],"curies":[{"name":"wp","href":"https:\/\/api.w.org\/{rel}","templated":true}]}}