{"id":266793,"date":"2026-09-01T21:51:33","date_gmt":"2026-09-01T21:51:33","guid":{"rendered":"https:\/\/www.europesays.com\/lt\/266793\/"},"modified":"2026-09-01T21:51:33","modified_gmt":"2026-09-01T21:51:33","slug":"oksana-pikul-su-sunumi-is-rugsejo-1-osios-sventes-skubejo-pas-medikus-atskleide-kas-nutiko","status":"publish","type":"post","link":"https:\/\/www.europesays.com\/lt\/266793\/","title":{"rendered":"Oksana Pikul su s\u016bnumi i\u0161 rugs\u0117jo 1-osios \u0161vent\u0117s skub\u0117jo pas medikus: atskleid\u0117, kas nutiko"},"content":{"rendered":"\n<p style=\"text-align:justify\">Apie nelengv\u0105 dien\u0105 Oksana papasakojo socialiniuose tinkluose. Moteris atskleid\u0117, kad po kelion\u0117s \u012f Kipr\u0105 s\u016bnaus vis dar nepaleid\u017eia virusas, o \u0161\u012fkart sunerimti privert\u0117 stipr\u016bs pilvo apa\u010dios spazmai.<\/p>\n<p> Paai\u0161k\u0117jo, kas nutiko <\/p>\n<p style=\"text-align:justify\">\u201eK\u0105 tik parva\u017eiavome namo, mums sveikat\u0117l\u0117s pritr\u016bko. Va\u017eiavome pasitikrinti pas daktar\u0119, pasistatyti la\u0161elini\u0173 ir pa\u017ei\u016br\u0117ti prie\u017east\u012f, kod\u0117l mums taip skauda pilvo apa\u010di\u0105. Po Kipro virusas vis dar kankina ir pakankamai ilgai kovojame su juo.<\/p>\n<p style=\"text-align:justify\">\u017dinau, kad pas Dominyk\u0105 yra jautresnis \u017earnynas, bet \u0161itie spazmai prad\u0117jo mane labai neraminti, nes negali gyventi normalaus gyvenimo. Dabar rugs\u0117jo 1-oji, o i\u0161 pus\u0117s \u0161vent\u0117s pab\u0117gome tiesiai statyti la\u0161elini\u0173, pasitikrinti krauj\u0105 dar kartel\u012f\u201c, \u2013 atviravo ji.<\/p>\n<p style=\"text-align:justify\">Pasak Oksanos, atlikti tyrimai rimt\u0173 problem\u0173 neparod\u0117 \u2013 rezultatai es\u0105 patvirtino, kad s\u016bnus vis dar jau\u010dia anks\u010diau persirgto viruso pasekmes. Moteris svarst\u0117, kad negalavimus gal\u0117jo lemti kelion\u0117je \u012fgyta infekcija.<\/p>\n<p style=\"text-align:justify\">\u201eTyrimai kaip ir geri, rodo, kad buv\u0119s virus\u0117lis. Matomai, kelion\u0117je ka\u017ekur baseinuose ar kitur \u012fgytas. Tik tiek, kad tie spazmai lik\u0119 ir su jais tenka kovoti. Kadangi \u017earnynas jautresnis, pa\u017ei\u016br\u0117sime, ar su la\u0161elin\u0117mis pavyks j\u012f grei\u010diau nugal\u0117ti\u201c, \u2013 sak\u0117 O. Pikul.<\/p>\n<p>     <a href=\"https:\/\/www.tv3.lt\/Uploads\/UGallery\/photos\/1b\/48\/8a\/93\/1b488a93b737f26bb92744f71ac936ce.jpg\" data-fancybox=\"photos-embed\" data-caption=\"Oksana Pikul su s\u016bnumi Dominyku (nuotr. emimom_blog, asm. archyvo, 123rf) \" target=\"_self\" rel=\"nofollow noopener\"> <img decoding=\"async\" class=\"photo-inside-article\" align=\"center\" alt=\"Oksana Pikul su s\u016bnumi Dominyku (nuotr. emimom_blog, asm. archyvo, 123rf) \" title=\"Oksana Pikul su s\u016bnumi Dominyku (nuotr. emimom_blog, asm. archyvo, 123rf) \" src=\"https:\/\/www.europesays.com\/lt\/wp-content\/uploads\/2026\/09\/1b488a93b737f26bb92744f71ac936ce.jpg\" width=\"684\" height=\"654\" loading=\"lazy\" \/> <\/a>       <\/p>\n<p style=\"text-align:justify\">Vis d\u0117lto vakaras \u0161eimai jau buvo gerokai ramesnis.\u00a0<\/p>\n<p style=\"text-align:justify\">\u201eDabar tikrai viskas gerai, gr\u012f\u017eome namo, ramu, laimingas, pasakoja, k\u0105 sutiko klas\u0117je. Dav\u0117 dar nuo skrand\u017eio u\u017edegimo ir skausmo vaist\u0173, vitamin\u0173 pala\u0161ino, tik\u0117kim\u0117s, greitai pavyks sukovoti su spazmais\u201c, \u2013 vyl\u0117si O. Pikul.<\/p>\n<p>\n                                        \u0160altinis:<br \/>\n                                                                                    tv3.lt\n                                                                                <\/p>\n<p>Kvie\u010diame atrasti nauj\u0105 tv3.lt turin\u012f! Nuo \u0161iol portale j\u016bs\u0173 laukia ne tik <a href=\"https:\/\/www.tv3.lt\/testai\" rel=\"nofollow noopener\" target=\"_blank\">kasdien nauji testai<\/a>, bet ir <a href=\"https:\/\/www.tv3.lt\/kryziazodziai\" rel=\"nofollow noopener\" target=\"_blank\">kry\u017eia\u017eod\u017eiai <\/a>\u2013 i\u0161bandykite savo \u017einias, spr\u0119skite ir smagiai praleiskite laik\u0105. <\/p>\n","protected":false},"excerpt":{"rendered":"Apie nelengv\u0105 dien\u0105 Oksana papasakojo socialiniuose tinkluose. Moteris atskleid\u0117, kad po kelion\u0117s \u012f Kipr\u0105 s\u016bnaus vis dar nepaleid\u017eia&hellip;\n","protected":false},"author":2,"featured_media":266794,"comment_status":"","ping_status":"","sticky":false,"template":"","format":"standard","meta":{"footnotes":"","_share_on_mastodon":"0"},"categories":[15],"tags":[38649,25,30,31,57,43,34,35,55,48,24,54,51,49,50,32,33,37,39,36,38,40,45,23,22,44,28,29,53,42,56,47,26,27,41,46,58,74,75,76,52],"class_list":["post-266793","post","type-post","status-publish","format-standard","has-post-thumbnail","category-pasaulis","tag-2026-09-01-182821","tag-antrastes","tag-breaking-news","tag-breakingnews","tag-daiktai","tag-dienos-kronika","tag-featured-news","tag-featurednews","tag-gatves-tekstai","tag-gyvenimas","tag-headlines","tag-interneto-pievos","tag-keliones","tag-kultura","tag-laisvalaikis","tag-latest-news","tag-latestnews","tag-lietuva","tag-lietuviu","tag-lithuania","tag-lithuanian","tag-lt","tag-mokslas-ir-it","tag-naujienos","tag-news","tag-pasaulis","tag-populiariausios-naujienos","tag-populiariausiosnaujienos","tag-projektai","tag-rinktiniai-tekstai","tag-simtmecio-portalas","tag-sportas","tag-top-stories","tag-topstories","tag-tv3-lt","tag-verslas","tag-video","tag-world","tag-world-news","tag-worldnews","tag-zaidimai"],"share_on_mastodon":{"url":"","error":"Validation failed: Text character limit of 500 exceeded"},"_links":{"self":[{"href":"https:\/\/www.europesays.com\/lt\/wp-json\/wp\/v2\/posts\/266793","targetHints":{"allow":["GET"]}}],"collection":[{"href":"https:\/\/www.europesays.com\/lt\/wp-json\/wp\/v2\/posts"}],"about":[{"href":"https:\/\/www.europesays.com\/lt\/wp-json\/wp\/v2\/types\/post"}],"author":[{"embeddable":true,"href":"https:\/\/www.europesays.com\/lt\/wp-json\/wp\/v2\/users\/2"}],"replies":[{"embeddable":true,"href":"https:\/\/www.europesays.com\/lt\/wp-json\/wp\/v2\/comments?post=266793"}],"version-history":[{"count":0,"href":"https:\/\/www.europesays.com\/lt\/wp-json\/wp\/v2\/posts\/266793\/revisions"}],"wp:featuredmedia":[{"embeddable":true,"href":"https:\/\/www.europesays.com\/lt\/wp-json\/wp\/v2\/media\/266794"}],"wp:attachment":[{"href":"https:\/\/www.europesays.com\/lt\/wp-json\/wp\/v2\/media?parent=266793"}],"wp:term":[{"taxonomy":"category","embeddable":true,"href":"https:\/\/www.europesays.com\/lt\/wp-json\/wp\/v2\/categories?post=266793"},{"taxonomy":"post_tag","embeddable":true,"href":"https:\/\/www.europesays.com\/lt\/wp-json\/wp\/v2\/tags?post=266793"}],"curies":[{"name":"wp","href":"https:\/\/api.w.org\/{rel}","templated":true}]}}