{"id":266801,"date":"2026-09-01T22:02:35","date_gmt":"2026-09-01T22:02:35","guid":{"rendered":"https:\/\/www.europesays.com\/lt\/266801\/"},"modified":"2026-09-01T22:02:35","modified_gmt":"2026-09-01T22:02:35","slug":"maestro-raimondui-paului-nepatinka-kai-anuke-nedirba-turi-griezta-taisykle","status":"publish","type":"post","link":"https:\/\/www.europesays.com\/lt\/266801\/","title":{"rendered":"Maestro Raimondui Paului nepatinka, kai an\u016bk\u0117 nedirba: turi grie\u017et\u0105 taisykl\u0119"},"content":{"rendered":"<p>Nors Anamarija daugel\u012f met\u0173 atsidavusiai dirbo socialin\u0117je sferoje, pats maestro neslepia, kad ilgas buvimas be darbo jam yra tiesiog nesuvokiamas.<\/p>\n<p>Nepatinka, kai an\u016bk\u0117 nedirba<\/p>\n<p>Vyriausioji maestro Raimondo Paulo an\u016bk\u0117 Anamarija Paula (37 m.) po \u0161e\u0161eri\u0173 met\u0173 tarnyst\u0117s moter\u0173 prieglaudoje nusprend\u0117 palikti \u0161i\u0105 viet\u0105 ir apsvarstyti tolimesnius savo \u017eingsnius.<\/p>\n<p>Iki tol ji taip pat dirbo socialin\u012f darb\u0105 neregin\u010di\u0173j\u0173 pansionate Jugloje.<\/p>\n<p>Anamarija prisipa\u017e\u012fsta, kad darbas su benamiais jai buvo did\u017eiul\u0117 privilegija, i\u0161mokiusi dar labiau vertinti tai, k\u0105 pati gavo i\u0161 gyvenimo.<\/p>\n<p>Remdamasi savo patirtimi, ji netgi pateik\u0117 si\u016blym\u0105 u\u017edrausti pigius odekolonus, kuriuos likimo nuskriausti \u017emon\u0117s da\u017eniausiai vartoja vietoje alkoholio.<\/p>\n<p>\u00a9 Anamarija Paula \/ Nuotrauka i\u0161 atvir\u0173 \u0161altini\u0173<\/p>\n<p>Pats R. Paulas, gars\u0117jantis kaip vienas darb\u0161\u010diausi\u0173 Latvijos \u017emoni\u0173, sunkiai supranta, kaip galima nedirbti.<\/p>\n<p>Anamarija atskleid\u0117, kad senelis jai dav\u0117 daugiausiai du m\u0117nesius pertraukai, nes buvimas be veiklos jam atrodo visi\u0161kas absurdai.<\/p>\n<p>Atsi\u017evelgdama \u012f tai, ji stengiasi ilgai nepoilsiauti ir palaikyti senel\u012f, kuriam pra\u0117jus trejiems metams po \u017emonos Lanos mirties vis dar reikia ypatingo d\u0117mesio bei ramyb\u0117s.<\/p>\n<p>\u00a9 Raimondas Paulas \/ press.lv nuotr.<\/p>\n<p>\u0160altinis: Press.lv<\/p>\n","protected":false},"excerpt":{"rendered":"Nors Anamarija daugel\u012f met\u0173 atsidavusiai dirbo socialin\u0117je sferoje, pats maestro neslepia, kad ilgas buvimas be darbo jam yra&hellip;\n","protected":false},"author":2,"featured_media":266802,"comment_status":"","ping_status":"","sticky":false,"template":"","format":"standard","meta":{"footnotes":"","_share_on_mastodon":"0"},"categories":[15],"tags":[25,30,31,34,35,24,32,33,37,39,36,38,40,23,22,44,28,29,26,27,74,75,76],"class_list":["post-266801","post","type-post","status-publish","format-standard","has-post-thumbnail","category-pasaulis","tag-antrastes","tag-breaking-news","tag-breakingnews","tag-featured-news","tag-featurednews","tag-headlines","tag-latest-news","tag-latestnews","tag-lietuva","tag-lietuviu","tag-lithuania","tag-lithuanian","tag-lt","tag-naujienos","tag-news","tag-pasaulis","tag-populiariausios-naujienos","tag-populiariausiosnaujienos","tag-top-stories","tag-topstories","tag-world","tag-world-news","tag-worldnews"],"share_on_mastodon":{"url":"https:\/\/pubeurope.com\/@lt\/117198044701890598","error":""},"_links":{"self":[{"href":"https:\/\/www.europesays.com\/lt\/wp-json\/wp\/v2\/posts\/266801","targetHints":{"allow":["GET"]}}],"collection":[{"href":"https:\/\/www.europesays.com\/lt\/wp-json\/wp\/v2\/posts"}],"about":[{"href":"https:\/\/www.europesays.com\/lt\/wp-json\/wp\/v2\/types\/post"}],"author":[{"embeddable":true,"href":"https:\/\/www.europesays.com\/lt\/wp-json\/wp\/v2\/users\/2"}],"replies":[{"embeddable":true,"href":"https:\/\/www.europesays.com\/lt\/wp-json\/wp\/v2\/comments?post=266801"}],"version-history":[{"count":0,"href":"https:\/\/www.europesays.com\/lt\/wp-json\/wp\/v2\/posts\/266801\/revisions"}],"wp:featuredmedia":[{"embeddable":true,"href":"https:\/\/www.europesays.com\/lt\/wp-json\/wp\/v2\/media\/266802"}],"wp:attachment":[{"href":"https:\/\/www.europesays.com\/lt\/wp-json\/wp\/v2\/media?parent=266801"}],"wp:term":[{"taxonomy":"category","embeddable":true,"href":"https:\/\/www.europesays.com\/lt\/wp-json\/wp\/v2\/categories?post=266801"},{"taxonomy":"post_tag","embeddable":true,"href":"https:\/\/www.europesays.com\/lt\/wp-json\/wp\/v2\/tags?post=266801"}],"curies":[{"name":"wp","href":"https:\/\/api.w.org\/{rel}","templated":true}]}}