{"id":266815,"date":"2026-09-01T22:24:18","date_gmt":"2026-09-01T22:24:18","guid":{"rendered":"https:\/\/www.europesays.com\/lt\/266815\/"},"modified":"2026-09-01T22:24:18","modified_gmt":"2026-09-01T22:24:18","slug":"rugsejo-1-oji-rusijoje-virto-chaosu-masiskai-evakuotos-mokyklos-darzeliai-ir-ligonines","status":"publish","type":"post","link":"https:\/\/www.europesays.com\/lt\/266815\/","title":{"rendered":"Rugs\u0117jo 1-oji Rusijoje virto chaosu: masi\u0161kai evakuotos mokyklos, dar\u017eeliai ir ligonin\u0117s"},"content":{"rendered":"\n<p>Leningrado srities gubernatorius Aleksandras Drozdenko teig\u0117, kad de\u0161imt mokykl\u0173, vaik\u0173 dar\u017eeli\u0173 ir ligonini\u0173 gavo melagingus prane\u0161imus apie bombas rugs\u0117jo 1 d., kai minima nauj\u0173 mokslo met\u0173 prad\u017ei\u0105 \u017eyminti Mokslo ir \u017eini\u0173 diena.<\/p>\n<p>\u201eNegalime ignoruoti \u0161i\u0173 grasinim\u0173 net ir suprasdami, kad prie\u0161o tikslas yra sugadinti \u0161vent\u0119 vaikams ir suaugusiems\u201c, \u2013 A. Drozdenko ra\u0161\u0117 socialin\u0117je platformoje \u201eTelegram\u201c, tikriausiai tur\u0117damas omenyje Ukrain\u0105.<\/p>\n<p>      Prane\u0161imus apie bombas gavo daugiau nei 100 institucij\u0173 <\/p>\n<p>Sankt Peterburgo miesto ir Leningrado srities policija naujien\u0173 portalui \u201eFontanka\u201c teig\u0117, kad melagingus prane\u0161imus apie bombas gavo daugiau nei 100 institucij\u0173.<\/p>\n<p>Maskvoje ma\u017eiausiai keturi muziejai, \u012fskaitant A. Pu\u0161kino valstybin\u012f dail\u0117s muziej\u0173, evakavo lankytojus arba laikinai u\u017esidar\u0117 d\u0117l, neva, \u201etechnini\u0173 prie\u017eas\u010di\u0173\u201c.<\/p>\n<p>Prane\u0161ama, kad buvo evakuotas vienas vald\u017eios pastatas Tolim\u0173j\u0173 Ryt\u0173 U\u017ebaikal\u0117s kra\u0161te, taip pat kelios ligonin\u0117s Tatarstano respublikoje.<\/p>\n<p>Melagingi prane\u0161imai apie sprogmenis buvo gauti ir Uralo federalin\u0117je apygardoje, Jamalo-Nenc\u0173 autonomin\u0117je apygardoje, Orenburgo srityje ir Krasnojarsko kra\u0161te.<\/p>\n<p>Kvie\u010diame atrasti nauj\u0105 tv3.lt turin\u012f! Nuo \u0161iol portale j\u016bs\u0173 laukia ne tik <a href=\"https:\/\/www.tv3.lt\/testai\" rel=\"nofollow noopener\" target=\"_blank\">kasdien nauji testai<\/a>, bet ir <a href=\"https:\/\/www.tv3.lt\/kryziazodziai\" rel=\"nofollow noopener\" target=\"_blank\">kry\u017eia\u017eod\u017eiai <\/a>\u2013 i\u0161bandykite savo \u017einias, spr\u0119skite ir smagiai praleiskite laik\u0105. <\/p>\n","protected":false},"excerpt":{"rendered":"Leningrado srities gubernatorius Aleksandras Drozdenko teig\u0117, kad de\u0161imt mokykl\u0173, vaik\u0173 dar\u017eeli\u0173 ir ligonini\u0173 gavo melagingus prane\u0161imus apie bombas&hellip;\n","protected":false},"author":2,"featured_media":266816,"comment_status":"","ping_status":"","sticky":false,"template":"","format":"standard","meta":{"footnotes":"","_share_on_mastodon":"0"},"categories":[15],"tags":[38652,25,30,31,57,43,34,35,55,48,24,54,51,49,50,32,33,37,39,36,38,40,45,23,22,44,28,29,53,42,56,47,26,27,41,46,58,74,75,76,52],"class_list":["post-266815","post","type-post","status-publish","format-standard","has-post-thumbnail","category-pasaulis","tag-2026-09-01-163838","tag-antrastes","tag-breaking-news","tag-breakingnews","tag-daiktai","tag-dienos-kronika","tag-featured-news","tag-featurednews","tag-gatves-tekstai","tag-gyvenimas","tag-headlines","tag-interneto-pievos","tag-keliones","tag-kultura","tag-laisvalaikis","tag-latest-news","tag-latestnews","tag-lietuva","tag-lietuviu","tag-lithuania","tag-lithuanian","tag-lt","tag-mokslas-ir-it","tag-naujienos","tag-news","tag-pasaulis","tag-populiariausios-naujienos","tag-populiariausiosnaujienos","tag-projektai","tag-rinktiniai-tekstai","tag-simtmecio-portalas","tag-sportas","tag-top-stories","tag-topstories","tag-tv3-lt","tag-verslas","tag-video","tag-world","tag-world-news","tag-worldnews","tag-zaidimai"],"share_on_mastodon":{"url":"","error":"Validation failed: Text character limit of 500 exceeded"},"_links":{"self":[{"href":"https:\/\/www.europesays.com\/lt\/wp-json\/wp\/v2\/posts\/266815","targetHints":{"allow":["GET"]}}],"collection":[{"href":"https:\/\/www.europesays.com\/lt\/wp-json\/wp\/v2\/posts"}],"about":[{"href":"https:\/\/www.europesays.com\/lt\/wp-json\/wp\/v2\/types\/post"}],"author":[{"embeddable":true,"href":"https:\/\/www.europesays.com\/lt\/wp-json\/wp\/v2\/users\/2"}],"replies":[{"embeddable":true,"href":"https:\/\/www.europesays.com\/lt\/wp-json\/wp\/v2\/comments?post=266815"}],"version-history":[{"count":0,"href":"https:\/\/www.europesays.com\/lt\/wp-json\/wp\/v2\/posts\/266815\/revisions"}],"wp:featuredmedia":[{"embeddable":true,"href":"https:\/\/www.europesays.com\/lt\/wp-json\/wp\/v2\/media\/266816"}],"wp:attachment":[{"href":"https:\/\/www.europesays.com\/lt\/wp-json\/wp\/v2\/media?parent=266815"}],"wp:term":[{"taxonomy":"category","embeddable":true,"href":"https:\/\/www.europesays.com\/lt\/wp-json\/wp\/v2\/categories?post=266815"},{"taxonomy":"post_tag","embeddable":true,"href":"https:\/\/www.europesays.com\/lt\/wp-json\/wp\/v2\/tags?post=266815"}],"curies":[{"name":"wp","href":"https:\/\/api.w.org\/{rel}","templated":true}]}}