{"id":266821,"date":"2026-09-01T22:35:10","date_gmt":"2026-09-01T22:35:10","guid":{"rendered":"https:\/\/www.europesays.com\/lt\/266821\/"},"modified":"2026-09-01T22:35:10","modified_gmt":"2026-09-01T22:35:10","slug":"rusijos-uzsienio-reikalu-viceministras-maskva-neplanuoja-pulti-baltijos-saliu","status":"publish","type":"post","link":"https:\/\/www.europesays.com\/lt\/266821\/","title":{"rendered":"Rusijos u\u017esienio reikal\u0173 viceministras: Maskva neplanuoja pulti Baltijos \u0161ali\u0173"},"content":{"rendered":"<p>\u201eKod\u0117l Rusija tur\u0117t\u0173 pulti NATO, kod\u0117l? Soviet\u0173 S\u0105junga pripa\u017eino Baltijos \u0161ali\u0173 nepriklausomyb\u0119. Ir jos pasitrauk\u0117 taikiai. Kod\u0117l dabar jas pulti?\u201c \u2013 antradien\u012f Ryt\u0173 ekonomikos forumo kuluaruose naujien\u0173 agent\u016brai \u201eInterfax\u201c sak\u0117 A. Gru\u0161ko.<\/p>\n<p>Taip jis reagavo \u012f Europos pareig\u016bn\u0173 parei\u0161kimus apie galimus Rusijos planus u\u017epulti kuri\u0105 nors NATO nar\u0119.<\/p>\n<p>\u201eN\u0117ra jokios prie\u017easties ir joki\u0173 plan\u0173, visi\u0161kai joki\u0173, pulti\u201c, \u2013 tvirtino A. Gru\u0161ko.<\/p>\n<p>Vakar\u0173 ir Baltijos \u0161ali\u0173 pareig\u016bnai bei \u017evalgybos tarnybos yra persp\u0117j\u0119, kad Maskva gali svarstyti galimyb\u0119 imtis karini\u0173 veiksm\u0173 prie\u0161 NATO valstybes. Baltijos \u0161alys \u2013 Lietuva, Latvija ir Estija \u2013 prie Aljanso prisijung\u0117 2004 metais.<\/p>\n<p>\u0160ie parei\u0161kimai nuskamb\u0117jo Baltijos regione sustipr\u0117jus susir\u016bpinimui d\u0117l saugumo po to, kai 2022 met\u0173 vasar\u012f Rusija prad\u0117jo plataus masto invazij\u0105 \u012f Ukrain\u0105. Baltijos \u0161ali\u0173 pareig\u016bnai ne kart\u0105 pabr\u0117\u017e\u0117, kad Rusija kelia ilgalaik\u0119 gr\u0117sm\u0119 NATO rytinio flango saugumui.<\/p>\n<p>Paklaustas, ar Europos S\u0105jungos atstovai kreip\u0117si \u012f Maskv\u0105 nor\u0117dami aptarti savo susir\u016bpinim\u0105, A. Gru\u0161ko, anot \u201eInterfax\u201c, parei\u0161k\u0117, kad \u201eeuropie\u010di\u0173 pus\u0117je n\u0117ra jokio realaus nusiteikimo ar noro, kuris politi\u0161kai b\u016bt\u0173 i\u0161reik\u0161tas kaip politinis siekis\u201c.<\/p>\n","protected":false},"excerpt":{"rendered":"\u201eKod\u0117l Rusija tur\u0117t\u0173 pulti NATO, kod\u0117l? Soviet\u0173 S\u0105junga pripa\u017eino Baltijos \u0161ali\u0173 nepriklausomyb\u0119. Ir jos pasitrauk\u0117 taikiai. Kod\u0117l dabar&hellip;\n","protected":false},"author":2,"featured_media":266822,"comment_status":"","ping_status":"","sticky":false,"template":"","format":"standard","meta":{"footnotes":"","_share_on_mastodon":"0"},"categories":[15],"tags":[25,30,31,34,35,24,32,33,37,39,36,38,40,23,22,44,28,29,26,27,74,75,76],"class_list":["post-266821","post","type-post","status-publish","format-standard","has-post-thumbnail","category-pasaulis","tag-antrastes","tag-breaking-news","tag-breakingnews","tag-featured-news","tag-featurednews","tag-headlines","tag-latest-news","tag-latestnews","tag-lietuva","tag-lietuviu","tag-lithuania","tag-lithuanian","tag-lt","tag-naujienos","tag-news","tag-pasaulis","tag-populiariausios-naujienos","tag-populiariausiosnaujienos","tag-top-stories","tag-topstories","tag-world","tag-world-news","tag-worldnews"],"share_on_mastodon":{"url":"https:\/\/pubeurope.com\/@lt\/117198174460633126","error":""},"_links":{"self":[{"href":"https:\/\/www.europesays.com\/lt\/wp-json\/wp\/v2\/posts\/266821","targetHints":{"allow":["GET"]}}],"collection":[{"href":"https:\/\/www.europesays.com\/lt\/wp-json\/wp\/v2\/posts"}],"about":[{"href":"https:\/\/www.europesays.com\/lt\/wp-json\/wp\/v2\/types\/post"}],"author":[{"embeddable":true,"href":"https:\/\/www.europesays.com\/lt\/wp-json\/wp\/v2\/users\/2"}],"replies":[{"embeddable":true,"href":"https:\/\/www.europesays.com\/lt\/wp-json\/wp\/v2\/comments?post=266821"}],"version-history":[{"count":0,"href":"https:\/\/www.europesays.com\/lt\/wp-json\/wp\/v2\/posts\/266821\/revisions"}],"wp:featuredmedia":[{"embeddable":true,"href":"https:\/\/www.europesays.com\/lt\/wp-json\/wp\/v2\/media\/266822"}],"wp:attachment":[{"href":"https:\/\/www.europesays.com\/lt\/wp-json\/wp\/v2\/media?parent=266821"}],"wp:term":[{"taxonomy":"category","embeddable":true,"href":"https:\/\/www.europesays.com\/lt\/wp-json\/wp\/v2\/categories?post=266821"},{"taxonomy":"post_tag","embeddable":true,"href":"https:\/\/www.europesays.com\/lt\/wp-json\/wp\/v2\/tags?post=266821"}],"curies":[{"name":"wp","href":"https:\/\/api.w.org\/{rel}","templated":true}]}}