{"id":266827,"date":"2026-09-01T22:48:01","date_gmt":"2026-09-01T22:48:01","guid":{"rendered":"https:\/\/www.europesays.com\/lt\/266827\/"},"modified":"2026-09-01T22:48:01","modified_gmt":"2026-09-01T22:48:01","slug":"suplanuota-kelione-i-amsterdama-vilniaus-oro-uoste-nutrauke-pareigunai","status":"publish","type":"post","link":"https:\/\/www.europesays.com\/lt\/266827\/","title":{"rendered":"Suplanuot\u0105 kelion\u0119 \u012f Amsterdam\u0105 Vilniaus oro uoste nutrauk\u0117 pareig\u016bnai"},"content":{"rendered":"<p>\u0160e\u0161tadienio popiet\u0119 sostin\u0117s oro uoste patruliuojantys VSAT Vilniaus pasienio rinktin\u0117s pareig\u016bnai \u0160engeno i\u0161vykimo terminale prie \u012flaipinimo vart\u0173 patikrino du \u012ftarim\u0105 suk\u0117lusius jaunus svetim\u0161alius. Somalio ir Pranc\u016bzijos pilie\u010diais prisistat\u0119, \u012f Amsterdam\u0105 skristi susireng\u0119 vyrai joki\u0173 asmens dokument\u0173 nepateik\u0117.<\/p>\n<p>U\u017esienie\u010dius atvesdinus \u012f pasienio kontrol\u0117s punkto tarnybines patalpas, buvo ap\u017ei\u016br\u0117ti j\u0173 mobilieji telefonai. Juose rastos skaitmenin\u0117s \u012flaipinimo kortel\u0117s su asmens duomenimis: 21-eri\u0173 Somalio pilie\u010dio ir 25-eri\u0173 Pranc\u016bzijos pilie\u010dio. Abu afrikie\u010diai prisipa\u017eino \u012f Lietuv\u0105 lengvuoju automobiliu atva\u017eiav\u0119 i\u0161 Latvijos, kurioje atsid\u016br\u0117 nelegaliai perlipdami valstyb\u0117s sienos tvoros segment\u0105 i\u0161 Baltarusijos.<\/p>\n<p>Po apklausos \u201epranc\u016bzas\u201c prisipa\u017eino i\u0161 tikro es\u0105s Al\u017eyro pilietis, kuriam prie\u0161 vykstant \u012f Latvij\u0105 nepa\u017e\u012fstamas vyras patar\u0119s atsikratyti asmens dokument\u0173, kad Lietuvos pareig\u016bnai negal\u0117t\u0173 jo identifikuoti.<\/p>\n<p>T\u0105 pa\u010di\u0105 dien\u0105 sulaikytus neteis\u0117tus migrantus pasienie\u010diai perdav\u0117 VSAT U\u017esienie\u010di\u0173 registracijos centro pareig\u016bnams. V\u0117liau jie buvo apgyvendinti Socialin\u0117s apsaugos ir darbo ministerijai pavald\u017eios PIIA Pabrad\u0117s pri\u0117mimo centre.<\/p>\n<p>Neteis\u0117tai \u012fsibrov\u0119 \u012f Latvij\u0105 i\u0161 Baltarusijos, migrantai neretai grup\u0117mis nuo keli\u0173 iki keliolikos asmen\u0173 toliau \u012f Vakarus vyksta ne tik naudodamiesi gabentoj\u0173 paslaugomis, bet apsir\u016bpin\u0119 svetimais ar klastotais kelion\u0117s dokumentais keliauja mar\u0161rutiniais autobusais, traukiniais ar pave\u017e\u0117j\u0173 automobiliais, l\u0117ktuvais ir netgi j\u016briniais keltais.<\/p>\n<p>Lyginant su ankstesne situacija, \u0161iemet gerokai padid\u0117jo ir antrin\u0117s migracijos i\u0161 Latvijos srautai: 2025 m. \u2013 1 288, o \u0161iemet vien per 7 m\u0117n. \u2013 1 836. \u0160is rei\u0161kinys susij\u0119s su neteis\u0117tais migrantais, kurie i\u0161 Baltarusijos nelegaliai patenka \u012f Latvij\u0105 ir v\u0117liau per Lietuv\u0105 bei Lenkij\u0105 m\u0117gina pasiekti Vakar\u0173 Europ\u0105, bene da\u017eniausiai \u2013 Vokietij\u0105.<\/p>\n<p>Vadinamu latvi\u0161kuoju keliu vykstan\u010dius ir sulaikytus neteis\u0117tus migrantus, i\u0161siai\u0161kin\u0119 \u012fvykio aplinkybes ir atlik\u0119 reikalingas proced\u016bras, Lietuvos pasienie\u010diai \u012fprastai gr\u0105\u017eina kolegoms latviams.<\/p>\n","protected":false},"excerpt":{"rendered":"\u0160e\u0161tadienio popiet\u0119 sostin\u0117s oro uoste patruliuojantys VSAT Vilniaus pasienio rinktin\u0117s pareig\u016bnai \u0160engeno i\u0161vykimo terminale prie \u012flaipinimo vart\u0173 patikrino&hellip;\n","protected":false},"author":2,"featured_media":266828,"comment_status":"","ping_status":"","sticky":false,"template":"","format":"standard","meta":{"footnotes":"","_share_on_mastodon":"0"},"categories":[15],"tags":[25,30,31,34,35,24,32,33,37,39,36,38,40,23,22,44,28,29,26,27,74,75,76],"class_list":["post-266827","post","type-post","status-publish","format-standard","has-post-thumbnail","category-pasaulis","tag-antrastes","tag-breaking-news","tag-breakingnews","tag-featured-news","tag-featurednews","tag-headlines","tag-latest-news","tag-latestnews","tag-lietuva","tag-lietuviu","tag-lithuania","tag-lithuanian","tag-lt","tag-naujienos","tag-news","tag-pasaulis","tag-populiariausios-naujienos","tag-populiariausiosnaujienos","tag-top-stories","tag-topstories","tag-world","tag-world-news","tag-worldnews"],"share_on_mastodon":{"url":"https:\/\/pubeurope.com\/@lt\/117198225929069818","error":""},"_links":{"self":[{"href":"https:\/\/www.europesays.com\/lt\/wp-json\/wp\/v2\/posts\/266827","targetHints":{"allow":["GET"]}}],"collection":[{"href":"https:\/\/www.europesays.com\/lt\/wp-json\/wp\/v2\/posts"}],"about":[{"href":"https:\/\/www.europesays.com\/lt\/wp-json\/wp\/v2\/types\/post"}],"author":[{"embeddable":true,"href":"https:\/\/www.europesays.com\/lt\/wp-json\/wp\/v2\/users\/2"}],"replies":[{"embeddable":true,"href":"https:\/\/www.europesays.com\/lt\/wp-json\/wp\/v2\/comments?post=266827"}],"version-history":[{"count":0,"href":"https:\/\/www.europesays.com\/lt\/wp-json\/wp\/v2\/posts\/266827\/revisions"}],"wp:featuredmedia":[{"embeddable":true,"href":"https:\/\/www.europesays.com\/lt\/wp-json\/wp\/v2\/media\/266828"}],"wp:attachment":[{"href":"https:\/\/www.europesays.com\/lt\/wp-json\/wp\/v2\/media?parent=266827"}],"wp:term":[{"taxonomy":"category","embeddable":true,"href":"https:\/\/www.europesays.com\/lt\/wp-json\/wp\/v2\/categories?post=266827"},{"taxonomy":"post_tag","embeddable":true,"href":"https:\/\/www.europesays.com\/lt\/wp-json\/wp\/v2\/tags?post=266827"}],"curies":[{"name":"wp","href":"https:\/\/api.w.org\/{rel}","templated":true}]}}