{"id":266829,"date":"2026-09-01T22:50:25","date_gmt":"2026-09-01T22:50:25","guid":{"rendered":"https:\/\/www.europesays.com\/lt\/266829\/"},"modified":"2026-09-01T22:50:25","modified_gmt":"2026-09-01T22:50:25","slug":"antras-lietuvos-bandymas-pirmininkauti-europai-respublika-lt","status":"publish","type":"post","link":"https:\/\/www.europesays.com\/lt\/266829\/","title":{"rendered":"Antras Lietuvos bandymas pirmininkauti Europai &#8211; Respublika.lt"},"content":{"rendered":"<p><img loading=\"lazy\" decoding=\"async\" src=\"https:\/\/www.respublika.lt\/lt\/naujienos\/lietuva\/ziniasklaida\/penktadienio-vakaro-ziniose-skaitykite-antras-lietuvos-bandymas-pirmininkauti-europai\/images\/ico_camera_white.gif\" class=\"camera\" width=\"22\" height=\"15\" alt=\"nuotr.\" style=\"position:relative; top:-2px; right:2px;\"\/> 1 nuotr.<\/p>\n<p>2013-aisiais, kai pirmuoju smuiku grie\u017e\u0117 Dalia Grybauskait\u0117, vienas i\u0161 svarbiausi\u0173 tiksl\u0173 buvo atvesti ukrainie\u010dius kuo ar\u010diau Europos. D\u017eojos Barysait\u0117s nuotr.<\/p>\n<p>2027-\u0173j\u0173 pirm\u0105j\u012f pusmet\u012f Lietuva po 14-os met\u0173 pertraukos v\u0117l pagal Europos S\u0105jungos \u0161ali\u0173 rotacijos princip\u0105 pirmininkaus ES Tarybai. Kas per t\u0105 laik\u0105 nuo 2013-\u0173j\u0173 antrojo pusme\u010dio pasikeit\u0117? Kuo antrasis Lietuvos pirmininkavimas skirsis nuo pirmojo? Kol kas ai\u0161ku tai, kad jis kainuos brangiau. L\u0117\u0161\u0173 \u012fsisavintoj\u0173 laukia tikra puota.<\/p>\n","protected":false},"excerpt":{"rendered":"1 nuotr. 2013-aisiais, kai pirmuoju smuiku grie\u017e\u0117 Dalia Grybauskait\u0117, vienas i\u0161 svarbiausi\u0173 tiksl\u0173 buvo atvesti ukrainie\u010dius kuo ar\u010diau&hellip;\n","protected":false},"author":2,"featured_media":266830,"comment_status":"","ping_status":"","sticky":false,"template":"","format":"standard","meta":{"footnotes":"","_share_on_mastodon":"0"},"categories":[13],"tags":[25,30,31,672,34,35,3333,24,11104,38653,32,33,37,39,36,38,40,23,22,16199,28,29,1869,26,27,360],"class_list":["post-266829","post","type-post","status-publish","format-standard","has-post-thumbnail","category-lietuva","tag-antrastes","tag-breaking-news","tag-breakingnews","tag-es","tag-featured-news","tag-featurednews","tag-grybauskaite","tag-headlines","tag-ivanovas","tag-janukovycius","tag-latest-news","tag-latestnews","tag-lietuva","tag-lietuviu","tag-lithuania","tag-lithuanian","tag-lt","tag-naujienos","tag-news","tag-pirmininkavimas","tag-populiariausios-naujienos","tag-populiariausiosnaujienos","tag-taryba","tag-top-stories","tag-topstories","tag-ukraina"],"share_on_mastodon":{"url":"https:\/\/pubeurope.com\/@lt\/117198234003601168","error":""},"_links":{"self":[{"href":"https:\/\/www.europesays.com\/lt\/wp-json\/wp\/v2\/posts\/266829","targetHints":{"allow":["GET"]}}],"collection":[{"href":"https:\/\/www.europesays.com\/lt\/wp-json\/wp\/v2\/posts"}],"about":[{"href":"https:\/\/www.europesays.com\/lt\/wp-json\/wp\/v2\/types\/post"}],"author":[{"embeddable":true,"href":"https:\/\/www.europesays.com\/lt\/wp-json\/wp\/v2\/users\/2"}],"replies":[{"embeddable":true,"href":"https:\/\/www.europesays.com\/lt\/wp-json\/wp\/v2\/comments?post=266829"}],"version-history":[{"count":0,"href":"https:\/\/www.europesays.com\/lt\/wp-json\/wp\/v2\/posts\/266829\/revisions"}],"wp:featuredmedia":[{"embeddable":true,"href":"https:\/\/www.europesays.com\/lt\/wp-json\/wp\/v2\/media\/266830"}],"wp:attachment":[{"href":"https:\/\/www.europesays.com\/lt\/wp-json\/wp\/v2\/media?parent=266829"}],"wp:term":[{"taxonomy":"category","embeddable":true,"href":"https:\/\/www.europesays.com\/lt\/wp-json\/wp\/v2\/categories?post=266829"},{"taxonomy":"post_tag","embeddable":true,"href":"https:\/\/www.europesays.com\/lt\/wp-json\/wp\/v2\/tags?post=266829"}],"curies":[{"name":"wp","href":"https:\/\/api.w.org\/{rel}","templated":true}]}}