{"id":266831,"date":"2026-09-01T23:02:19","date_gmt":"2026-09-01T23:02:19","guid":{"rendered":"https:\/\/www.europesays.com\/lt\/266831\/"},"modified":"2026-09-01T23:02:19","modified_gmt":"2026-09-01T23:02:19","slug":"netoli-sankt-peterburgo-stiprus-mislingas-sprogimas","status":"publish","type":"post","link":"https:\/\/www.europesays.com\/lt\/266831\/","title":{"rendered":"Netoli Sankt Peterburgo \u2013 stiprus m\u012fslingas sprogimas"},"content":{"rendered":"<p>Pasak prane\u0161im\u0173, Koltu\u0161\u0173 mieste, netoli \u017eem\u0117s \u016bkio bendrov\u0117s \u201eVybor\u017eec\u201c, \u012fsipliesk\u0117 didelio masto gaisras. I\u0161 jo kylantys d\u016bm\u0173 stulpai tokie tir\u0161ti, kad yra matomi i\u0161 bet kurios miesto vietos.<\/p>\n<p>Vietos gyventojai tvirtino, kad, prie\u0161 pasirodant liepsnoms, gird\u0117jo galing\u0105 sprogim\u0105.<\/p>\n<p>Preliminariais duomenimis, d\u0117l \u0161io incidento niekas nenukent\u0117jo. \u012evykio vietoje dirba gelb\u0117jimo tarnybos. \u0160iuo metu bandoma nustatyti sprogimo ir gaisro prie\u017eastis.<\/p>\n<p>Anks\u010diau antradien\u012f Leningrado srities gubernatorius prane\u0161\u0117, kad Rusijos oro gynybos paj\u0117gos tariamai numu\u0161\u0117 52 Ukrainos dronus, ir prid\u016br\u0117, jog Ust Lugos uostui buvo padaryta \u017eala.<\/p>\n<p>Kai Koltu\u0161uose nugriaud\u0117jo sprogimas, apie naujas atakas prie\u0161 region\u0105 nebuvo prane\u0161ta, tod\u0117l tikroji incidento prie\u017eastis lieka miglota.<\/p>\n","protected":false},"excerpt":{"rendered":"Pasak prane\u0161im\u0173, Koltu\u0161\u0173 mieste, netoli \u017eem\u0117s \u016bkio bendrov\u0117s \u201eVybor\u017eec\u201c, \u012fsipliesk\u0117 didelio masto gaisras. I\u0161 jo kylantys d\u016bm\u0173 stulpai&hellip;\n","protected":false},"author":2,"featured_media":266832,"comment_status":"","ping_status":"","sticky":false,"template":"","format":"standard","meta":{"footnotes":"","_share_on_mastodon":"0"},"categories":[15],"tags":[25,30,31,34,35,24,32,33,37,39,36,38,40,23,22,44,28,29,26,27,74,75,76],"class_list":["post-266831","post","type-post","status-publish","format-standard","has-post-thumbnail","category-pasaulis","tag-antrastes","tag-breaking-news","tag-breakingnews","tag-featured-news","tag-featurednews","tag-headlines","tag-latest-news","tag-latestnews","tag-lietuva","tag-lietuviu","tag-lithuania","tag-lithuanian","tag-lt","tag-naujienos","tag-news","tag-pasaulis","tag-populiariausios-naujienos","tag-populiariausiosnaujienos","tag-top-stories","tag-topstories","tag-world","tag-world-news","tag-worldnews"],"share_on_mastodon":{"url":"https:\/\/pubeurope.com\/@lt\/117198280861313659","error":""},"_links":{"self":[{"href":"https:\/\/www.europesays.com\/lt\/wp-json\/wp\/v2\/posts\/266831","targetHints":{"allow":["GET"]}}],"collection":[{"href":"https:\/\/www.europesays.com\/lt\/wp-json\/wp\/v2\/posts"}],"about":[{"href":"https:\/\/www.europesays.com\/lt\/wp-json\/wp\/v2\/types\/post"}],"author":[{"embeddable":true,"href":"https:\/\/www.europesays.com\/lt\/wp-json\/wp\/v2\/users\/2"}],"replies":[{"embeddable":true,"href":"https:\/\/www.europesays.com\/lt\/wp-json\/wp\/v2\/comments?post=266831"}],"version-history":[{"count":0,"href":"https:\/\/www.europesays.com\/lt\/wp-json\/wp\/v2\/posts\/266831\/revisions"}],"wp:featuredmedia":[{"embeddable":true,"href":"https:\/\/www.europesays.com\/lt\/wp-json\/wp\/v2\/media\/266832"}],"wp:attachment":[{"href":"https:\/\/www.europesays.com\/lt\/wp-json\/wp\/v2\/media?parent=266831"}],"wp:term":[{"taxonomy":"category","embeddable":true,"href":"https:\/\/www.europesays.com\/lt\/wp-json\/wp\/v2\/categories?post=266831"},{"taxonomy":"post_tag","embeddable":true,"href":"https:\/\/www.europesays.com\/lt\/wp-json\/wp\/v2\/tags?post=266831"}],"curies":[{"name":"wp","href":"https:\/\/api.w.org\/{rel}","templated":true}]}}