{"id":266837,"date":"2026-09-01T23:12:17","date_gmt":"2026-09-01T23:12:17","guid":{"rendered":"https:\/\/www.europesays.com\/lt\/266837\/"},"modified":"2026-09-01T23:12:17","modified_gmt":"2026-09-01T23:12:17","slug":"ebola-sugrizo-paskutinis-atodusis-nepagydomu-ligoniu-izoliatoriuje","status":"publish","type":"post","link":"https:\/\/www.europesays.com\/lt\/266837\/","title":{"rendered":"Ebola sugr\u012f\u017eo: paskutinis atod\u016bsis nepagydom\u0173 ligoni\u0173 izoliatoriuje"},"content":{"rendered":"<p>42 met\u0173 J.B.Mugarwa palatoje guli jau beveik savait\u0119. \u016amus sveikatos pablog\u0117jimas i\u0161 prad\u017ei\u0173 pasirei\u0161k\u0117 kliedesiais, po kuri\u0173 prasid\u0117jo tokie stipr\u016bs traukuliai, kad gydytojai, saugodami ligon\u012f nuo susi\u017eeidimo, nutemp\u0117 lovos \u010diu\u017ein\u012f ir pat\u012f ligon\u012f ant grind\u0173.<\/p>\n<p> <a href=\"https:\/\/s1.15min.lt\/images\/photos\/2026\/09\/01\/original\/gydytojai-bando-surasti-ebolos-paciento-vena-6a97055c6f4ca.jpg\" rel=\"content-image nofollow noopener\" title=\"Finbarr O&#039;Reilly\/ \u201eThe New York Times\u201c\/Gydytojai bando surasti Ebolos paciento ven\u0105\" target=\"_blank\"><img decoding=\"async\" alt=\"Finbarr O'Reilly\/ \u201eThe New York Times\u201c\/Gydytojai bando surasti Ebolos paciento ven\u0105\" rel=\"content-image\" src=\"https:\/\/www.europesays.com\/lt\/wp-content\/uploads\/2026\/09\/gydytojai-bando-surasti-ebolos-paciento-vena-6a97055c6f4ca.jpg\" style=\"width: auto; height: auto;\"\/><\/a> <\/p>\n<p>Finbarr O&#8217;Reilly\/ \u201eThe New York Times\u201c\/Gydytojai bando surasti Ebolos paciento ven\u0105<\/p>\n<p>\u201eNesu tikras, kiek ilgai jis taip tvers\u201c, \u2013 parei\u0161k\u0117 vienas gydytojas, stebintis aukso kas\u0117jo b\u016bkl\u0119 per plastikin\u012f lang\u0105, kol jo kolegos, apsivilk\u0119 apsauginiais kostiumais, kovojo d\u0117l jo gyvyb\u0117s.<\/p>\n<p>Gyvenim\u0105 ir mirt\u012f tokiose klinikose kaip \u0161i, esanti Ruamparoje, netoli Bunijos \u2013 It\u016brio provincijos sostin\u0117s ir ryt\u0173 Kong\u0105 siaubian\u010dio Ebolos protr\u016bkio epicentro \u2013 skiria linija, plonesn\u0117 u\u017e skustuvo a\u0161menis.<\/p>\n<p>Neseniai pastatytoje lauko palatoje Ebolos ligoniams, kurios veikl\u0105 koordinuoja medicinos labdaros organizacija \u201eAlima\u201c, buvo gydomi 849 pacientai. 328 i\u0161 j\u0173 mir\u0117 dar neprasid\u0117jus rugpj\u016b\u010diui.<\/p>\n<p>Vadinamasis izoliatorius buvo paskubomis sukaltas i\u0161 laikin\u0173 medini\u0173 karkasini\u0173 konstrukcij\u0173. J\u012f dengia gofruotos skardos stogai. \u012e \u201eRaudon\u0105j\u0105 zon\u0105\u201c leid\u017eiama patekti tik u\u017esikr\u0117tusiems pacientams ir apsauginiais drabu\u017eiais vilkintiems sveikatos prie\u017ei\u016bros specialistams. Net vaistai ir medicinos reikmenys \u012f j\u0105 nuleid\u017eiami specialia \u010diuo\u017eykla.<\/p>\n<p>Palikdami \u201eRaudon\u0105j\u0105 zon\u0105\u201c, gydytojai ir personalas turi nusiimti kaukes, nusivilkti geltonus apsauginius kostiumus ir nusimauti pir\u0161tines bei gaubtus. Tuomet jie apipur\u0161kiami chloruotu vandeniu.<\/p>\n<p> <a href=\"https:\/\/s1.15min.lt\/images\/photos\/2026\/09\/01\/original\/pagalbinis-personalas-plauna-raudonojoje-zonoje-apsilankiusiu-gydytoju-drabuzius-6a9705d07bc76.jpg\" rel=\"content-image nofollow noopener\" title=\"Finbarr O&#039;Reilly\/ \u201eThe New York Times\u201c\/Pagalbinis personalas plauna \u201eRaudonojoje zonoje\u201c apsilankiusi\u0173 gydytoj\u0173 drabu\u017eius\" target=\"_blank\"><img decoding=\"async\" alt=\"Finbarr O'Reilly\/ \u201eThe New York Times\u201c\/Pagalbinis personalas plauna \u201eRaudonojoje zonoje\u201c apsilankiusi\u0173 gydytoj\u0173 drabu\u017eius\" rel=\"content-image\" src=\"https:\/\/www.europesays.com\/lt\/wp-content\/uploads\/2026\/09\/pagalbinis-personalas-plauna-raudonojoje-zonoje-apsilankiusiu-gydytoju-drabuzius-6a9705d07bc76.jpg\" style=\"width: auto; height: auto;\"\/><\/a> <\/p>\n<p>Finbarr O&#8217;Reilly\/ \u201eThe New York Times\u201c\/Pagalbinis personalas plauna \u201eRaudonojoje zonoje\u201c apsilankiusi\u0173 gydytoj\u0173 drabu\u017eius<\/p>\n<p>Jie stengiasi i\u0161vengti bet kokio s\u0105ly\u010dio su galimai u\u017eter\u0161tais pavir\u0161iais. Vienkartiniai geltoni kostiumai ir apsauginiai gaubtai sudeginami, o pir\u0161tines ir batus sterilizuoja pagalbinio personalo komanda.<\/p>\n<p>Sveikstantys pacientai guldomi bendrose palatose, kur laukia dviej\u0173 neigiam\u0173 test\u0173 rezultat\u0173 per 48 valandas. Tik tokiu atveju jie gali b\u016bti i\u0161ra\u0161yti i\u0161 klinikos. Vienvie\u010diai izoliatoriai skirti tik itin kritin\u0117s b\u016bkl\u0117s ligoniams, tokiems kaip J.B.Mugarwa.<\/p>\n<p>Vien\u0105 popiet\u0119, dar visai neseniai, gydytojai sugai\u0161o valand\u0173 valandas, bandydami jam \u012f ven\u0105 suleisti skys\u010di\u0173 ir medikament\u0173. D\u0117l klastingos dehidratacijos \u012fdurti adat\u0105 \u012f jo ven\u0105 tapo ne\u012fmanoma.<\/p>\n<p>Vyras v\u0117m\u0117 krauju. Vienas po kito nustojo veik\u0119 jo vidaus organai. J.B.Mugarw\u0105 pri\u017ei\u016br\u0117j\u0119s gydytojas susmuko ant metalinio lovos r\u0117mo ir steb\u0117jo aukso kas\u0117j\u0105, jam vis l\u0117\u010diau kv\u0117puojant.<\/p>\n<p>Staiga jis nustojo kv\u0117pav\u0119s. Jo nebeliko.<\/p>\n<p>Ebolos protr\u016bkis nuo gegu\u017e\u0117s m\u0117nesio pra\u017eud\u0117 daugiau kaip 2325 \u017emoni\u0173, rodo Kongo vyriausyb\u0117s duomenys. Labdaros organizacija \u201eAlima\u201c rugpj\u016b\u010dio prad\u017eioje pasidalijo ni\u016bria prognoze. Ebolos protr\u016bkis art\u0117ja prie to, kad pranoks labiausiai mirtin\u0105 istorijoje epidemij\u0105, kuri prie\u0161 daugiau nei de\u0161imtmet\u012f pasiglem\u017e\u0117 per 11 t\u016bkst. \u017emoni\u0173 gyvybi\u0173.<\/p>\n<p> <a href=\"https:\/\/s1.15min.lt\/images\/photos\/2026\/09\/01\/original\/ebolos-pacientas-6a9705f8f2de9.jpg\" rel=\"content-image nofollow noopener\" title=\"Finbarr O&#039;Reilly\/ \u201eThe New York Times\u201c\/Ebolos pacientas\" target=\"_blank\"><img decoding=\"async\" alt=\"Finbarr O'Reilly\/ \u201eThe New York Times\u201c\/Ebolos pacientas\" rel=\"content-image\" src=\"https:\/\/www.europesays.com\/lt\/wp-content\/uploads\/2026\/09\/ebolos-pacientas-6a9705f8f2de9.jpg\" style=\"width: auto; height: auto;\"\/><\/a> <\/p>\n<p>Finbarr O&#8217;Reilly\/ \u201eThe New York Times\u201c\/Ebolos pacientas<\/p>\n<p>Negana to, baiminamasi, kad virusas gali mutuoti.<\/p>\n<blockquote class=\"leftside\">\n<p>Su \u0161ia epidemija siejami mirtingumo rodikliai siekia beveik 46 proc.<\/p>\n<\/blockquote>\n<p>Ruamparos sveikatos prie\u017ei\u016bros sektoriaus darbuotojai jau seniai kovoja ir bando pad\u0117ti Kongo gyventojams, ken\u010diantiems nuo smurto, bado ir lig\u0173, kuri\u0173 buvo galima i\u0161vengti. O tada \u0117m\u0117 siaut\u0117ti Ebola. Su \u0161ia epidemija siejami mirtingumo rodikliai siekia beveik 46 proc.<\/p>\n<p>J.B.Mugarwos dukter\u0117\u010dia Rebecca nuo Ebolos mir\u0117 t\u0105 pa\u010di\u0105 popiet\u0119, tame pa\u010diame izoliatoriuje. Aukso kas\u0117jo \u017emona ir vienas i\u0161 trij\u0173 s\u016bn\u0173, kurie nuolat pri\u017ei\u016brimi gydytoj\u0173, su\u017einoj\u0119 apie jo mirt\u012f, kaip mat paspruko i\u0161 Ebolos korpuso.<\/p>\n<p>\u201eEsame sukr\u0117sti. Jis \u010dia praleido beveik savait\u0119. Man\u0117me, kad jo b\u016bkl\u0117 ger\u0117ja, \u2013 kit\u0105 dien\u0105, \u0161eimai atvykus \u012f klinik\u0105, pasakojo vienas i\u0161 septyni\u0173 Mugarw\u0173 broli\u0173 Prospere Kondjedo. \u2013 Kai \u0161\u012fryt \u010dia atva\u017eiavome, nu\u0117jome ten, kur jis gul\u0117jo, ta\u010diau pamat\u0117me tik jo drabu\u017eius ir telefon\u0105. Jo ten neb\u0117ra.\u201c<\/p>\n<p>Pasak prane\u0161im\u0173, virusu i\u0161 viso u\u017esikr\u0117t\u0117 apie 100 sveikatos prie\u017ei\u016bros darbuotoj\u0173, o ma\u017eiausiai 36 i\u0161 j\u0173 mir\u0117. Bir\u017eelio viduryje vienam i\u0161 skyriuje dirbusi\u0173 gydytoj\u0173 nuskridus \u012f Pary\u017ei\u0173, Ebolos testas parod\u0117 teigiam\u0105 atsakym\u0105.<\/p>\n<p> <a href=\"https:\/\/s1.15min.lt\/images\/photos\/2026\/09\/01\/original\/ebolos-ligoniu-korpusas-kongo-demokratineje-respublikoje-6a970628760fb.jpg\" rel=\"content-image nofollow noopener\" title=\"Finbarr O&#039;Reilly\/ \u201eThe New York Times\u201c\/Ebolos ligoni\u0173 korpusas Kongo Demokratin\u0117je Respublikoje\" target=\"_blank\"><img decoding=\"async\" alt=\"Finbarr O'Reilly\/ \u201eThe New York Times\u201c\/Ebolos ligoni\u0173 korpusas Kongo Demokratin\u0117je Respublikoje\" rel=\"content-image\" src=\"https:\/\/www.europesays.com\/lt\/wp-content\/uploads\/2026\/09\/ebolos-ligoniu-korpusas-kongo-demokratineje-respublikoje-6a970628760fb.jpg\" style=\"width: auto; height: auto;\"\/><\/a> <\/p>\n<p>Finbarr O&#8217;Reilly\/ \u201eThe New York Times\u201c\/Ebolos ligoni\u0173 korpusas Kongo Demokratin\u0117je Respublikoje<\/p>\n<p>Gydytojui susirgus, Kongo vyriausyb\u0117 \u012fved\u0117 21 dienos tarptautini\u0173 kelioni\u0173 draudim\u0105 visiems, i\u0161vykstantiems i\u0161 It\u016brio provincijos. Labdaros organizacij\u0173 teigimu, tai galimai sutrukd\u0117 kovai su virusu, kol v\u0117liau \u0161is draudimas buvo su\u0161velnintas.<\/p>\n<p>Liep\u0105 de\u0161imtys sveikatos apsaugos sektoriaus darbuotoj\u0173 ir pagalbinio personalo Ruamparoje sureng\u0117 streik\u0105, kuris buvo platesnio masto provincijos protesto d\u0117l nei\u0161mok\u0117t\u0173 atlyginim\u0173 dalis.<\/p>\n<p>Sergantieji Ebola kelias dienas buvo palikti klinikoje be prie\u017ei\u016bros. Tik tada Sveikatos ministerija u\u017etikrino personal\u0105, kad v\u0117luojantys atlyginimai bus i\u0161mok\u0117ti.<\/p>\n<p>J.B.Mugarwa ir jo dukter\u0117\u010dia buvo palaidoti kapin\u0117se, esan\u010diose kitoje kelio pus\u0117je, pra\u0117jus dienai po j\u0173 mirties. Du juodi mai\u0161ai buvo i\u0161ne\u0161ti i\u0161 morgo, \u012fd\u0117ti \u012f karstus ir pakrauti \u012f transporto priemon\u0119.<\/p>\n<p>Aukso kas\u0117jo brolis Kondjedo ir apie tuzinas kit\u0173 \u0161eimos nari\u0173 susirinko, kai karstai jau buvo nuleisti \u012f duobes. Ant karst\u0173 buvo u\u017eberta \u017eem\u0117s grumsteli\u0173, o gedintieji u\u017etrauk\u0117 atsisveikinimo dainas.<\/p>\n<p>\u0160is straipsnis buvo publikuotas laikra\u0161tyje <a href=\"https:\/\/www.nytimes.com\/2026\/08\/13\/world\/africa\/ebola-congo-patient-dies.html\" rel=\"nofollow noopener\" target=\"_blank\">\u201eThe New York Times\u201c.<\/a><\/p>\n<p>\u00a9 2026 The New York Times Company<\/p>\n","protected":false},"excerpt":{"rendered":"42 met\u0173 J.B.Mugarwa palatoje guli jau beveik savait\u0119. \u016amus sveikatos pablog\u0117jimas i\u0161 prad\u017ei\u0173 pasirei\u0161k\u0117 kliedesiais, po kuri\u0173 prasid\u0117jo&hellip;\n","protected":false},"author":2,"featured_media":266838,"comment_status":"","ping_status":"","sticky":false,"template":"","format":"standard","meta":{"footnotes":"","_share_on_mastodon":"0"},"categories":[15],"tags":[25,30,31,34,35,24,32,33,37,39,36,38,40,23,22,44,28,29,26,27,74,75,76],"class_list":["post-266837","post","type-post","status-publish","format-standard","has-post-thumbnail","category-pasaulis","tag-antrastes","tag-breaking-news","tag-breakingnews","tag-featured-news","tag-featurednews","tag-headlines","tag-latest-news","tag-latestnews","tag-lietuva","tag-lietuviu","tag-lithuania","tag-lithuanian","tag-lt","tag-naujienos","tag-news","tag-pasaulis","tag-populiariausios-naujienos","tag-populiariausiosnaujienos","tag-top-stories","tag-topstories","tag-world","tag-world-news","tag-worldnews"],"share_on_mastodon":{"url":"https:\/\/pubeurope.com\/@lt\/117198320694003758","error":""},"_links":{"self":[{"href":"https:\/\/www.europesays.com\/lt\/wp-json\/wp\/v2\/posts\/266837","targetHints":{"allow":["GET"]}}],"collection":[{"href":"https:\/\/www.europesays.com\/lt\/wp-json\/wp\/v2\/posts"}],"about":[{"href":"https:\/\/www.europesays.com\/lt\/wp-json\/wp\/v2\/types\/post"}],"author":[{"embeddable":true,"href":"https:\/\/www.europesays.com\/lt\/wp-json\/wp\/v2\/users\/2"}],"replies":[{"embeddable":true,"href":"https:\/\/www.europesays.com\/lt\/wp-json\/wp\/v2\/comments?post=266837"}],"version-history":[{"count":0,"href":"https:\/\/www.europesays.com\/lt\/wp-json\/wp\/v2\/posts\/266837\/revisions"}],"wp:featuredmedia":[{"embeddable":true,"href":"https:\/\/www.europesays.com\/lt\/wp-json\/wp\/v2\/media\/266838"}],"wp:attachment":[{"href":"https:\/\/www.europesays.com\/lt\/wp-json\/wp\/v2\/media?parent=266837"}],"wp:term":[{"taxonomy":"category","embeddable":true,"href":"https:\/\/www.europesays.com\/lt\/wp-json\/wp\/v2\/categories?post=266837"},{"taxonomy":"post_tag","embeddable":true,"href":"https:\/\/www.europesays.com\/lt\/wp-json\/wp\/v2\/tags?post=266837"}],"curies":[{"name":"wp","href":"https:\/\/api.w.org\/{rel}","templated":true}]}}