{"id":266843,"date":"2026-09-01T23:23:09","date_gmt":"2026-09-01T23:23:09","guid":{"rendered":"https:\/\/www.europesays.com\/lt\/266843\/"},"modified":"2026-09-01T23:23:09","modified_gmt":"2026-09-01T23:23:09","slug":"emmanuelis-macronas-palaiko-naujas-sankcijas-rusijai-del-drono-incidento-vokietijoje-15min-lt","status":"publish","type":"post","link":"https:\/\/www.europesays.com\/lt\/266843\/","title":{"rendered":"Emmanuelis Macronas palaiko naujas sankcijas Rusijai d\u0117l drono incidento Vokietijoje &#8211; 15min.lt"},"content":{"rendered":"<ol>\n<li><a href=\"https:\/\/news.google.com\/rss\/articles\/CBMi2gFBVV95cUxQYWlERlF4NHZkWXZzcERaWFVOQ3hZYVFOSTJBdWltZVlHWkw0akdneW45T1RtNUpUaXJOWEhERmpnSTNWOVRwWXJxNzFzZEYyVDQ0dUs1ZGxVMFJrQ1UzUWxtdTJXNE9waEhJUHBodExPT2FrVlVjQXRQSW13QkEwTkkwNG1XS1dYb0k3YzMxeDlqZ2FfSXhtN2t0NzVIdjBGNTBGUW5FdGZsNFdtbWVCcXlLQmtBbzdSVlljaVlvZEJmdGFNN2ljbm11MVFEZllJMzB0MFdfRy1tdw?oc=5\" target=\"_blank\" rel=\"nofollow noopener\">Emmanuelis Macronas palaiko naujas sankcijas Rusijai d\u0117l drono incidento Vokietijoje<\/a>&nbsp;&nbsp;15min.lt<\/li>\n<li><a href=\"https:\/\/news.google.com\/rss\/articles\/CBMizwFBVV95cUxPMXlqcXNtd3VnVWx1WGxVZllPcGtCek8yNEFNUkNxenFrWWhKS3ozN0RUeWdYdlNpamNhbzI2dnowWWxKLWcwUmNUNmhKUHl5ZGhEeldRek1rcG5qazJNRkJHbHBLUXBSNmlYSWFfaDUtRGk4Z1pRYzA5V0dyNVZnYzVITk9sQ0xvUjYwc3czel9MQjYwanJxbUh5SFVwQ28tNkJHbTl0Yjk4SWVMa1pDSElPZGFuOG40MHFULTlJc0FZY3IwY0RRTXVDN1JUcUU?oc=5\" target=\"_blank\" rel=\"nofollow noopener\">Vokietijai paskelbus sankcijas Maskvai \u2013 Kremliaus reakcija<\/a>&nbsp;&nbsp;Lrytas<\/li>\n<li><a href=\"https:\/\/news.google.com\/rss\/articles\/CBMixgFBVV95cUxQVE84WUpud19lMkZRZ191Y3JTWlAxQTkzbjcwRUQxejZOUXRYTENGbzlVdG1tZl9BcU9FOVVnaEVONkhqVkJKSTc2NkVGa0I0RXhNOGEyXzlKcndRSEVUdGlEMXRKRXdzYUV4RTI4UEQwUEdTWmszVGFFa2lubFIwWll4TzV3aFp1Q180QXo2TlpRZjQxREUyMjdPbU1JeHUxbURRX2JxRExGOHV4S3pHZTNRRGtUdkdKWF85OGhNdG5NOXdiNkE?oc=5\" target=\"_blank\" rel=\"nofollow noopener\">Vokietija u\u017edarys Rusijos konsulat\u0105 Bonoje ir kult\u016bros centr\u0105 Berlyne<\/a>&nbsp;&nbsp;15min.lt<\/li>\n<li><a href=\"https:\/\/news.google.com\/rss\/articles\/CBMi-AFBVV95cUxOam1lU0JRRXFFWWZ2NWVNUm9veFF0d2FzLWt2akswVzVvLW5zNVpMOUNYY1lxUGU4WmtnWjM5Z2xOQnNuVU5oNldjcVZzLS1uc0ZMbElBVkFaMEpWempJbHpTRVJPWWh5OVNOMUNtYlhhdzRTYVV4OFI4bE1yMXFtdnZtcFB4YTlQWm1RdC1DeUF0LWZXNk5neC1IVDdxZG5lcVFISUc3ZEdBT1BaQjZMc0FXcWV3VUVacWJ0V2gwbWFTbVhZZmxrUEo5RDU5OWNJUkM2bGVSQmVBYlRUNHczd0F5dkQtZzZmcGd1YmZXQ3VFWmt1cnlHSA?oc=5\" target=\"_blank\" rel=\"nofollow noopener\">Berlynui kaltinant Maskv\u0105 i\u0161puoliu, Markas Rutte sako, kad NATO ginsis nuo bet kokios gr\u0117sm\u0117s<\/a>&nbsp;&nbsp;KaunoDiena.lt<\/li>\n<li><a href=\"https:\/\/news.google.com\/rss\/articles\/CBMivgFBVV95cUxNLVQzYU9uX0dHaXMwd3NkSi01ODJRRU5zUTNwS2RkY3pLcGd3Q1RxeFdWeC04NGpDQnFlX2ozNm1kYi1nUzVkWVNFNzBtY0hEUmZVUUZ5TU5NQ0VyWGRzcEs4Q0E1TW51bm1Xd3VCcUh2Y1liWm9HYXpNWFlEMnFVekxTSS1pNXdHV0MzQkJCSGljQi03U0h3MXlwY0hiY2hxYkRnUXdWSHV5bFFCeWM0NTI2UXlSOUJ0UE5aLXpB?oc=5\" target=\"_blank\" rel=\"nofollow noopener\">Vokietija met\u0117 tiesioginius kaltinimus Maskvai: kalbama apie hibridin\u0119 atak\u0105<\/a>&nbsp;&nbsp;tv3.lt<\/li>\n<\/ol>\n","protected":false},"excerpt":{"rendered":"Emmanuelis Macronas palaiko naujas sankcijas Rusijai d\u0117l drono incidento Vokietijoje&nbsp;&nbsp;15min.lt Vokietijai paskelbus sankcijas Maskvai \u2013 Kremliaus reakcija&nbsp;&nbsp;Lrytas Vokietija&hellip;\n","protected":false},"author":2,"featured_media":266844,"comment_status":"","ping_status":"","sticky":false,"template":"","format":"standard","meta":{"footnotes":"","_share_on_mastodon":"0"},"categories":[15],"tags":[25,30,31,34,35,24,32,33,37,39,36,38,40,23,22,44,28,29,26,27,74,75,76],"class_list":["post-266843","post","type-post","status-publish","format-standard","has-post-thumbnail","category-pasaulis","tag-antrastes","tag-breaking-news","tag-breakingnews","tag-featured-news","tag-featurednews","tag-headlines","tag-latest-news","tag-latestnews","tag-lietuva","tag-lietuviu","tag-lithuania","tag-lithuanian","tag-lt","tag-naujienos","tag-news","tag-pasaulis","tag-populiariausios-naujienos","tag-populiariausiosnaujienos","tag-top-stories","tag-topstories","tag-world","tag-world-news","tag-worldnews"],"share_on_mastodon":{"url":"https:\/\/pubeurope.com\/@lt\/117198363234893509","error":""},"_links":{"self":[{"href":"https:\/\/www.europesays.com\/lt\/wp-json\/wp\/v2\/posts\/266843","targetHints":{"allow":["GET"]}}],"collection":[{"href":"https:\/\/www.europesays.com\/lt\/wp-json\/wp\/v2\/posts"}],"about":[{"href":"https:\/\/www.europesays.com\/lt\/wp-json\/wp\/v2\/types\/post"}],"author":[{"embeddable":true,"href":"https:\/\/www.europesays.com\/lt\/wp-json\/wp\/v2\/users\/2"}],"replies":[{"embeddable":true,"href":"https:\/\/www.europesays.com\/lt\/wp-json\/wp\/v2\/comments?post=266843"}],"version-history":[{"count":0,"href":"https:\/\/www.europesays.com\/lt\/wp-json\/wp\/v2\/posts\/266843\/revisions"}],"wp:featuredmedia":[{"embeddable":true,"href":"https:\/\/www.europesays.com\/lt\/wp-json\/wp\/v2\/media\/266844"}],"wp:attachment":[{"href":"https:\/\/www.europesays.com\/lt\/wp-json\/wp\/v2\/media?parent=266843"}],"wp:term":[{"taxonomy":"category","embeddable":true,"href":"https:\/\/www.europesays.com\/lt\/wp-json\/wp\/v2\/categories?post=266843"},{"taxonomy":"post_tag","embeddable":true,"href":"https:\/\/www.europesays.com\/lt\/wp-json\/wp\/v2\/tags?post=266843"}],"curies":[{"name":"wp","href":"https:\/\/api.w.org\/{rel}","templated":true}]}}