{"id":266845,"date":"2026-09-01T23:26:35","date_gmt":"2026-09-01T23:26:35","guid":{"rendered":"https:\/\/www.europesays.com\/lt\/266845\/"},"modified":"2026-09-01T23:26:35","modified_gmt":"2026-09-01T23:26:35","slug":"veikla-pradeda-prekybos-tinklas-maryte-retail-dalis-parduotuviu-isikurs-mere-patalpose-respublika-lt","status":"publish","type":"post","link":"https:\/\/www.europesays.com\/lt\/266845\/","title":{"rendered":"Veikl\u0105 pradeda prekybos tinklas \u201eMaryt\u0117 retail\u201c: dalis parduotuvi\u0173 \u012fsikurs \u201eMere\u201c patalpose &#8211; Respublika.lt"},"content":{"rendered":"<p><img loading=\"lazy\" decoding=\"async\" src=\"https:\/\/www.respublika.lt\/lt\/naujienos\/lietuva\/verslas\/veikla-pradeda-prekybos-tinklas-maryte-retail-dalis-parduotuviu-isikurs-mere-patalpose\/images\/ico_camera_white.gif\" class=\"camera\" width=\"22\" height=\"15\" alt=\"nuotr.\" style=\"position:relative; top:-2px; right:2px;\"\/> 1 nuotr.<\/p>\n<p>Vilniuje u\u017edaryta \u201eMere\u201c parduotuv\u0117. Eltos nuotr.<\/p>\n<p style=\"text-align: justify;\" class=\"desktop_banner\">\u00a0<\/p>\n<p style=\"text-align: left;\">\u00a0<\/p>\n<p style=\"text-align: left;\">\u012emon\u0117 \u017eada rinkai pasi\u016blyti \u017eem\u0173 kain\u0173 koncepcij\u0105. Skelbiama, kad pirmosios parduotuv\u0117s duris atverti tur\u0117t\u0173 jau \u0161\u012f rugs\u0117j\u012f, o iki met\u0173 pabaigos visoje Lietuvoje planuojama tur\u0117ti\u00a020, kitais metais \u2013 40\u00a0\u017eem\u0173 kain\u0173 parduotuvi\u0173.<\/p>\n<p style=\"text-align: left;\">\u201eMaryt\u0117s tinklo id\u0117ja seniai brendo mano galvoje, ta\u010diau tikras sutapimas yra tai, kad naujo lietuvi\u0161ko tinklo k\u016brimas prasideda nuo buvusi\u0173 \u201eMere\u201c viet\u0173 per\u0117mimo ir sutar\u010di\u0173 su patalp\u0173 savininkais. Toks \u017eingsnis leis dar grei\u010diau u\u017epildyti tu\u0161\u010di\u0105 rinkos ni\u0161\u0105 ir pasi\u016blyti pirk\u0117jams tai, ko \u0161iuo metu labiausiai reikia \u2013 reali\u0105 galimyb\u0119 sutaupyti kasdieniams pirkiniams, o tiek\u0117jams atgauti l\u0117\u0161as u\u017e savo prekes\u201d, \u2013 prane\u0161ime cituojamas \u201eMaryt\u0117s retail\u201c vadovas Povilas Ugianskis.<\/p>\n<p style=\"text-align: left;\">Jo teigimu, \u0161iuo metu finalizuojamos patalp\u0173 nuomos sutartys su savininkais, tod\u0117l netrukus jose planuojama prad\u0117ti atnaujinimo darbus.<\/p>\n<p style=\"text-align: left;\">Naujojo tinklo \u012fk\u016br\u0117jas, direktorius ir pagrindinis akcininkas P. Ugianskis teigia, kad sprendim\u0105 \u017eengti \u012f \u0161i\u0105 rink\u0105 padiktavo asmenin\u0117 patirtis bei situacija rinkoje \u2013 laisva ni\u0161a \u017eem\u0173 kain\u0173 segmente.\u00a0<\/p>\n<p style=\"text-align: left;\">\u201eEsu vienas i\u0161 t\u0173 tiek\u0117j\u0173, kurie irgi nukent\u0117jo nuo sankcionuoto prekybos tinklo. Ta\u010diau \u012f kiekvien\u0105 i\u0161\u0161\u016bk\u012f \u017ei\u016briu kaip \u012f nauj\u0105 galimyb\u0119. Apie savo \u017eem\u0173 kain\u0173 tinklo id\u0117j\u0105 m\u0105s\u010diau jau seniai, o galutin\u012f ta\u0161k\u0105 pad\u0117jo viena teisinink\u0173 kontora, kuri vie\u0161ai paragino nukent\u0117jusius tiek\u0117jus vienytis\u201c, \u2013 sako \u201eMaryt\u0117s retail\u201c vadovas<\/p>\n<p style=\"text-align: left;\">Iki \u0161iol P. Ugianskis daugiausiai investavo \u012f buities preki\u0173 ir chemijos gamyb\u0105, anks\u010diau vald\u0117 degalini\u0173 tinkl\u0105 bei pl\u0117tojo \u012fvairius nekilnojamojo turto projektus\u00a0\u012fvairiose \u0161alyse.\u00a0<\/p>\n<p style=\"text-align: left;\">\u201eTeliko i\u0161spr\u0119sti techninius ir kitus formalumus d\u0117l patalpose likusios senosios \u012frangos ir preki\u0173 liku\u010dio, ta\u010diau i\u0161 savo pus\u0117s esame visi\u0161kai pasiruo\u0161\u0119 startui ir ilgalaik\u0117ms garantijoms, bet puikiai suprantame, kad be valstyb\u0117s \u012fsiki\u0161imo to padaryti greitai negal\u0117sime, tod\u0117l pl\u0117tr\u0105 vykdysime dviejomis kryptimis, tiek atidarydami naujo formato parduotuves, tiek persinuomuodami sankcionuotas\u201c, \u2013 teigia jis.<\/p>\n<p style=\"text-align: left;\">Anot verslininko, \u0161iuo metu\u00a0\u201eMere\u201c prekybos tinklo buvusiose parduotuv\u0117s yra ne tik daug tiek\u0117j\u0173 preki\u0173, kuri\u0173 likimas priklausys nuo oficiali\u0173 \u0161alies institucij\u0173, bet ir jo paties.<\/p>\n<p style=\"text-align: left;\">\u201eEsu vienas i\u0161 j\u0173, kurio prek\u0117s yra ten, bet jau turime sprendim\u0105, kaip u\u017etikrinti tiek\u0117j\u0173 teises \u012f jiems priklausant\u012f turt\u0105 ir s\u0117kming\u0105 bendradarbiavim\u0105 ateityje. Noriu tik\u0117ti, kad per kelias dienas aktyvaus darbo, tai i\u0161spr\u0119sime visi drauge. Esu pasiruo\u0161\u0119s perimti visus \u012fsipareigojimus jiems ir prad\u0117ti nauj\u0105 partneryst\u0119\u201d, \u2013 sako P. Ugianskis.<\/p>\n<p style=\"text-align: left;\">Detalesnius tinklo pl\u0117tros planus ir tikslias pirm\u0173j\u0173 parduotuvi\u0173 vietas bendrov\u0117 \u017eada pristatyti rugs\u0117jo antroje pus\u0117je.<\/p>\n<p style=\"text-align: left;\">\u201eMaryt\u0117 retail\u201c skelbia, kad yra naujos kartos\u00a0skaidraus lietuvi\u0161ko kapitalo ma\u017emenin\u0117s prekybos tinklas, pl\u0117tojantis \u017eem\u0173 kain\u0173 parduotuvi\u0173 format\u0105. \u012emon\u0117 orientuojasi \u012f efektyv\u0173 proces\u0173 valdym\u0105, leid\u017eiant\u012f pirk\u0117jams pasi\u016blyti geriausi\u0105 kainos\u2013kokyb\u0117s santyk\u012f bei u\u017etikrinant\u012f finansin\u012f saugum\u0105 partneriams.<\/p>\n<p style=\"text-align: left;\">ES sankcijos valdantiems \u201eMere\u201c parduotuves<\/p>\n<p style=\"text-align: left;\">Liepos pabaigoje\u00a0ES \u012fved\u0117 sankcijas \u201eSvetofor Group\u201c \u012fk\u016br\u0117jams ir bendrasavininkams, valdantiems ir Lietuvoje veikian\u010dio \u201eMere\u201c prek\u0117s \u017eenklo parduotuves.<\/p>\n<p style=\"text-align: left;\">\u012e 21-\u0105j\u012f ES sankcij\u0173 paket\u0105 \u012ftrauktiems \u201eSvetofor Group\u201c \u012fk\u016br\u0117jams ir bendrasavininkams priklauso daugiau kaip 2,2 t\u016bkst. parduotuvi\u0173 Rusijoje ir kitose \u0161alyse, veikian\u010di\u0173 su preki\u0173 \u017eenklais \u201eSvetofor\u201c, \u201eMere\u201c ir \u201eMyPrice\u201c. Tarp j\u0173 yra ir Sergejus \u0160naideris.<\/p>\n<p style=\"text-align: left;\">Nuo liepos 23 d. visi \u0161i\u0173 asmen\u0173 pinigai ir turtas ES turi b\u016bti \u012f\u0161aldyti, jiems draud\u017eiama suteikti l\u0117\u0161\u0173 ar kit\u0173 ekonomini\u0173 i\u0161tekli\u0173. Liepos 24 d., pasirod\u017eius informacijai apie sankcijas \u201eMere\u201c valdytojams, Lietuvoje staiga buvo u\u017edarytos prekybos tinklo parduotuv\u0117s.<\/p>\n<p style=\"text-align: left;\">V\u0117liau Ekonomikos ir inovacij\u0173 ministerija (EIM) kreip\u0117si \u012f Finansini\u0173 nusikaltim\u0173 tyrimo tarnyb\u0105 (FNTT), pra\u0161ydama \u012fvertinti, ar naujausiu ES sankcij\u0173 paketu suvar\u017eyti asmenys n\u0117ra susij\u0119 su Lietuvoje veikian\u010diomis \u012fmon\u0117mis ir ar jiems netur\u0117t\u0173 b\u016bti taikomi ribojimai.<\/p>\n<p style=\"text-align: left;\">Rugpj\u016b\u010dio prad\u017eioje FNTT nusprend\u0117 \u012f\u0161aldyti \u201eMere\u201c tinklo valdytojos Lietuvoje \u201eValient\u0117\u201c l\u0117\u0161as.<\/p>\n<p style=\"text-align: left;\">Tarnyba taip pat \u012f\u0161ald\u0117 dar dviej\u0173 \u012fmoni\u0173 \u201eLitproduktai\u201c ir \u201eNext Logistic\u201c l\u0117\u0161as. FNTT teigimu, jos taip pat susijusios su \u012f ES sankcij\u0173 s\u0105ra\u0161\u0105 \u012ftrauktu verslininku, netiesioginiu \u201eMere\u201c valdytoju S. \u0160naideriu.<\/p>\n<p style=\"text-align: left;\">Latvijos Finansin\u0117s \u017evalgybos tarnybos (FIU) teigimu, S. \u0160naideris buvo \u012ftrauktas \u012f asmen\u0173, kuriems taikomos ES sankcijos, s\u0105ra\u0161\u0105, nes jis teikia materialin\u0119 ar finansin\u0119 param\u0105 veiklai, kuri pa\u017eeid\u017eia ar kelia gr\u0117sm\u0119 Ukrainos teritoriniam vientisumui, suverenumui ir nepriklausomybei.<\/p>\n","protected":false},"excerpt":{"rendered":"1 nuotr. Vilniuje u\u017edaryta \u201eMere\u201c parduotuv\u0117. Eltos nuotr. \u00a0 \u00a0 \u012emon\u0117 \u017eada rinkai pasi\u016blyti \u017eem\u0173 kain\u0173 koncepcij\u0105. Skelbiama,&hellip;\n","protected":false},"author":2,"featured_media":266846,"comment_status":"","ping_status":"","sticky":false,"template":"","format":"standard","meta":{"footnotes":"","_share_on_mastodon":"0"},"categories":[13],"tags":[25,30,31,34,35,24,32,33,37,39,36,38,40,38655,5052,23,22,839,28,29,38656,2387,26,27],"class_list":["post-266845","post","type-post","status-publish","format-standard","has-post-thumbnail","category-lietuva","tag-antrastes","tag-breaking-news","tag-breakingnews","tag-featured-news","tag-featurednews","tag-headlines","tag-latest-news","tag-latestnews","tag-lietuva","tag-lietuviu","tag-lithuania","tag-lithuanian","tag-lt","tag-maryte","tag-mere","tag-naujienos","tag-news","tag-parduotuves","tag-populiariausios-naujienos","tag-populiariausiosnaujienos","tag-retail","tag-sankcijos","tag-top-stories","tag-topstories"],"share_on_mastodon":{"url":"https:\/\/pubeurope.com\/@lt\/117198375397365907","error":""},"_links":{"self":[{"href":"https:\/\/www.europesays.com\/lt\/wp-json\/wp\/v2\/posts\/266845","targetHints":{"allow":["GET"]}}],"collection":[{"href":"https:\/\/www.europesays.com\/lt\/wp-json\/wp\/v2\/posts"}],"about":[{"href":"https:\/\/www.europesays.com\/lt\/wp-json\/wp\/v2\/types\/post"}],"author":[{"embeddable":true,"href":"https:\/\/www.europesays.com\/lt\/wp-json\/wp\/v2\/users\/2"}],"replies":[{"embeddable":true,"href":"https:\/\/www.europesays.com\/lt\/wp-json\/wp\/v2\/comments?post=266845"}],"version-history":[{"count":0,"href":"https:\/\/www.europesays.com\/lt\/wp-json\/wp\/v2\/posts\/266845\/revisions"}],"wp:featuredmedia":[{"embeddable":true,"href":"https:\/\/www.europesays.com\/lt\/wp-json\/wp\/v2\/media\/266846"}],"wp:attachment":[{"href":"https:\/\/www.europesays.com\/lt\/wp-json\/wp\/v2\/media?parent=266845"}],"wp:term":[{"taxonomy":"category","embeddable":true,"href":"https:\/\/www.europesays.com\/lt\/wp-json\/wp\/v2\/categories?post=266845"},{"taxonomy":"post_tag","embeddable":true,"href":"https:\/\/www.europesays.com\/lt\/wp-json\/wp\/v2\/tags?post=266845"}],"curies":[{"name":"wp","href":"https:\/\/api.w.org\/{rel}","templated":true}]}}