{"id":266849,"date":"2026-09-01T23:35:04","date_gmt":"2026-09-01T23:35:04","guid":{"rendered":"https:\/\/www.europesays.com\/lt\/266849\/"},"modified":"2026-09-01T23:35:04","modified_gmt":"2026-09-01T23:35:04","slug":"sikorskis-rusijos-karas-kelia-gresme-ne-tik-europai","status":"publish","type":"post","link":"https:\/\/www.europesays.com\/lt\/266849\/","title":{"rendered":"Sikorskis: Rusijos karas kelia gr\u0117sm\u0119 ne tik Europai"},"content":{"rendered":"<p>Tai jis parei\u0161k\u0117 Bratislavoje per Vi\u0161egrado grup\u0117s (V4 \u2013 <a rel=\"noopener nofollow\" target=\"_blank\" href=\"https:\/\/www.delfi.lt\/temos\/lenkija\" tag-id=\"21801807\">Lenkija<\/a>, \u010cekija, Slovakija ir Vengrija) u\u017esienio reikal\u0173 ministr\u0173 susitikim\u0105, kuriame taip pat dalyvavo Japonijos u\u017esienio reikal\u0173 ministras, prane\u0161a \u201eUkrinform\u201c.<\/p>\n<p>   <img decoding=\"async\" src=\"https:\/\/static.delfi.lt\/portal\/images\/article\/icon-pullout.svg\" alt=\"\"\/> <\/p>\n<p>\u201eAptar\u0117me pasaulinius saugumo i\u0161\u0161\u016bkius. M\u016bs\u0173 diskusija parod\u0117, kad Europos ir Indijos bei Ramiojo vandenyn\u0173 region\u0173 saugumas tampa vis labiau susij\u0119s\u201c, \u2013 nurod\u0117 R. Sikorskis.<\/p>\n<p>Pasak jo, tai ypa\u010d akivaizdu kalbant apie <a rel=\"noopener nofollow\" target=\"_blank\" href=\"https:\/\/www.delfi.lt\/temos\/rusija\" tag-id=\"40342315\">Rusijos<\/a>, Kinijos, \u0160iaur\u0117s Kor\u0117jos ir Irano karin\u012f bendradarbiavim\u0105.<\/p>\n<p>   <img decoding=\"async\" src=\"https:\/\/static.delfi.lt\/portal\/images\/article\/icon-pullout.svg\" alt=\"\"\/> <\/p>\n<p>\u201eRusijos karas prie\u0161 Ukrain\u0105 teb\u0117ra rim\u010diausias i\u0161\u0161\u016bkis Europos saugumui ir apskritai taisykl\u0117mis grind\u017eiamai tarptautinei tvarkai. \u0160io karo padariniai jau\u010diami ne tik Europoje. Tolesn\u0117 parama Ukrainai yra investicija \u012f pasitik\u0117jim\u0105 tarptautine tvarka\u201c, \u2013 pabr\u0117\u017e\u0117 jis.<\/p>\n<p>Susitikimo dalyviai taip pat aptar\u0117 galimybes stiprinti Vidurio Europos \u0161ali\u0173 ir Japonijos bendradarbiavim\u0105. R. Sikorskis kaip svarbiausias sritis i\u0161skyr\u0117 automobili\u0173 pramon\u0119, infrastrukt\u016br\u0105, energetik\u0105, moksl\u0105 ir pa\u017eangi\u0105sias technologijas.<\/p>\n<p>Jis taip pat teigiamai \u012fvertino atnaujint\u0105 Vi\u0161egrado grup\u0117s veikl\u0105 ir parei\u0161k\u0117, kad \u201eLenkija d\u017eiaugiasi V4 sugr\u012f\u017eimu\u201c. V\u0117liau jis paai\u0161kino, kad Vi\u0161egrado grup\u0117s veikla buvo pristabdyta d\u0117l Vengrijos politikos. Pasak R. Sikorskio, dabar Vengrija v\u0117l gr\u012f\u017eta prie glaudesnio bendradarbiavimo su Europa.<\/p>\n<p>Primenama, kad Vi\u0161egrado grup\u0117 buvo \u012fkurta 1991 metais siekiant pl\u0117toti regionin\u012f bendradarbiavim\u0105 ir koordinuoti Europos integracijos procesus.<\/p>\n<p>Paskutinis V4 u\u017esienio reikal\u0173 ministr\u0173 susitikimas \u012fvyko 2024 met\u0173 kov\u0105. V\u0117liau grup\u0117s veikl\u0105 ministr\u0173 lygiu gerokai apsunkino \u0161ali\u0173 nari\u0173 vyriausybi\u0173 pozicij\u0173 skirtumai, ypa\u010d d\u0117l Rusijos agresijos prie\u0161 <a rel=\"noopener nofollow\" target=\"_blank\" href=\"https:\/\/www.delfi.lt\/temos\/ukraina\" tag-id=\"21801988\">Ukrain\u0105<\/a> ir Europos S\u0105jungos politikos.<\/p>\n","protected":false},"excerpt":{"rendered":"Tai jis parei\u0161k\u0117 Bratislavoje per Vi\u0161egrado grup\u0117s (V4 \u2013 Lenkija, \u010cekija, Slovakija ir Vengrija) u\u017esienio reikal\u0173 ministr\u0173 susitikim\u0105,&hellip;\n","protected":false},"author":2,"featured_media":266850,"comment_status":"","ping_status":"","sticky":false,"template":"","format":"standard","meta":{"footnotes":"","_share_on_mastodon":"0"},"categories":[15],"tags":[25,30,31,34,35,24,32,33,140,37,39,36,38,40,23,22,44,28,29,892,119,26,27,360,74,75,76],"class_list":["post-266849","post","type-post","status-publish","format-standard","has-post-thumbnail","category-pasaulis","tag-antrastes","tag-breaking-news","tag-breakingnews","tag-featured-news","tag-featurednews","tag-headlines","tag-latest-news","tag-latestnews","tag-lenkija","tag-lietuva","tag-lietuviu","tag-lithuania","tag-lithuanian","tag-lt","tag-naujienos","tag-news","tag-pasaulis","tag-populiariausios-naujienos","tag-populiariausiosnaujienos","tag-radoslawas-sikorskis","tag-rusija","tag-top-stories","tag-topstories","tag-ukraina","tag-world","tag-world-news","tag-worldnews"],"share_on_mastodon":{"url":"https:\/\/pubeurope.com\/@lt\/117198410955288990","error":""},"_links":{"self":[{"href":"https:\/\/www.europesays.com\/lt\/wp-json\/wp\/v2\/posts\/266849","targetHints":{"allow":["GET"]}}],"collection":[{"href":"https:\/\/www.europesays.com\/lt\/wp-json\/wp\/v2\/posts"}],"about":[{"href":"https:\/\/www.europesays.com\/lt\/wp-json\/wp\/v2\/types\/post"}],"author":[{"embeddable":true,"href":"https:\/\/www.europesays.com\/lt\/wp-json\/wp\/v2\/users\/2"}],"replies":[{"embeddable":true,"href":"https:\/\/www.europesays.com\/lt\/wp-json\/wp\/v2\/comments?post=266849"}],"version-history":[{"count":0,"href":"https:\/\/www.europesays.com\/lt\/wp-json\/wp\/v2\/posts\/266849\/revisions"}],"wp:featuredmedia":[{"embeddable":true,"href":"https:\/\/www.europesays.com\/lt\/wp-json\/wp\/v2\/media\/266850"}],"wp:attachment":[{"href":"https:\/\/www.europesays.com\/lt\/wp-json\/wp\/v2\/media?parent=266849"}],"wp:term":[{"taxonomy":"category","embeddable":true,"href":"https:\/\/www.europesays.com\/lt\/wp-json\/wp\/v2\/categories?post=266849"},{"taxonomy":"post_tag","embeddable":true,"href":"https:\/\/www.europesays.com\/lt\/wp-json\/wp\/v2\/tags?post=266849"}],"curies":[{"name":"wp","href":"https:\/\/api.w.org\/{rel}","templated":true}]}}