{"id":266911,"date":"2026-09-02T02:55:16","date_gmt":"2026-09-02T02:55:16","guid":{"rendered":"https:\/\/www.europesays.com\/lt\/266911\/"},"modified":"2026-09-02T02:55:16","modified_gmt":"2026-09-02T02:55:16","slug":"banko-vadovas-sproges-di-burbulas-gali-sukelti-pasaulini-ekonomikos-nuosmuki-respublika-lt","status":"publish","type":"post","link":"https:\/\/www.europesays.com\/lt\/266911\/","title":{"rendered":"Banko vadovas: sprog\u0119s DI burbulas gali sukelti pasaulin\u012f ekonomikos nuosmuk\u012f &#8211; Respublika.lt"},"content":{"rendered":"<p><img loading=\"lazy\" decoding=\"async\" src=\"https:\/\/www.respublika.lt\/lt\/naujienos\/pasaulis\/kitos_pasaulio_naujienos\/banko-vadovas-sproges-di-burbulas-gali-sukelti-pasaulini-ekonomikos-nuosmuki\/images\/ico_camera_white.gif\" class=\"camera\" width=\"22\" height=\"15\" alt=\"nuotr.\" style=\"position:relative; top:-2px; right:2px;\"\/> 1 nuotr.<\/p>\n<p>Anglijos bankas. EPA-Eltos nuotr.<\/p>\n<p style=\"text-align: justify;\" class=\"desktop_banner\">\u00a0<\/p>\n<p style=\"text-align: left;\">\u00a0<\/p>\n<p style=\"text-align: left;\">Lai\u0161ke Did\u017eiojo dvide\u0161imtuko (G20) \u0161ali\u0173 finans\u0173 ministrams, \u0161iuo metu susitinkantiems JAV \u0160iaur\u0117s Karolinos valstijoje, A. Bailey persp\u0117jo, kad sprogus DI burbului \u201eb\u016bsima rinkos korekcija\u201c gali i\u0161plisti visame pasaulyje.<\/p>\n<p style=\"text-align: left;\">A. Bailey lai\u0161ke taip pat persp\u0117jo d\u0117l \u201esvyravim\u0173\u201c, kuriuos lemia JAV ir Irano karo sukelti sukr\u0117timai energetikos rinkose.<\/p>\n<p style=\"text-align: left;\">Tarptautin\u0117s prie\u017ei\u016bros institucijos Finansinio stabilumo tarybos pirmininko pareigas taip pat einantis A. Bailey teig\u0117, kad \u201erinkos teb\u0117ra pa\u017eeid\u017eiamos d\u0117l galimos chaoti\u0161kos korekcijos, kuri gal\u0117t\u0173 i\u0161plisti u\u017e valstybi\u0173 sien\u0173, ypa\u010d atsi\u017evelgiant \u012f pa\u017eeid\u017eiamum\u0105 valstybi\u0173 skolos rinkose\u201c.<\/p>\n<p style=\"text-align: left;\">\u201eProblema ne vien ta, kad investuotojai daugiau skolinasi. Finansinio sverto naudojimas s\u0105veikauja su auk\u0161tais \u012fmoni\u0173 vertinimais ir rinkos koncentracija, ypa\u010d did\u0117jant DI bendrovi\u0173 ir did\u017ei\u0173j\u0173 debesijos infrastrukt\u016bros paslaug\u0173 teik\u0117j\u0173 tarpusavio investicijoms, o tai gali sustiprinti b\u016bsim\u0105 rinkos korekcij\u0105. Tod\u0117l ir toliau nerimauju, kad didelis sukr\u0117timas ar keli\u0173 sukr\u0117tim\u0173 derinys vienu metu gal\u0117t\u0173 i\u0161ry\u0161kinti kelias pa\u017eeid\u017eiamas vietas\u201c, \u2013 teig\u0117 A. Bailey.<\/p>\n<p style=\"text-align: left;\">Londonas siekia \u201esuvereni\u0173 DI paj\u0117gum\u0173\u201c<\/p>\n<p style=\"text-align: left;\">Prie\u0161 \u0161\u012f A. Bailey persp\u0117jim\u0105 Jungtin\u0117s Karalyst\u0117s i\u017edo kancleris Johnas Healey paskelb\u0117 apie 100 mln. svar\u0173 sterling\u0173 (116,79 mln. eur\u0173) fond\u0105 \u0161alies DI startuoliams remti.<\/p>\n<p style=\"text-align: left;\">\u0160is fondas yra viena i\u0161 Jungtin\u0117s Karalyst\u0117s vyriausyb\u0117s priemoni\u0173, kuriomis siekiama pl\u0117toti vadinamuosius \u201esuverenius DI paj\u0117gumus\u201c \u2013 \u0161alyje kuriamas DI technologijas, kuriomis siekiama u\u017etikrinti, kad Jungtin\u0117 Karalyst\u0117 neb\u016bt\u0173 priklausoma nuo u\u017esienyje sukurt\u0173 paslaug\u0173 ir infrastrukt\u016bros.<\/p>\n<p style=\"text-align: left;\">Ministrai nori, kad bendrov\u0117s var\u017eyt\u0173si d\u0117l finansavimo projektams, kurie pad\u0117t\u0173 spr\u0119sti tokias problemas kaip eili\u0173 Jungtin\u0117s Karalyst\u0117s nacionalin\u0117je sveikatos tarnyboje (NHS) trumpinimas ir pacient\u0173 prie\u017ei\u016bros gerinimas, taip pat stiprint\u0173 kibernetin\u012f saugum\u0105 bei gynyb\u0105.<\/p>\n<p style=\"text-align: left;\">\u201eJungtin\u0117je Karalyst\u0117je veikia vienos novatori\u0161kiausi\u0173 DI bendrovi\u0173 pasaulyje, o \u0161i vyriausyb\u0117 jas remia, kad jos \u010dia gal\u0117t\u0173 prad\u0117ti veikl\u0105, augti ir s\u0117kmingai dirbti. \u0160is pirmasis tokio pob\u016bd\u017eio konkursas pad\u0117s u\u017etikrinti, kad DI teikiam\u0105 naud\u0105 labiau pajust\u0173 \u017emon\u0117s visoje Jungtin\u0117je Karalyst\u0117je.<\/p>\n<p style=\"text-align: left;\">G20 \u0161alims siekiant kuo geriau i\u0161naudoti DI teikiamas galimybes, esu pasiry\u017e\u0119s u\u017etikrinti, kad Jungtin\u0117 Karalyst\u0117 atlikt\u0173 pagrindin\u012f vaidmen\u012f pasitelkiant \u0161i\u0105 technologij\u0105 naujoms darbo vietoms kurti, vie\u0161osioms paslaugoms gerinti ir ekonomikos augimui visoje \u0161alyje skatinti\u201c, \u2013 sak\u0117 J. Healey.<\/p>\n<p style=\"text-align: left;\">Kaip skelbta, G20 \u0161ali\u0173 finans\u0173 ministrai pirmadien\u012f ir antradien\u012f susitinka \u0160iaur\u0117s Karolinos valstijos mieste A\u0161vilyje, o \u0161ali\u0173 lyderi\u0173 susitikimas v\u0117liau \u0161iais metais vyks Majamyje.<\/p>\n","protected":false},"excerpt":{"rendered":"1 nuotr. Anglijos bankas. EPA-Eltos nuotr. \u00a0 \u00a0 Lai\u0161ke Did\u017eiojo dvide\u0161imtuko (G20) \u0161ali\u0173 finans\u0173 ministrams, \u0161iuo metu susitinkantiems&hellip;\n","protected":false},"author":2,"featured_media":266912,"comment_status":"","ping_status":"","sticky":false,"template":"","format":"standard","meta":{"footnotes":"","_share_on_mastodon":"0"},"categories":[17],"tags":[38659,1995,81,994,21098,21099,37,39,36,38,40,30067,46],"class_list":["post-266911","post","type-post","status-publish","format-standard","has-post-thumbnail","category-verslas","tag-bailey","tag-burbulas","tag-business","tag-di","tag-jungtine","tag-karalyste","tag-lietuva","tag-lietuviu","tag-lithuania","tag-lithuanian","tag-lt","tag-nuosmukis","tag-verslas"],"share_on_mastodon":{"url":"https:\/\/pubeurope.com\/@lt\/117199197241824943","error":""},"_links":{"self":[{"href":"https:\/\/www.europesays.com\/lt\/wp-json\/wp\/v2\/posts\/266911","targetHints":{"allow":["GET"]}}],"collection":[{"href":"https:\/\/www.europesays.com\/lt\/wp-json\/wp\/v2\/posts"}],"about":[{"href":"https:\/\/www.europesays.com\/lt\/wp-json\/wp\/v2\/types\/post"}],"author":[{"embeddable":true,"href":"https:\/\/www.europesays.com\/lt\/wp-json\/wp\/v2\/users\/2"}],"replies":[{"embeddable":true,"href":"https:\/\/www.europesays.com\/lt\/wp-json\/wp\/v2\/comments?post=266911"}],"version-history":[{"count":0,"href":"https:\/\/www.europesays.com\/lt\/wp-json\/wp\/v2\/posts\/266911\/revisions"}],"wp:featuredmedia":[{"embeddable":true,"href":"https:\/\/www.europesays.com\/lt\/wp-json\/wp\/v2\/media\/266912"}],"wp:attachment":[{"href":"https:\/\/www.europesays.com\/lt\/wp-json\/wp\/v2\/media?parent=266911"}],"wp:term":[{"taxonomy":"category","embeddable":true,"href":"https:\/\/www.europesays.com\/lt\/wp-json\/wp\/v2\/categories?post=266911"},{"taxonomy":"post_tag","embeddable":true,"href":"https:\/\/www.europesays.com\/lt\/wp-json\/wp\/v2\/tags?post=266911"}],"curies":[{"name":"wp","href":"https:\/\/api.w.org\/{rel}","templated":true}]}}