{"id":266923,"date":"2026-09-02T03:46:00","date_gmt":"2026-09-02T03:46:00","guid":{"rendered":"https:\/\/www.europesays.com\/lt\/266923\/"},"modified":"2026-09-02T03:46:00","modified_gmt":"2026-09-02T03:46:00","slug":"lietuva-terminala-statys-net-uz-300-mln-euru-respublika-lt","status":"publish","type":"post","link":"https:\/\/www.europesays.com\/lt\/266923\/","title":{"rendered":"Lietuva terminal\u0105 statys net u\u017e 300 mln. eur\u0173 &#8211; Respublika.lt"},"content":{"rendered":"<p style=\"text-align: justify;\" class=\"desktop_banner\">\u00a0<\/p>\n<p>Anglies dioksido terminalas &#8211; atvirosios prieigos infrastrukt\u016bros kompleksas, skirtas \u016bkio subjekt\u0173 surinktam anglies dioksidui priimti, laikinai laikyti ir perduoti \u012f anglies saugyklas, ar tiesiogiai panaudoti pramon\u0117je.<\/p>\n<p>Jis apima pri\u0117mimo \u012frenginius, talpyklas, perpylimo ar skystinimo sistemas ir kitus technologinius priklausinius, u\u017etikrinan\u010dius saug\u0173 anglies dioksido tvarkym\u0105.<\/p>\n<p>Energetikos ministerija sako, kad projekto \u012fgyvendinimas biud\u017eeto l\u0117\u0161\u0173 nepareikalaus.<\/p>\n<p>Pa\u017eymima, kad tuo atveju, jeigu terminal\u0105 vystyt\u0173 valstyb\u0117s valdomos \u012fmon\u0117s, jos tur\u0117t\u0173 investuoti \u012f atitinkamos infrastrukt\u016bros suk\u016brim\u0105, jau esamos infrastrukt\u016bros adaptavim\u0105.<\/p>\n<p>\u201eTokie finansavimo poreikiai automati\u0161kai nesuponuoja, kad tam b\u016bt\u0173 skiriamos valstyb\u0117s l\u0117\u0161os. \u012evertinta, jog priva\u010di\u0173 investicij\u0173 poreikis \u012f terminalo vystym\u0105 sudaryt\u0173 apie 300 mln. eur\u0173&#8221;, &#8211; ra\u0161o ministerija.<\/p>\n<p>Prognozuojamas teigiamas projekto poveikis ekonomikai, verslo ir konkurencijos s\u0105lygoms. \u012emoni\u0173 sutaupymas atsiranda d\u0117l to, kad bendros CO2 tvarkymo paslaug\u0173 s\u0105naudos bus ma\u017eesn\u0117s u\u017e prognozuojamus ES apyvartini\u0173 tar\u0161os leidim\u0173 mokes\u010dius.<\/p>\n<p>Prieiga prie terminalo leis \u0161ias l\u0117\u0161as investuoti \u012f infrastrukt\u016br\u0105, o ne sumok\u0117ti kaip negr\u0105\u017einamus tar\u0161os mokes\u010dius, taip i\u0161saugant konkurencingum\u0105 ir gamyb\u0105 Lietuvoje.<\/p>\n<p>Galimybi\u0173 studijoje skai\u010diuojama bendra \u0161alies nauda vien i\u0161 cemento pramon\u0117je i\u0161vengt\u0173 CO2 emisij\u0173 ka\u0161t\u0173 sudaro net 5,78 mlrd. eur\u0173 sutaupym\u0105.<\/p>\n<p>Pavyzd\u017eiui, Lietuvos pramon\u0117s \u012fmon\u0117s, veikian\u010dios tar\u0161iuose sektoriuose (cemento, tr\u0105\u0161\u0173, chemijos pramon\u0117), gal\u0117s naudotis terminalo infrastrukt\u016bra ir suma\u017einti savo emisijas, taip i\u0161vengiant did\u0117jan\u010di\u0173 mokes\u010di\u0173 pagal ES \u0161iltnamio efekt\u0105 sukelian\u010di\u0173 duj\u0173 emisij\u0173 sistem\u0105.<\/p>\n<p>\u0160is reguliavimas yra ypa\u010d svarbus siekiant i\u0161saugoti \u0161i\u0173 sektori\u0173 konkurencingum\u0105 tarptautin\u0117je rinkoje.<\/p>\n","protected":false},"excerpt":{"rendered":"\u00a0 Anglies dioksido terminalas &#8211; atvirosios prieigos infrastrukt\u016bros kompleksas, skirtas \u016bkio subjekt\u0173 surinktam anglies dioksidui priimti, laikinai laikyti&hellip;\n","protected":false},"author":2,"featured_media":266924,"comment_status":"","ping_status":"","sticky":false,"template":"","format":"standard","meta":{"footnotes":"","_share_on_mastodon":"0"},"categories":[13],"tags":[25,30,31,38661,8652,248,34,35,24,3860,32,33,37,39,36,38,40,23,22,12086,28,29,1263,2286,12741,26,27],"class_list":["post-266923","post","type-post","status-publish","format-standard","has-post-thumbnail","category-lietuva","tag-antrastes","tag-breaking-news","tag-breakingnews","tag-cementas","tag-co2","tag-ekonomika","tag-featured-news","tag-featurednews","tag-headlines","tag-infrastruktura","tag-latest-news","tag-latestnews","tag-lietuva","tag-lietuviu","tag-lithuania","tag-lithuanian","tag-lt","tag-naujienos","tag-news","tag-perdirbimas","tag-populiariausios-naujienos","tag-populiariausiosnaujienos","tag-statyba","tag-tarsa","tag-terminalas","tag-top-stories","tag-topstories"],"share_on_mastodon":{"url":"https:\/\/pubeurope.com\/@lt\/117199397544672531","error":""},"_links":{"self":[{"href":"https:\/\/www.europesays.com\/lt\/wp-json\/wp\/v2\/posts\/266923","targetHints":{"allow":["GET"]}}],"collection":[{"href":"https:\/\/www.europesays.com\/lt\/wp-json\/wp\/v2\/posts"}],"about":[{"href":"https:\/\/www.europesays.com\/lt\/wp-json\/wp\/v2\/types\/post"}],"author":[{"embeddable":true,"href":"https:\/\/www.europesays.com\/lt\/wp-json\/wp\/v2\/users\/2"}],"replies":[{"embeddable":true,"href":"https:\/\/www.europesays.com\/lt\/wp-json\/wp\/v2\/comments?post=266923"}],"version-history":[{"count":0,"href":"https:\/\/www.europesays.com\/lt\/wp-json\/wp\/v2\/posts\/266923\/revisions"}],"wp:featuredmedia":[{"embeddable":true,"href":"https:\/\/www.europesays.com\/lt\/wp-json\/wp\/v2\/media\/266924"}],"wp:attachment":[{"href":"https:\/\/www.europesays.com\/lt\/wp-json\/wp\/v2\/media?parent=266923"}],"wp:term":[{"taxonomy":"category","embeddable":true,"href":"https:\/\/www.europesays.com\/lt\/wp-json\/wp\/v2\/categories?post=266923"},{"taxonomy":"post_tag","embeddable":true,"href":"https:\/\/www.europesays.com\/lt\/wp-json\/wp\/v2\/tags?post=266923"}],"curies":[{"name":"wp","href":"https:\/\/api.w.org\/{rel}","templated":true}]}}