{"id":266939,"date":"2026-09-02T04:25:23","date_gmt":"2026-09-02T04:25:23","guid":{"rendered":"https:\/\/www.europesays.com\/lt\/266939\/"},"modified":"2026-09-02T04:25:23","modified_gmt":"2026-09-02T04:25:23","slug":"neismoktos-2024-m-audros-pamokos-respublika-lt","status":"publish","type":"post","link":"https:\/\/www.europesays.com\/lt\/266939\/","title":{"rendered":"Nei\u0161moktos 2024 m. audros pamokos &#8211; Respublika.lt"},"content":{"rendered":"<p style=\"text-align: justify;\" class=\"desktop_banner\">\u00a0<\/p>\n<p>Tai &#8211; pasekm\u0117s ESO ne\u012fsiklausymo \u012f specialist\u0173 \u012fsp\u0117jimus: pastarieji po 2024 m. vykusios audros, taip pat be elektros palikusios t\u016bkstan\u010dius vartotoj\u0173, paragino bendrov\u0119 investuoti \u012f tinklo patikimum\u0105, nes kitaip bet kokios audros rezultatai bus tokie patys, kokie buvo 2024-aisiais.<\/p>\n<p>Prognoz\u0117s i\u0161sipild\u0117 su kaupu.<\/p>\n<p>ESO vadovas Renaldas Radvila vakar ryte per LRT paskelb\u0117, kad elektros tiekimas atkurtas 90 proc. jo netekusi\u0173 klient\u0173.<\/p>\n<p>\u201e\u0160io ryto duomenimis, dar turime 17 t\u016bkst. klient\u0173 arba labiau naudo\u010diau s\u0105vok\u0105 objekt\u0173, kuriems neatstatytas elektros energijos tiekimas. Dalis \u0161i\u0173 objekt\u0173 nevartoja arba vartoja labai ma\u017eai elektros energijos&#8221;, &#8211; naujausiais duomenimis pirmadien\u012f ryte dalijosi R.Radvila.<\/p>\n<p>Pasak jo, \u012fvertinus tokius objektus, realiai elektros neturin\u010di\u0173 klient\u0173 skai\u010dius siekia apie 10 t\u016bkst.<\/p>\n<p>Po rugpj\u016b\u010dio 22 d. Lietuv\u0105 nusiaubusios audros i\u0161 viso u\u017efiksuota daugiau kaip 9 t\u016bkst. tinklo pa\u017eeidim\u0173, vietomis elektros linijos visi\u0161kai suniokotos ir naujai reikia tiesti i\u0161tisus tinklo ruo\u017eus.<\/p>\n<p>Piko metu be elektros buvo lik\u0119 daugiau kaip 268 t\u016bkst. ESO klient\u0173. Visus likusius sutrikimus bendrov\u0117 planuoja pa\u0161alinti iki rugs\u0117jo 3 dienos, nors anks\u010diau \u017ead\u0117ta darbus baigti iki pra\u0117jusio \u0161e\u0161tadienio.<\/p>\n<p>\u012edomu prisiminti tai, k\u0105 apie ESO prie\u0161 dvejus metus kalb\u0117jo kai kurie politikai bei ekspertai, kai net gerokai silpnesn\u0117 audra nei dabartin\u0117 sutrikd\u0117 elektros tiekim\u0105. Ta\u010diau ESO \u012f pastabas ne\u012fsiklaus\u0117.<\/p>\n<p>Seimo Energetikos ir darnios pl\u0117tros komiteto narys Valius \u0104\u017euolas t\u0105kart sak\u0117, kad tai, kas \u012fvyko, buvo politini\u0173 sprendim\u0173 pasekm\u0117.<\/p>\n<p>\u201ePolitikai \u201eIgnitis grupei&#8221; nustat\u0117 krypt\u012f siekti maksimalaus pelno. Pagrindinis b\u016bdas jo pasiekti &#8211; neinvestuoti \u012f tinklus, nes tai brangiai kainuoja. Nieko neinvestuoji, tik imi pinigus. Ta\u010diau tada ateina laikas, kai viskas ima gri\u016bti. Politikai nurod\u0117, \u201eIgnitis&#8221; t\u0105 ir daro &#8211; tesiekia pelno. Prisiminkime, kad 160 mln. eur\u0173, kurie tur\u0117jo b\u016bti investuoti \u012f tinklus, nebuvo investuoti&#8221;, &#8211; 2024-aisiais kalb\u0117jo V.\u0104\u017euolas.<\/p>\n<p>Energetikos ekspertas Vidmantas Jankauskas 2024-aisiais pasteb\u0117jo, kad Latvijoje audra buvo dar stipresn\u0117, ta\u010diau padaryta \u017eala Latvijos elektros tinklui buvo triskart ma\u017eesn\u0117.<\/p>\n<p>\u201eTen laid\u0173 po \u017eeme paki\u0161ta ma\u017edaug tiek pat, kiek ir Lietuvoje. Ta\u010diau problema ta, kad mes savu laiku, kai gal\u0117jome sukurti toki\u0105 pat sistem\u0105 kaip Latvija, to nepadar\u0117me. Latvijoje proskynos yra dvigubai platesn\u0117s &#8211; iki pusseptinto metro. Kada da\u017eniausiai nuken\u010dia laidai? Kai juos nutraukia gri\u016bvantys med\u017eiai. Kai proskynos platesn\u0117s, tai ir nuostoli\u0173 gerokai ma\u017eiau&#8221;, &#8211; pasteb\u0117jo V.Jankauskas, pridurdamas, kad latviai daug grei\u010diau susitvark\u0117, tod\u0117l vyko pad\u0117ti lietuviams.<\/p>\n<p>Seimo Energetikos ir darnios pl\u0117tros komiteto narys Art\u016bras Skard\u017eius prie\u0161 dvejus metus i\u0161rei\u0161k\u0117 vilt\u012f, kad ESO nustos mok\u0117ti dividendus savo motininei \u201eIgnitis grupei&#8221; ir vis\u0105 peln\u0105 skirs tinkl\u0173 saugumui stiprinti, o prie to prisid\u0117s ir visa grup\u0117.<\/p>\n<p>Pasak jo, per dvejus metus po 2024 m. audros buvo galima visk\u0105 sutvarkyti. Ir neb\u016btinai visas linijas kabeliuoti. Jei kokia kilometro at\u0161aka eina \u012f vienkiem\u012f, tai galima geriau tam \u017emogui generatori\u0173 atve\u017eti.<\/p>\n<p>Deja, vakar politikas \u201eVakaro \u017einioms&#8221; pripa\u017eino, kad jo l\u016bkes\u010diai nepasiteisino.<\/p>\n<p>Skelbiama, kad pra\u0117jusi\u0173 met\u0173 pabaigoje ESO nepaskirstytasis pelnas siek\u0117 424 mln. eur\u0173, grynasis pernyk\u0161tis pelnas siek\u0117 beveik 63 mln. eur\u0173, bendrov\u0117 kasmet sumoka po 30 mln. eur\u0173 dividend\u0173 \u201eIgnitis grupei&#8221;.<\/p>\n<p>O visos \u201eIgnitis grup\u0117&#8221; koreguotas pelnas prie\u0161 pal\u016bkanas, mokes\u010dius ir nusid\u0117v\u0117jim\u0105 pernai siek\u0117 546,1 mln. eur\u0173. Grynasis pelnas siek\u0117 163,9 mln. eur\u0173. Kaip ir kasmet, grup\u0117 i\u0161mok\u0117jo dividend\u0173 u\u017e daugiau nei 90 mln. eur\u0173.<\/p>\n<p>Pasak A.Skard\u017eiaus, ESO po 2024 m. audros nepadar\u0117 joki\u0173 i\u0161vad\u0173, nevykd\u0117 rekomendacij\u0173, neie\u0161kojo sprendim\u0173, kaip u\u017etikrinti didesn\u012f tinklo patikimum\u0105.<\/p>\n<p>\u201eMi\u0161kingose vietov\u0117se po \u017eeme paki\u0161ta laid\u0173 daug ma\u017eiau nei planuota, proskynos i\u0161 viso nebuvo didinamos, nors t\u0105 latviai toliau s\u0117kmingai daro. Kaip kad ir kei\u010dia neizoliuotus laidus izoliuotais. Lietuviai nesimoko i\u0161 kaimyn\u0173.<\/p>\n<p>M\u016bs\u0173 komitetas pra\u0117jusi\u0105 savait\u0119 buvo susirink\u0119s \u0161iuo klausimu, dalyvavo ir ESO, ir ministerijos vadovai. Paai\u0161kinimai buvo tokie: nesp\u0117jo, tr\u016bksta specialist\u0173.<\/p>\n<p>Bet tai rei\u0161kia, kad nesugeba organizuoti darb\u0173, tod\u0117l ESO vadovas turi prisiimti atsakomyb\u0119, nes kai tokie savi, tai svetim\u0173 prie\u0161\u0173 n\u0117 nereikia. Ka\u017ekokia audra prasiaut\u0117 ir i\u0161ved\u0117 kone visos valstyb\u0117s gyvenim\u0105 i\u0161 rikiuot\u0117s. O kas b\u016bt\u0173, jei ateit\u0173 diena X? Tam nepasiruo\u0161ta, nors pinigai buvo skirti&#8221;, &#8211; vakar d\u0117st\u0117 A.Skard\u017eius.<\/p>\n<p>Jis pakartojo, kad nereikia leisti milijon\u0173, jog po \u017eeme b\u016bt\u0173 ki\u0161ami ir kabeliai, einantys \u012f nuo\u0161alias sodybas, es\u0105 pakakt\u0173 jas apr\u016bpinti generatoriais.<\/p>\n<p>\u201eTam yra mil\u017eini\u0161ki pelnai, kuriuos ESO leid\u017eia susi\u017eerti valstybinis reguliuotojas. Ta\u010diau ESO vadovas R.Radvila kaltina pa\u010dius vartotojus. Vie\u0161ai juos i\u0161koneveik\u0117, es\u0105 \u0161ie elgiasi neatsakingai, nepasiruo\u0161\u0119 audroms. Suprask: elektros tiekimas, kuris yra strategin\u0117 valstyb\u0117s paslauga, yra paties vartotojo reikalas &#8211; turi tur\u0117ti generatori\u0173, elektros kaupikl\u012f ir visa kita. Atsakomyb\u0117s numetimas vartotojams&#8221;, &#8211; \u012fsp\u0117jo A.Skard\u017eius.<\/p>\n","protected":false},"excerpt":{"rendered":"\u00a0 Tai &#8211; pasekm\u0117s ESO ne\u012fsiklausymo \u012f specialist\u0173 \u012fsp\u0117jimus: pastarieji po 2024 m. vykusios audros, taip pat be&hellip;\n","protected":false},"author":2,"featured_media":266940,"comment_status":"","ping_status":"","sticky":false,"template":"","format":"standard","meta":{"footnotes":"","_share_on_mastodon":"0"},"categories":[6],"tags":[25,788,1766,30,31,543,6111,34,35,24,1229,5691,32,33,37,39,36,38,40,23,22,28,29,38662,5245,26,27],"class_list":["post-266939","post","type-post","status-publish","format-standard","has-post-thumbnail","category-antrastes","tag-antrastes","tag-audra","tag-azuolas","tag-breaking-news","tag-breakingnews","tag-elektra","tag-eso","tag-featured-news","tag-featurednews","tag-headlines","tag-ignitis","tag-jankauskas","tag-latest-news","tag-latestnews","tag-lietuva","tag-lietuviu","tag-lithuania","tag-lithuanian","tag-lt","tag-naujienos","tag-news","tag-populiariausios-naujienos","tag-populiariausiosnaujienos","tag-radvila","tag-skardzius","tag-top-stories","tag-topstories"],"share_on_mastodon":{"url":"https:\/\/pubeurope.com\/@lt\/117199550929690140","error":""},"_links":{"self":[{"href":"https:\/\/www.europesays.com\/lt\/wp-json\/wp\/v2\/posts\/266939","targetHints":{"allow":["GET"]}}],"collection":[{"href":"https:\/\/www.europesays.com\/lt\/wp-json\/wp\/v2\/posts"}],"about":[{"href":"https:\/\/www.europesays.com\/lt\/wp-json\/wp\/v2\/types\/post"}],"author":[{"embeddable":true,"href":"https:\/\/www.europesays.com\/lt\/wp-json\/wp\/v2\/users\/2"}],"replies":[{"embeddable":true,"href":"https:\/\/www.europesays.com\/lt\/wp-json\/wp\/v2\/comments?post=266939"}],"version-history":[{"count":0,"href":"https:\/\/www.europesays.com\/lt\/wp-json\/wp\/v2\/posts\/266939\/revisions"}],"wp:featuredmedia":[{"embeddable":true,"href":"https:\/\/www.europesays.com\/lt\/wp-json\/wp\/v2\/media\/266940"}],"wp:attachment":[{"href":"https:\/\/www.europesays.com\/lt\/wp-json\/wp\/v2\/media?parent=266939"}],"wp:term":[{"taxonomy":"category","embeddable":true,"href":"https:\/\/www.europesays.com\/lt\/wp-json\/wp\/v2\/categories?post=266939"},{"taxonomy":"post_tag","embeddable":true,"href":"https:\/\/www.europesays.com\/lt\/wp-json\/wp\/v2\/tags?post=266939"}],"curies":[{"name":"wp","href":"https:\/\/api.w.org\/{rel}","templated":true}]}}