{"id":26695,"date":"2025-10-27T17:54:16","date_gmt":"2025-10-27T17:54:16","guid":{"rendered":"https:\/\/www.europesays.com\/lt\/26695\/"},"modified":"2025-10-27T17:54:16","modified_gmt":"2025-10-27T17:54:16","slug":"milijonu-sekamas-karate-vaikis-apie-isskirtini-gyvenima-netiketa-ikvepeja-ir-grieztos-disciplinos-privalumus-gyvenimas","status":"publish","type":"post","link":"https:\/\/www.europesays.com\/lt\/26695\/","title":{"rendered":"Milijon\u0173 sekamas \u201ekarat\u0117 vaikis\u201c \u2014 apie i\u0161skirtin\u012f gyvenim\u0105, netik\u0117t\u0105 \u012fkv\u0117p\u0117j\u0105 ir grie\u017etos disciplinos privalumus | Gyvenimas"},"content":{"rendered":"<p style=\"text-align:justify\">Pokalbiui Sach\u0105 Wenk pavyko pagauti \u0160veicarijoje, kur jis parvyko i\u0161 Kinijos, kur pastaraisiais metais praleid\u017eia daugiausiai laiko. Pretekstu atvykti \u012f Europ\u0105 jam tapo stovyklos vakarie\u010diams, norintiems i\u0161 ar\u010diau pa\u017einti Kung Fu, organizavimas. Susidom\u0117jimas Kung Fu Vakaruose nebl\u0117sta, o Sacha yra tap\u0119s savoti\u0161ku \u0161ios Ryt\u0173 tradicijos ambasadoriumi.<\/p>\n<p> <a href=\"https:\/\/s1.15min.lt\/images\/photos\/2025\/10\/27\/original\/sacha-wenk-68ff540461d51.jpeg\" rel=\"content-image nofollow noopener\" title=\"Prane\u0161imo spaudai aut.\/Sacha Wenk\" target=\"_blank\"><img decoding=\"async\" alt=\"Prane\u0161imo spaudai aut.\/Sacha Wenk\" rel=\"content-image\" src=\"https:\/\/www.europesays.com\/lt\/wp-content\/uploads\/2025\/10\/sacha-wenk-68ff540461d51.jpeg\" style=\"width: auto; height: auto;\"\/><\/a> <\/p>\n<p>Prane\u0161imo spaudai aut.\/Sacha Wenk<\/p>\n<p style=\"text-align:justify\">Pa\u017eintis su Kung Fu \u2014 dar vaikyst\u0117je<\/p>\n<p style=\"text-align:justify\">Nors pagal kilm\u0119 Sacha Wenk yra europietis \u2014 mama \u0161veicar\u0117, o t\u0117vas vokietis, jis gim\u0117 Singap\u016bre. O Kung Fu atrado b\u016bdamas vos \u0161e\u0161eri\u0173, kai d\u0117l t\u0117v\u0173 darbo visa \u0161eima atvyko \u012f Kinij\u0105. Sacha pasakoja, jog j\u012f ir brolius mama i\u0161kart \u012fsp\u0117jo, kad teks i\u0161sirinkti sporto \u0161ak\u0105 ir lankyti treniruotes, nes sportas naudingas ir k\u016bnui, ir protui.<\/p>\n<p style=\"text-align:justify\">\u201eIki \u0161iol pamenu, kaip kart\u0105 su \u0161eima \u0117jome gatve ir ka\u017ekur netoli pasigirdo \u0161\u016bksniai, patrauk\u0119 mano d\u0117mes\u012f. Palipau kelis laiptelius auk\u0161tyn ir pama\u010diau b\u016br\u012f vietini\u0173 vaik\u0173, kurie sinchroni\u0161kai jud\u0117jo, kartais \u0161\u016bkteldavo. Visi atrod\u0117 rimti ir ry\u017etingi, nors buvo pana\u0161aus am\u017eiaus kaip a\u0161. Paai\u0161k\u0117jo, jog tai Kung Fu mokykla. Pamenu, kaip mane su\u017eav\u0117jo tai, k\u0105 pama\u010diau \u2014 nutariau, kad noriu tuo u\u017esiimti\u201c, \u2014 pirm\u0105j\u012f susitikim\u0105 su Kung Fu prisimena pa\u0161nekovas.<\/p>\n<p style=\"text-align:justify\">Daugiausia laiko praleid\u017eia Kinijoje<\/p>\n<p style=\"text-align:justify\">20 met\u0173, prab\u0117gusi\u0173 nuo pa\u017einties su Kung Fu, Sachai buvo \u012fvair\u016bs \u2014 be Kung Fu jis i\u0161band\u0117 ir kitas sporto \u0161akas, ta\u010diau v\u0117l ir v\u0117l gr\u012f\u017edavo prie j\u012f su\u017eav\u0117jusios praktikos. Su \u0161eima Sacha buvo gr\u012f\u017e\u0119s gyventi \u012f Europ\u0105, ta\u010diau sukakus 17-ai i\u0161vyko \u012f Kinij\u0105 ir dabar jau daugiau kaip a\u0161tuonerius metus gyvena bei treniruojasi autenti\u0161koje \u0160aolino \u0161ventykloje.<\/p>\n<p> <a href=\"https:\/\/s1.15min.lt\/images\/photos\/2025\/10\/27\/original\/sacha-wenk-68ff53ea727fe.jpg\" rel=\"content-image nofollow noopener\" title=\"Prane\u0161imo spaudai aut.\/Sacha Wenk\" target=\"_blank\"><img decoding=\"async\" alt=\"Prane\u0161imo spaudai aut.\/Sacha Wenk\" rel=\"content-image\" src=\"https:\/\/www.europesays.com\/lt\/wp-content\/uploads\/2025\/10\/sacha-wenk-68ff53ea727fe.jpg\" style=\"width: auto; height: auto;\"\/><\/a> <\/p>\n<p>Prane\u0161imo spaudai aut.\/Sacha Wenk<\/p>\n<p style=\"text-align:justify\">Kartkart\u0117mis jis gr\u012f\u017eta \u012f Europ\u0105, kur organizuoja jau min\u0117tas stovyklas ar dalyvauja renginiuose. \u012edomu, kad paklaustas, kuri\u0105 \u0161al\u012f dabar jis laiko savo namais \u2014 \u0160veicarij\u0105 ar Kinij\u0105 \u2014 Sacha trumpai sudvejoja ir galiausiai pasirenka pastar\u0105j\u0105.<\/p>\n<p style=\"text-align:justify\">Nors savoti\u0161ka \u0161ios i\u0161skirtin\u0117s asmenyb\u0117s vizitine kortele tapo t\u016bkstantmet\u0117 Kung Fu praktika, Sacha sub\u016br\u0117 did\u017eiul\u0119 auditorij\u0105 socialiniuose tinkluose \u2014 pagrindiniai jo kanalai yra \u201eInstagram\u201c ir \u201eTikTok\u201c, kur jo gyvenimo b\u016bdu \u017eavisi milijonai sek\u0117j\u0173. Ta\u010diau tokia sen\u0173j\u0173 tradicij\u0173 ir \u0161i\u0173 laik\u0173 tendencij\u0173 derm\u0117 jo netrikdo.<\/p>\n<p style=\"text-align:justify\">\u201eA\u0161 gyvenu Kung Fu, tai yra mano gyvenimas. Pasakoju apie tai \u017emon\u0117ms, kurie domisi, d\u017eiaugiuosi, jei k\u0105 nors \u012fkvepiu. I\u0161 ties\u0173 Kung Fu n\u0117ra tik sportas ar kovos menas \u2014 tai tiesiog gyvenimo b\u016bdas, kuris \u012fkvepia pasirinkti savo keli\u0105 ir kasdien tobul\u0117ti. Kalbant \u0161iek tiek bendriau \u2014 gali dirbti bet kok\u012f darb\u0105, bet jei esi savame kelyje, jei jautiesi tobul\u0117jantis, tu jau gyveni pagal Kung Fu\u201c, \u2014 ai\u0161kina jis.<\/p>\n<p style=\"text-align:justify\">\u012ekvepia maratono rekordininkas<\/p>\n<p style=\"text-align:justify\">Paklaustas, kas \u012fkvepia j\u012f pat\u012f, Sacha Wenk sako, jog vis\u0173 pirma tai jo mokytojas She Miao Hai, pasirink\u0119s j\u012f savo mokiniu. Tai garb\u0117 ir i\u0161imtis, nes \u012fprastai kinai Kung Fu meistrai nem\u0117gsta imti mokini\u0173 u\u017esienie\u010di\u0173.<\/p>\n<p style=\"text-align:justify\">\u201eO jei reik\u0117t\u0173 \u012fvardinti visiems \u017einom\u0105 \u017emog\u0173, kuris mane \u012fkvepia, tai b\u016bt\u0173 i\u0161 Kenijos kil\u0119s maratono pasaulio rekordininkas Eliud Kipchoge. Mane \u017eavi ne tik jo pasiekimai \u0161iame sporte, bet ir tai, su kokiu lengvumu, kokia pla\u010dia \u0161ypsena jis b\u0117ga ir net fini\u0161uoja, atrodo, be jokios kan\u010dios. Toks jo nusiteikimas, m\u0117gavimasis tuo, k\u0105 daro, nuolatinis tobul\u0117jimas mane \u017eavi\u201c, \u2014 dalijasi milijon\u0173 sekamas pa\u0161nekovas.<\/p>\n<p> <a href=\"https:\/\/s1.15min.lt\/images\/photos\/2025\/10\/27\/original\/sacha-wenk-68ff53fb98b09.jpeg\" rel=\"content-image nofollow noopener\" title=\"Prane\u0161imo spaudai aut.\/Sacha Wenk\" target=\"_blank\"><img decoding=\"async\" alt=\"Prane\u0161imo spaudai aut.\/Sacha Wenk\" rel=\"content-image\" src=\"https:\/\/www.europesays.com\/lt\/wp-content\/uploads\/2025\/10\/sacha-wenk-68ff53fb98b09.jpeg\" style=\"width: auto; height: auto;\"\/><\/a> <\/p>\n<p>Prane\u0161imo spaudai aut.\/Sacha Wenk<\/p>\n<p style=\"text-align:justify\">\u201eKarat\u0117 vaikis\u201c neslepia, kad jam labai r\u016bpi kasdien\u0117 disciplina. \u201eMan labai svarbi grie\u017eta dienotvark\u0117 \u2014 nesvarbu, kur beb\u016b\u010diau, Europoje ar Azijoje. Keliuosi ir guluosi, treniruojuosi ir valgau kasdien tuo pa\u010diu metu. Grie\u017eta dienotvark\u0117 padeda nesibla\u0161kyti, i\u0161likti susikoncentravus\u201c, \u2014 sako Sacha.<\/p>\n<p style=\"text-align:justify\">Paklaustas, kokiu pagrindiniu patarimu pasidalint\u0173 su tais, kurie siekia emocin\u0117s gerov\u0117s ir balanso gyvenime, sako, jog kiekvienam \u017emogui labai svarbu \u012fsiklausyti \u012f save ir nuo\u0161ird\u017eiai pasirinkti keli\u0105, kuriuo nori eiti. Teisingai pasirinkus, nebais\u016bs jokie i\u0161\u0161\u016bkiai. \u201eJuk \u017einai, kad tai tavo paties pasirinkimas, tavo kelias\u201c, \u2014 neabejotinai taip pat ir apie save kalba Sacha Wenk.<\/p>\n<p style=\"text-align:justify\">Tarptautinis festivalis \u201eSleep Fest\u201c, kuriame prane\u0161im\u0105 skaitys Sacha Wenk, vyks lapkri\u010dio 22-\u0105j\u0105 sostin\u0117je, rengin\u012f \u0161iemet pristato partneris \u201eSamsung\u201c.<\/p>\n","protected":false},"excerpt":{"rendered":"Pokalbiui Sach\u0105 Wenk pavyko pagauti \u0160veicarijoje, kur jis parvyko i\u0161 Kinijos, kur pastaraisiais metais praleid\u017eia daugiausiai laiko. Pretekstu&hellip;\n","protected":false},"author":2,"featured_media":26696,"comment_status":"","ping_status":"","sticky":false,"template":"","format":"standard","meta":{"footnotes":""},"categories":[19],"tags":[37,39,36,38,40,47,104],"class_list":{"0":"post-26695","1":"post","2":"type-post","3":"status-publish","4":"format-standard","5":"has-post-thumbnail","7":"category-sportas","8":"tag-lietuva","9":"tag-lietuviu","10":"tag-lithuania","11":"tag-lithuanian","12":"tag-lt","13":"tag-sportas","14":"tag-sports"},"share_on_mastodon":{"url":"https:\/\/pubeurope.com\/@lt\/115447415676487516","error":""},"_links":{"self":[{"href":"https:\/\/www.europesays.com\/lt\/wp-json\/wp\/v2\/posts\/26695","targetHints":{"allow":["GET"]}}],"collection":[{"href":"https:\/\/www.europesays.com\/lt\/wp-json\/wp\/v2\/posts"}],"about":[{"href":"https:\/\/www.europesays.com\/lt\/wp-json\/wp\/v2\/types\/post"}],"author":[{"embeddable":true,"href":"https:\/\/www.europesays.com\/lt\/wp-json\/wp\/v2\/users\/2"}],"replies":[{"embeddable":true,"href":"https:\/\/www.europesays.com\/lt\/wp-json\/wp\/v2\/comments?post=26695"}],"version-history":[{"count":0,"href":"https:\/\/www.europesays.com\/lt\/wp-json\/wp\/v2\/posts\/26695\/revisions"}],"wp:featuredmedia":[{"embeddable":true,"href":"https:\/\/www.europesays.com\/lt\/wp-json\/wp\/v2\/media\/26696"}],"wp:attachment":[{"href":"https:\/\/www.europesays.com\/lt\/wp-json\/wp\/v2\/media?parent=26695"}],"wp:term":[{"taxonomy":"category","embeddable":true,"href":"https:\/\/www.europesays.com\/lt\/wp-json\/wp\/v2\/categories?post=26695"},{"taxonomy":"post_tag","embeddable":true,"href":"https:\/\/www.europesays.com\/lt\/wp-json\/wp\/v2\/tags?post=26695"}],"curies":[{"name":"wp","href":"https:\/\/api.w.org\/{rel}","templated":true}]}}