{"id":266979,"date":"2026-09-02T06:01:09","date_gmt":"2026-09-02T06:01:09","guid":{"rendered":"https:\/\/www.europesays.com\/lt\/266979\/"},"modified":"2026-09-02T06:01:09","modified_gmt":"2026-09-02T06:01:09","slug":"reikia-suprasti-kad-taikos-laikas-baigesi-respublika-lt","status":"publish","type":"post","link":"https:\/\/www.europesays.com\/lt\/266979\/","title":{"rendered":"Reikia suprasti, kad taikos laikas baig\u0117si &#8211; Respublika.lt"},"content":{"rendered":"<p><img loading=\"lazy\" decoding=\"async\" src=\"https:\/\/www.respublika.lt\/lt\/naujienos\/pasaulis\/pasaulio_politika\/reikia-suprasti-kad-taikos-laikas-baigesi\/images\/ico_camera_white.gif\" class=\"camera\" width=\"22\" height=\"15\" alt=\"nuotr.\" style=\"position:relative; top:-2px; right:2px;\"\/> 2 nuotr.<\/p>\n<p>Diversiniai-\u017evalgybiniai i\u0161puoliai buvo vykdomi nuolat, bet \u012ftampai tarp \u0161ali\u0173 augant j\u0173 gali \u017eenkliai padaug\u0117ti. EPA-Eltos nuotr.<\/p>\n<p>Per pastaruosius trejus metus Europoje u\u017efiksuota daugiau nei 140 Rusijos ar jos saugumo tarnyb\u0173 rengt\u0173 sabota\u017eo bei diversij\u0173 atvej\u0173. Da\u017eniausiai jos b\u016bna nukreiptos prie\u0161 gamyklas, gaminan\u010dias ginklus bei technik\u0105 Ukrainai, logistikos ar kritin\u0117s infrastrukt\u016bros objektus. Nema\u017eai nerim\u0105 kelian\u010di\u0173 incident\u0173 u\u017efiksuota rugpj\u016bt\u012f ir, pasak \u201eRespublikos&#8221; kalbinto pirmojo atkurtos Lietuvos kra\u0161to apsaugos ministro bei saugumo srities eksperto Audriaus BUTKEVI\u010cIAUS, j\u0173 tik daug\u0117s.<\/p>\n","protected":false},"excerpt":{"rendered":"2 nuotr. Diversiniai-\u017evalgybiniai i\u0161puoliai buvo vykdomi nuolat, bet \u012ftampai tarp \u0161ali\u0173 augant j\u0173 gali \u017eenkliai padaug\u0117ti. EPA-Eltos nuotr.&hellip;\n","protected":false},"author":2,"featured_media":266980,"comment_status":"","ping_status":"","sticky":false,"template":"","format":"standard","meta":{"footnotes":"","_share_on_mastodon":"0"},"categories":[13],"tags":[9248,25,30,31,9509,1767,35340,34,35,24,32,33,37,39,36,38,40,23,22,28,29,119,1724,5393,26,27,360],"class_list":["post-266979","post","type-post","status-publish","format-standard","has-post-thumbnail","category-lietuva","tag-amunicija","tag-antrastes","tag-breaking-news","tag-breakingnews","tag-bulgarija","tag-butkevicius","tag-diversantai","tag-featured-news","tag-featurednews","tag-headlines","tag-latest-news","tag-latestnews","tag-lietuva","tag-lietuviu","tag-lithuania","tag-lithuanian","tag-lt","tag-naujienos","tag-news","tag-populiariausios-naujienos","tag-populiariausiosnaujienos","tag-rusija","tag-sabotazas","tag-saugumas","tag-top-stories","tag-topstories","tag-ukraina"],"share_on_mastodon":{"url":"https:\/\/pubeurope.com\/@lt\/117199928328188627","error":""},"_links":{"self":[{"href":"https:\/\/www.europesays.com\/lt\/wp-json\/wp\/v2\/posts\/266979","targetHints":{"allow":["GET"]}}],"collection":[{"href":"https:\/\/www.europesays.com\/lt\/wp-json\/wp\/v2\/posts"}],"about":[{"href":"https:\/\/www.europesays.com\/lt\/wp-json\/wp\/v2\/types\/post"}],"author":[{"embeddable":true,"href":"https:\/\/www.europesays.com\/lt\/wp-json\/wp\/v2\/users\/2"}],"replies":[{"embeddable":true,"href":"https:\/\/www.europesays.com\/lt\/wp-json\/wp\/v2\/comments?post=266979"}],"version-history":[{"count":0,"href":"https:\/\/www.europesays.com\/lt\/wp-json\/wp\/v2\/posts\/266979\/revisions"}],"wp:featuredmedia":[{"embeddable":true,"href":"https:\/\/www.europesays.com\/lt\/wp-json\/wp\/v2\/media\/266980"}],"wp:attachment":[{"href":"https:\/\/www.europesays.com\/lt\/wp-json\/wp\/v2\/media?parent=266979"}],"wp:term":[{"taxonomy":"category","embeddable":true,"href":"https:\/\/www.europesays.com\/lt\/wp-json\/wp\/v2\/categories?post=266979"},{"taxonomy":"post_tag","embeddable":true,"href":"https:\/\/www.europesays.com\/lt\/wp-json\/wp\/v2\/tags?post=266979"}],"curies":[{"name":"wp","href":"https:\/\/api.w.org\/{rel}","templated":true}]}}