{"id":267085,"date":"2026-09-02T08:13:47","date_gmt":"2026-09-02T08:13:47","guid":{"rendered":"https:\/\/www.europesays.com\/lt\/267085\/"},"modified":"2026-09-02T08:13:47","modified_gmt":"2026-09-02T08:13:47","slug":"ministre-gerbiu-prezidento-numone-bet-tikrai-nesijauciu-imituojanti-darbo-respublika-lt","status":"publish","type":"post","link":"https:\/\/www.europesays.com\/lt\/267085\/","title":{"rendered":"Ministr\u0117: gerbiu prezidento numon\u0119, bet tikrai nesijau\u010diu imituojanti darbo &#8211; Respublika.lt"},"content":{"rendered":"<p><img loading=\"lazy\" decoding=\"async\" src=\"https:\/\/www.respublika.lt\/lt\/naujienos\/lietuva\/kitos-lietuvos-zinios\/ministre-gerbiu-prezidento-numone-bet-tikrai-nesijauciu-imituojanti-darbo\/images\/ico_camera_white.gif\" class=\"camera\" width=\"22\" height=\"15\" alt=\"nuotr.\" style=\"position:relative; top:-2px; right:2px;\"\/> 1 nuotr.<\/p>\n<p>Raminta Popovien\u0117, Gitanas Naus\u0117da. Eltos nuotr.<\/p>\n<p style=\"text-align: justify;\" class=\"desktop_banner\">\u00a0<\/p>\n<p style=\"text-align: left;\">\u00a0<\/p>\n<p style=\"text-align: left;\">\u201eTikrai gerbiu prezidento nuomon\u0119, bet tikrai nesijau\u010diu imituojanti darbo, a\u0161 vykdau Vyriausyb\u0117s program\u0105\u201c, \u2013 \u017eurnalistams teig\u0117 R. Popovien\u0117.\u00a0<\/p>\n<p style=\"text-align: left;\">\u201eI\u0161sakyti vien\u0105 ar kit\u0105 nuomon\u0119 vienu ar kitu klausimu \u2013 nat\u016bralu. Vadovo pozicija visada turi i\u0161sakyti tam tikr\u0105 savo pozicij\u0105. Prezidentas, kaip suprantu, daugiau kalb\u0117jo apie PUPP, kur Seimas k\u0105 tik pritar\u0117 prezidento veto\u201c, \u2013 akcentavo ministr\u0117.\u00a0<\/p>\n<p style=\"text-align: left;\">\u0160alies vadovas antradien\u012f \u201e\u017dini\u0173 radijui\u201c teig\u0117 matantis daug i\u0161\u0161\u016bki\u0173 \u0161vietimo srityje, tod\u0117l pastarajam kyla klausim\u0173, ar R. Popovien\u0117 nebando imituoti \u0161i\u0173 problem\u0173 sprendimo. Tuo metu \u012f klausim\u0105, ar tebepasitiki \u0161ios ministr\u0117s darbu, prezidentas tiesiogiai neatsak\u0117.<\/p>\n<p style=\"text-align: left;\">Savo ruo\u017etu R. Popovien\u0117 tikina, kad PUPP kartel\u0117s klausimas yra sprend\u017eiamas, ta\u010diau jam reikia laiko.<\/p>\n<p style=\"text-align: left;\">\u201e\u0160iuo klausimu tikrai diskutavome ir su prezident\u016bros patar\u0117jais, dabar dirbame kartu darbo grup\u0117je ir visi kartu ie\u0161kosime sprendim\u0173. Tai ir rodo, kad problema yra, ji neatsirado \u0161iandien ir per vien\u0105 dien\u0105 jos nei\u0161spr\u0119sime\u201c, \u2013 tikino ministr\u0117.<\/p>\n<p style=\"text-align: left;\">R. Popovien\u0117s teigimu, ministerija, \u012fsiklausydama kit\u0173 institucij\u0173 ir organizacij\u0173, ie\u0161ko sprendim\u0173, kaip spr\u0119sti \u0161i\u0105 problem\u0105 taip, kad \u0161ioje situacijoje nenukent\u0117t\u0173 moksleiviai.\u00a0<\/p>\n<p style=\"text-align: left;\">\u201eJei kalb\u0117tume apie PUPP patikrinimo klausimus, noriu akcentuoti, kad diskusija \u0161iais klausimais, mokini\u0173 pasiekimo patikrinimo klausimais kyla labai a\u0161triai ir nuomoni\u0173 yra \u012fvairi\u0173. Surasti ties\u0105 yra labai sunku\u201c, \u2013 d\u0117st\u0117 ministr\u0117.<\/p>\n<p style=\"text-align: left;\">\u201eNoriu akcentuoti, kad kartel\u0117s tikrai nenuleid\u017eiame. PUPP slenks\u010dio niekada nebuvo. Mums, ministerijai, yra labai svarbu akademiniai pasiekimai, to ir siekiame, ta\u010diau norime surasti pa\u010dius geriausius sprendimus pasiekim\u0173 patikrinimo klausimais, kad t\u016bkstan\u010diai vaik\u0173 nelikt\u0173 u\u017e borto ir nelikt\u0173 tik su pradiniu i\u0161silavinimu\u201c, \u2013 pabr\u0117\u017e\u0117 ji.<\/p>\n<p style=\"text-align: left;\">ELTA primena, kad\u00a0Seimas nusprend\u0117 pritarti \u0161alies vadovo veto ir si\u016blymui reikalavim\u0105, pagal kur\u012f pagrindinis i\u0161silavinimas b\u016bt\u0173 \u012fgyjamas tik PUPP metu pasiekus bent slenkstin\u012f pasiekim\u0173 lyg\u012f, nukelti iki 2029 met\u0173 rugs\u0117jo 1 dienos.<\/p>\n<p style=\"text-align: left;\">Dar 2022 m. Seime buvo priimtos \u0160vietimo \u012fstatymo pataisos, pagal kurias pagrindinis i\u0161silavinimas b\u016bt\u0173 \u012fgyjamas baigus pagrindinio ugdymo program\u0105 ir i\u0161laikius PUPP ne ma\u017eiau kaip 4 balais.\u00a0<\/p>\n<p style=\"text-align: left;\">Vis tik 2024 m. tur\u0117j\u0119 \u012fsigalioti pakeitimai buvo atid\u0117ti iki 2026-\u0173j\u0173. Ta\u010diau liepos viduryje Seimas apsisprend\u0117 priimti pakeitimus, kuriais at\u0161aukiamas nuo \u0161i\u0173 met\u0173 rugs\u0117jo 1-osios tur\u0117j\u0119s \u012fsigalioti reikalavimas pasiekti pagrindinio ugdymo pasiekim\u0173 patikrinim\u0173 bent slenkstin\u012f lyg\u012f, siekiant \u012fgyti pagrindin\u012f i\u0161silavinim\u0105.<\/p>\n<p style=\"text-align: left;\">Toks parlamento sprendimas papiktino dal\u012f \u0161vietimo bendruomen\u0117s. 36 \u0161vietimo, mokslo, verslo ir visuomenin\u0117s organizacijos \u012fteik\u0117 prezidentui G. Naus\u0117dai kreipim\u0105si, kuriuo pra\u0161\u0117 vetuoti Seime priimt\u0105 \u0160vietimo \u012fstatymo pakeitim\u0105 d\u0117l PUPP kartel\u0117s atsisakymo.\u00a0<\/p>\n<p style=\"text-align: left;\">\u0160alies vadovas liepos pabaigoje gr\u0105\u017eino Seimui pakartotinai svarstyti priimtas \u012fstatymo pataisas, kuriomis at\u0161aukiami nuo rugs\u0117jo tur\u0117j\u0119 \u012fsigalioti grie\u017etesni reikalavimai pagrindiniam i\u0161silavinimui.<\/p>\n","protected":false},"excerpt":{"rendered":"1 nuotr. Raminta Popovien\u0117, Gitanas Naus\u0117da. Eltos nuotr. \u00a0 \u00a0 \u201eTikrai gerbiu prezidento nuomon\u0119, bet tikrai nesijau\u010diu imituojanti&hellip;\n","protected":false},"author":2,"featured_media":267086,"comment_status":"","ping_status":"","sticky":false,"template":"","format":"standard","meta":{"footnotes":"","_share_on_mastodon":"0"},"categories":[13],"tags":[25,30,31,34,35,24,3332,32,33,37,39,36,38,40,23,417,22,1342,28,29,34388,129,26,27],"class_list":["post-267085","post","type-post","status-publish","format-standard","has-post-thumbnail","category-lietuva","tag-antrastes","tag-breaking-news","tag-breakingnews","tag-featured-news","tag-featurednews","tag-headlines","tag-kritika","tag-latest-news","tag-latestnews","tag-lietuva","tag-lietuviu","tag-lithuania","tag-lithuanian","tag-lt","tag-naujienos","tag-nauseda","tag-news","tag-popoviene","tag-populiariausios-naujienos","tag-populiariausiosnaujienos","tag-pupp","tag-svietimas","tag-top-stories","tag-topstories"],"share_on_mastodon":{"url":"https:\/\/pubeurope.com\/@lt\/117200447792498259","error":""},"_links":{"self":[{"href":"https:\/\/www.europesays.com\/lt\/wp-json\/wp\/v2\/posts\/267085","targetHints":{"allow":["GET"]}}],"collection":[{"href":"https:\/\/www.europesays.com\/lt\/wp-json\/wp\/v2\/posts"}],"about":[{"href":"https:\/\/www.europesays.com\/lt\/wp-json\/wp\/v2\/types\/post"}],"author":[{"embeddable":true,"href":"https:\/\/www.europesays.com\/lt\/wp-json\/wp\/v2\/users\/2"}],"replies":[{"embeddable":true,"href":"https:\/\/www.europesays.com\/lt\/wp-json\/wp\/v2\/comments?post=267085"}],"version-history":[{"count":0,"href":"https:\/\/www.europesays.com\/lt\/wp-json\/wp\/v2\/posts\/267085\/revisions"}],"wp:featuredmedia":[{"embeddable":true,"href":"https:\/\/www.europesays.com\/lt\/wp-json\/wp\/v2\/media\/267086"}],"wp:attachment":[{"href":"https:\/\/www.europesays.com\/lt\/wp-json\/wp\/v2\/media?parent=267085"}],"wp:term":[{"taxonomy":"category","embeddable":true,"href":"https:\/\/www.europesays.com\/lt\/wp-json\/wp\/v2\/categories?post=267085"},{"taxonomy":"post_tag","embeddable":true,"href":"https:\/\/www.europesays.com\/lt\/wp-json\/wp\/v2\/tags?post=267085"}],"curies":[{"name":"wp","href":"https:\/\/api.w.org\/{rel}","templated":true}]}}