{"id":267193,"date":"2026-09-02T10:20:39","date_gmt":"2026-09-02T10:20:39","guid":{"rendered":"https:\/\/www.europesays.com\/lt\/267193\/"},"modified":"2026-09-02T10:20:39","modified_gmt":"2026-09-02T10:20:39","slug":"seimo-valdyba-nepritare-vegeles-ir-jankuno-komandiruotei-susitikti-su-kinijos-atstovais-es-respublika-lt","status":"publish","type":"post","link":"https:\/\/www.europesays.com\/lt\/267193\/","title":{"rendered":"Seimo valdyba nepritar\u0117 V\u0117g\u0117l\u0117s ir Jank\u016bno komandiruotei susitikti su Kinijos atstovais ES &#8211; Respublika.lt"},"content":{"rendered":"<p><img loading=\"lazy\" decoding=\"async\" src=\"https:\/\/www.respublika.lt\/lt\/naujienos\/lietuva\/lietuvos_politika\/seimo-valdyba-nepritare-vegeles-ir-jankuno-komandiruotei-susitikti-su-kinijos-atstovais-es\/images\/ico_camera_white.gif\" class=\"camera\" width=\"22\" height=\"15\" alt=\"nuotr.\" style=\"position:relative; top:-2px; right:2px;\"\/> 1 nuotr.<\/p>\n<p>Ignas V\u0117g\u0117l\u0117, Rimas Jonas Jank\u016bnas. Eltos nuotr.<\/p>\n<p style=\"text-align: justify;\" class=\"desktop_banner\">\u00a0<\/p>\n<p style=\"text-align: left;\">\u00a0<\/p>\n<p style=\"text-align: left;\">\u201e\u0160ie parlamentarai va\u017eiuoja ir tarsi atstovauja Seimui, tai kokia yra Seimo pozicija santykiuose su Kinija? Jie, kaip suprantu, susitinka su Kinijos Vyriausyb\u0117s atstovais. A\u0161 tikrai klausiu, ar \u010dia pakeliui su U\u017esienio reikal\u0173 komitetu, U\u017esienio reikal\u0173 ministerija, Vyriausyb\u0117s pozicija. Manau, kad tai yra \u0117jimas prie\u0161 Lietuvos interesus\u201c, \u2013 pos\u0117dyje kalb\u0117jo konservator\u0117 Radvil\u0117 Mork\u016bnait\u0117-Mikul\u0117nien\u0117.<\/p>\n<p style=\"text-align: left;\">Politikei antrino ir socialdemokrat\u0117 Rasa Budbergyt\u0117, kuri k\u0117l\u0117 klausimus d\u0117l parlamentar\u0173 pra\u0161ymo dal\u012f kelion\u0117s i\u0161laid\u0173 apmok\u0117ti i\u0161 komandiruot\u0117ms skirt\u0173 l\u0117\u0161\u0173, o dal\u012f \u2013 i\u0161 parlamentini\u0173 l\u0117\u0161\u0173.\u00a0<\/p>\n<p style=\"text-align: left;\">\u201eVykimas \u012f komandiruot\u0119 \u2013 tai tu jau tikrai tur\u0117tum vykti su ka\u017ekokia tai misija, kuri\u0105 tur\u0117tumei suderinti su URK, URM. \u0160is mi\u0161r\u016bnas apskritai negal\u0117jo net ir b\u016bti svarstomas. Mano nuomone, turime nepritarti \u0161iai kelionei\u201c, \u2013 d\u0117st\u0117 R. Budbergyt\u0117.\u00a0<\/p>\n<p style=\"text-align: left;\">Savo ruo\u017etu Seimo pirmininkas Juozas Olekas pasi\u016bl\u0117 tokiai komandiruotei nepritarti.<\/p>\n<p style=\"text-align: left;\">\u201e\u010cia yra ES teritorija, jie gali vykti, bet tai neb\u016bt\u0173 Seimo deleguoti \u017emon\u0117s. Mes galime nepritarti pra\u0161ymui komandiruoti juos\u201c, \u2013 sak\u0117 jis.\u00a0<\/p>\n<p style=\"text-align: left;\">Parlamentarai Briuselyje ketina lankytis rugs\u0117jo\u00a07\u20139 dienomis.\u00a0<\/p>\n<p style=\"text-align: left;\">Rugpj\u016b\u010dio viduryje portalas \u201eDelfi\u201c prane\u0161\u0117, kad \u012f Seimo laikin\u0105j\u0105 grup\u0119 \u201eU\u017e diplomatini\u0173 santyki\u0173 su Kinija normalizavim\u0105 iki Europos S\u0105jungos (ES) valstybi\u0173 nari\u0173 lygmens\u201c susib\u016br\u0119 parlamentarai rugs\u0117jo prad\u017eioje lankysis Briuselyje, kur planuoja susitikti su Kinijos atstovais.<\/p>\n<p style=\"text-align: left;\">Apie planuojam\u0105 kelion\u0119 portalui patvirtino \u0161ios laikinosios grup\u0117s pirmininkas Ignas V\u0117g\u0117l\u0117.<\/p>\n<p style=\"text-align: left;\">Tuo metu politikas teig\u0117, kad jei Seimo kanceliarija tam pinig\u0173 neskirs \u2013 kelion\u0119 ketinama apmok\u0117ti savo l\u0117\u0161omis.<\/p>\n<p style=\"text-align: left;\">Be I. V\u0117g\u0117l\u0117s, laikin\u0105j\u0105 grup\u0119 sudaro Vitalijus \u0160er\u0161niovas, Tadas Barauskas, Algirdas Butkevi\u010dius, Rimas Jonas Jank\u016bnas, Karolis Neimantas ir Art\u016bras Zuokas.<\/p>\n<p style=\"text-align: left;\">ELTA primena, jog tiek Gintauto Palucko, tiek Ingos Ruginien\u0117s vadovaujam\u0173 Vyriausybi\u0173 programose buvo numatyta, kad Lietuva sieks toliau pl\u0117toti ekonominius ir kult\u016brinius ry\u0161ius su Taivanu, ta\u010diau Mindaugo Sinkevi\u010diaus vadovaujamos Vyriausyb\u0117s programoje \u0161i konkreti nuostata nebuvo \u012ftraukta.<\/p>\n<p style=\"text-align: left;\">\u0160ioje programoje numatyta normalizuoti diplomatinius santykius su Kinija iki tokio diplomatinio atstovavimo lygio, koks jis yra kitose ES valstyb\u0117se.\u00a0<\/p>\n<p style=\"text-align: left;\">Vilniaus ir Pekino santykiai gerokai paa\u0161tr\u0117jo po to, kai 2021 m. pabaigoje Lietuvoje buvo atidaryta Taivanie\u010di\u0173 atstovyb\u0117. Pekinas laiko Taivan\u0105 Kinijos provincija, neturin\u010dia teis\u0117s steigti atstovybi\u0173 \u0161alyse, su kuriomis Kinija palaiko oficialius ry\u0161ius. D\u0117l Lietuvos sprendimo Kinija \u0161aliai pritaik\u0117 grie\u017etas diplomatines ir ekonomines sankcijas.\u00a0<\/p>\n","protected":false},"excerpt":{"rendered":"1 nuotr. Ignas V\u0117g\u0117l\u0117, Rimas Jonas Jank\u016bnas. Eltos nuotr. \u00a0 \u00a0 \u201e\u0160ie parlamentarai va\u017eiuoja ir tarsi atstovauja Seimui,&hellip;\n","protected":false},"author":2,"featured_media":267194,"comment_status":"","ping_status":"","sticky":false,"template":"","format":"standard","meta":{"footnotes":"","_share_on_mastodon":"0"},"categories":[6],"tags":[25,30,31,34,35,24,17708,479,32,33,37,39,36,38,40,23,22,28,29,1725,26,27,132],"class_list":["post-267193","post","type-post","status-publish","format-standard","has-post-thumbnail","category-antrastes","tag-antrastes","tag-breaking-news","tag-breakingnews","tag-featured-news","tag-featurednews","tag-headlines","tag-jankunas","tag-kinija","tag-latest-news","tag-latestnews","tag-lietuva","tag-lietuviu","tag-lithuania","tag-lithuanian","tag-lt","tag-naujienos","tag-news","tag-populiariausios-naujienos","tag-populiariausiosnaujienos","tag-susitikimas","tag-top-stories","tag-topstories","tag-vegele"],"share_on_mastodon":{"url":"https:\/\/pubeurope.com\/@lt\/117200947225431739","error":""},"_links":{"self":[{"href":"https:\/\/www.europesays.com\/lt\/wp-json\/wp\/v2\/posts\/267193","targetHints":{"allow":["GET"]}}],"collection":[{"href":"https:\/\/www.europesays.com\/lt\/wp-json\/wp\/v2\/posts"}],"about":[{"href":"https:\/\/www.europesays.com\/lt\/wp-json\/wp\/v2\/types\/post"}],"author":[{"embeddable":true,"href":"https:\/\/www.europesays.com\/lt\/wp-json\/wp\/v2\/users\/2"}],"replies":[{"embeddable":true,"href":"https:\/\/www.europesays.com\/lt\/wp-json\/wp\/v2\/comments?post=267193"}],"version-history":[{"count":0,"href":"https:\/\/www.europesays.com\/lt\/wp-json\/wp\/v2\/posts\/267193\/revisions"}],"wp:featuredmedia":[{"embeddable":true,"href":"https:\/\/www.europesays.com\/lt\/wp-json\/wp\/v2\/media\/267194"}],"wp:attachment":[{"href":"https:\/\/www.europesays.com\/lt\/wp-json\/wp\/v2\/media?parent=267193"}],"wp:term":[{"taxonomy":"category","embeddable":true,"href":"https:\/\/www.europesays.com\/lt\/wp-json\/wp\/v2\/categories?post=267193"},{"taxonomy":"post_tag","embeddable":true,"href":"https:\/\/www.europesays.com\/lt\/wp-json\/wp\/v2\/tags?post=267193"}],"curies":[{"name":"wp","href":"https:\/\/api.w.org\/{rel}","templated":true}]}}