{"id":267203,"date":"2026-09-02T10:27:29","date_gmt":"2026-09-02T10:27:29","guid":{"rendered":"https:\/\/www.europesays.com\/lt\/267203\/"},"modified":"2026-09-02T10:27:29","modified_gmt":"2026-09-02T10:27:29","slug":"zelenskis-dangus-virs-rusijos-nera-saugus-tarptautiniams-skrydziams-respublika-lt","status":"publish","type":"post","link":"https:\/\/www.europesays.com\/lt\/267203\/","title":{"rendered":"Zelenskis: dangus vir\u0161 Rusijos n\u0117ra saugus tarptautiniams skryd\u017eiams &#8211; Respublika.lt"},"content":{"rendered":"<p style=\"text-align: justify;\" class=\"desktop_banner\">\u00a0<\/p>\n<p style=\"text-align: left;\">\u00a0<\/p>\n<p style=\"text-align: left;\">V. Zelenskis antradien\u012f sak\u0117, kad jo \u0161alies dronai pavers Rusijos oro erdv\u0119 visi\u0161kai nesaugi\u0105 vis\u0105 karo laikotarp\u012f.\u00a0<\/p>\n<p style=\"text-align: left;\">Pastaraisiais m\u0117nesiais abi \u0161alys sustiprino ilgojo nuotolio atakas, o Jungtini\u0173 Amerikos Valstij\u0173 vadovaujamos diplomatin\u0117s pastangos \u012fstrigo, pra\u0117jus daugiau nei ketveriems metams po Rusijos plataus masto invazijos \u012f Ukrain\u0105 prad\u017eios.\u00a0<\/p>\n<p style=\"text-align: left;\">\u201e\u0160iandien norime \u012fsp\u0117ti kiekvien\u0105 oro linij\u0173 bendrov\u0119, kuri naudojasi Rusijos oro erdve, kiekvien\u0105 draudik\u0105 ir visus, kurie vis dar naudojasi pagrindiniais Rusijos oro uostais: Rusijos oro erdv\u0117 tampa visi\u0161kai nesaugi\u201c, \u2013 vakariniame kreipimesi sak\u0117 V. Zelenskis.\u00a0<\/p>\n<p style=\"text-align: left;\">\u201eUkraina pati savaime nekelia gr\u0117sm\u0117s civilinei aviacijai \u2013 n\u0117 vienam civiliniam orlaiviui. Rusijos danguje tiesiog bus dron\u0173 tokiu mastu, \u012f kur\u012f reikia atsi\u017evelgti\u201c, \u2013 sak\u0117 jis.\u00a0<\/p>\n<p style=\"text-align: left;\">Oro eism\u0105 Rusijos oro uostuose ne kart\u0105 sutrikd\u0117 art\u0117jantys Ukrainos dronai, j\u0173 skai\u010dius pastaraisiais m\u0117nesiais i\u0161augo.\u00a0<\/p>\n<p style=\"text-align: left;\">\u201eDronais u\u017ekr\u0117stas dangus n\u0117ra vieta civilinei aviacijai\u201c, \u2013 pabr\u0117\u017e\u0117 V. Zelenskis.\u00a0<\/p>\n<p style=\"text-align: left;\">\u201eDangus vir\u0161 Rusijos \u0161iuo metu priklauso dronams (&#8230;) kol t\u0119siasi karas\u201c, \u2013 prid\u016br\u0117 Ukrainos prezidentas.<\/p>\n<p style=\"text-align: left;\">V. Putinas atsak\u0117, pavadindamas V. Zelenskio komentarus \u201evalstybinio terorizmo deklaracija\u201c.\u00a0<\/p>\n<p style=\"text-align: left;\">\u201eJie pra\u0161o m\u016bs\u0173 atnaujinti derybas (&#8230;) bet su teroristais nesiderama\u201c, \u2013 sak\u0117 V. Putinas per televizijos transliuot\u0105 spaudos konferencij\u0105.\u00a0<\/p>\n<p style=\"text-align: left;\">Pozicijos sugrie\u017etintos po naujausi\u0173 Rusijos raket\u0173 ir dron\u0173 sm\u016bgi\u0173, per kuriuos Kijeve ir apylink\u0117se \u017euvo ma\u017eiausiai 12 \u017emoni\u0173.\u00a0<\/p>\n<p style=\"text-align: left;\">\u201eMes Ukrainoje nenorime, kad b\u016bt\u0173 prarastos nekaltos gyvyb\u0117s. Tod\u0117l persp\u0117jame savo partnerius: saugios dienos Rusijos danguje baig\u0117si\u201c, \u2013 parei\u0161k\u0117 V. \u00a0Zelenskis.\u00a0<\/p>\n","protected":false},"excerpt":{"rendered":"\u00a0 \u00a0 V. Zelenskis antradien\u012f sak\u0117, kad jo \u0161alies dronai pavers Rusijos oro erdv\u0119 visi\u0161kai nesaugi\u0105 vis\u0105 karo&hellip;\n","protected":false},"author":2,"featured_media":267204,"comment_status":"","ping_status":"","sticky":false,"template":"","format":"standard","meta":{"footnotes":"","_share_on_mastodon":"0"},"categories":[6],"tags":[25,30,31,34,35,24,32,33,37,39,38612,36,38,40,23,22,376,38696,28,29,2370,119,26,27,360,363],"class_list":["post-267203","post","type-post","status-publish","format-standard","has-post-thumbnail","category-antrastes","tag-antrastes","tag-breaking-news","tag-breakingnews","tag-featured-news","tag-featurednews","tag-headlines","tag-latest-news","tag-latestnews","tag-lietuva","tag-lietuviu","tag-linijos","tag-lithuania","tag-lithuanian","tag-lt","tag-naujienos","tag-news","tag-oro","tag-perpejimas","tag-populiariausios-naujienos","tag-populiariausiosnaujienos","tag-putinas","tag-rusija","tag-top-stories","tag-topstories","tag-ukraina","tag-zelenskis"],"share_on_mastodon":{"url":"https:\/\/pubeurope.com\/@lt\/117200974163084161","error":""},"_links":{"self":[{"href":"https:\/\/www.europesays.com\/lt\/wp-json\/wp\/v2\/posts\/267203","targetHints":{"allow":["GET"]}}],"collection":[{"href":"https:\/\/www.europesays.com\/lt\/wp-json\/wp\/v2\/posts"}],"about":[{"href":"https:\/\/www.europesays.com\/lt\/wp-json\/wp\/v2\/types\/post"}],"author":[{"embeddable":true,"href":"https:\/\/www.europesays.com\/lt\/wp-json\/wp\/v2\/users\/2"}],"replies":[{"embeddable":true,"href":"https:\/\/www.europesays.com\/lt\/wp-json\/wp\/v2\/comments?post=267203"}],"version-history":[{"count":0,"href":"https:\/\/www.europesays.com\/lt\/wp-json\/wp\/v2\/posts\/267203\/revisions"}],"wp:featuredmedia":[{"embeddable":true,"href":"https:\/\/www.europesays.com\/lt\/wp-json\/wp\/v2\/media\/267204"}],"wp:attachment":[{"href":"https:\/\/www.europesays.com\/lt\/wp-json\/wp\/v2\/media?parent=267203"}],"wp:term":[{"taxonomy":"category","embeddable":true,"href":"https:\/\/www.europesays.com\/lt\/wp-json\/wp\/v2\/categories?post=267203"},{"taxonomy":"post_tag","embeddable":true,"href":"https:\/\/www.europesays.com\/lt\/wp-json\/wp\/v2\/tags?post=267203"}],"curies":[{"name":"wp","href":"https:\/\/api.w.org\/{rel}","templated":true}]}}