{"id":267369,"date":"2026-09-02T13:23:56","date_gmt":"2026-09-02T13:23:56","guid":{"rendered":"https:\/\/www.europesays.com\/lt\/267369\/"},"modified":"2026-09-02T13:23:56","modified_gmt":"2026-09-02T13:23:56","slug":"vegele-i-briuseli-susitikti-su-kinijos-atstovais-vyksime-savo-lesomis-respublika-lt","status":"publish","type":"post","link":"https:\/\/www.europesays.com\/lt\/267369\/","title":{"rendered":"V\u0117g\u0117l\u0117: \u012f Briusel\u012f susitikti su Kinijos atstovais vyksime savo l\u0117\u0161omis &#8211; Respublika.lt"},"content":{"rendered":"<p><img loading=\"lazy\" decoding=\"async\" src=\"https:\/\/www.respublika.lt\/lt\/naujienos\/lietuva\/lietuvos_politika\/vegele-i-briuseli-susitikti-su-kinijos-atstovais-vyksime-savo-lesomis\/images\/ico_camera_white.gif\" class=\"camera\" width=\"22\" height=\"15\" alt=\"nuotr.\" style=\"position:relative; top:-2px; right:2px;\"\/> 1 nuotr.<\/p>\n<p>Ignas V\u0117g\u0117l\u0117. Eltos nuotr.<\/p>\n<p style=\"text-align: justify;\" class=\"desktop_banner\">\u00a0<\/p>\n<p style=\"text-align: left;\">\u00a0<\/p>\n<p style=\"text-align: left;\">\u201eKadangi esame \u012fsipareigoj\u0119, mes taip ir darysime ir teks vykti u\u017e savo l\u0117\u0161as\u201c, \u2013 Eltai tre\u010diadien\u012f sak\u0117 I. V\u0117g\u0117l\u0117.<\/p>\n<p style=\"text-align: left;\">Politikas pabr\u0117\u017e\u0117, kad Seime yra sudaryta oficiali laikinoji grup\u0117 \u201eU\u017e diplomatini\u0173 santyki\u0173 su Kinija normalizavim\u0105 iki Europos S\u0105jungos valstybi\u0173 nari\u0173 lygmens\u201c, kurios pagrindinis tikslas \u2013 prisid\u0117ti prie Lietuvos ir Kinijos diplomatini\u0173 santyki\u0173 normalizavimo.<\/p>\n<p style=\"text-align: left;\">\u201eYra sudaryta parlamentar\u0173 grup\u0117, oficiali grup\u0117, patvirtinta Seimo, kuri\u0105 sudaro vis\u0173 frakcij\u0173 atstovai, i\u0161skyrus buvusios valdan\u010diosios daugumos frakcij\u0173\u201c, \u2013 teig\u0117 parlamentaras.<\/p>\n<p style=\"text-align: left;\">Pasak I. V\u0117g\u0117l\u0117s, parlamentinei diplomatijai vykdyti Seimo nariams nereikia atskiro Seimo valdybos ar frakcij\u0173 pritarimo.<\/p>\n<p style=\"text-align: left;\">\u201eParlamentaras pagal Konstitucij\u0105 vykdo savo \u012fgaliojimus, tame tarpe turi teis\u0119 vykdyti parlamentin\u0119 diplomatij\u0105. Parlamentini\u0173 grupi\u0173, kurios vykdo parlamentin\u0119 diplomatij\u0105, Seime yra de\u0161imtys\u201c, \u2013 ai\u0161kino jis.<\/p>\n<p style=\"text-align: left;\">I. V\u0117g\u0117l\u0117 taip pat akcentavo, kad jo vadovaujamos grup\u0117s siekis sutampa su dabartin\u0117s Vyriausyb\u0117s programoje \u012ftvirtintu tikslu normalizuoti diplomatinius santykius su Kinija iki kitose ES valstyb\u0117se esan\u010dio diplomatinio atstovavimo lygio.<\/p>\n<p style=\"text-align: left;\">Tod\u0117l Seimo valdybos sprendim\u0105 nepritarti komandiruotei parlamentaras vertina kaip politin\u012f.<\/p>\n<p style=\"text-align: left;\">\u201e\u010cia toks yra turb\u016bt politinis motyvas, vertinu kaip nenor\u0105 spr\u0119sti to klausimo, kuris yra \u012ftvirtintas Vyriausyb\u0117s programoje\u201c, \u2013 sak\u0117 I. V\u0117g\u0117l\u0117.<\/p>\n<p style=\"text-align: left;\">Jis taip pat palygino planuojam\u0105 vizit\u0105 su ankstesn\u0117mis Lietuvos parlamentar\u0173 kelion\u0117mis \u012f Taivan\u0105.<\/p>\n<p style=\"text-align: left;\">\u201e\u012e Taivan\u0105 de\u0161imtys parlamentar\u0173 prie\u0161 2021 m. ir po j\u0173 vyko u\u017e parlamentines l\u0117\u0161as, mums teks taisyti, k\u0105 padar\u0117 tie parlamentarai, vykstant u\u017e savo asmenines (l\u0117\u0161as \u2013 ELTA)\u201c, \u2013 teig\u0117 politikas.<\/p>\n<p style=\"text-align: left;\">Seimo valdyba komandiruotei nepritar\u0117<\/p>\n<p style=\"text-align: left;\">Kaip skelbta anks\u010diau, Seimo valdyba tre\u010diadien\u012f nepritar\u0117 I. V\u0117g\u0117l\u0117s ir R. J. Jank\u016bno pra\u0161ymui komandiruoti juos \u012f Briusel\u012f susitikti su Kinijos atstovais ES.<\/p>\n<p style=\"text-align: left;\">Svarstant parlamentar\u0173 pra\u0161ym\u0105 konservator\u0117 Radvil\u0117 Mork\u016bnait\u0117-Mikul\u0117nien\u0117 k\u0117l\u0117 klausim\u0105, ar toks vizitas yra suderintas su U\u017esienio reikal\u0173 komitetu (URK), U\u017esienio reikal\u0173 ministerija (URM) ir Vyriausybe.<\/p>\n<p style=\"text-align: left;\">Savo ruo\u017etu Seimo pirmininkas Juozas Olekas pa\u017eym\u0117jo, kad parlamentarai \u012f Briusel\u012f gali vykti, ta\u010diau tokiu atveju jie neb\u016bt\u0173 Seimo deleguoti atstovai.<\/p>\n<p style=\"text-align: left;\">Parlamentarai Briuselyje ketina lankytis rugs\u0117jo 7\u20139 dienomis.<\/p>\n<p style=\"text-align: left;\">Laikin\u0105j\u0105 grup\u0119 \u201eU\u017e diplomatini\u0173 santyki\u0173 su Kinija normalizavim\u0105 iki Europos S\u0105jungos valstybi\u0173 nari\u0173 lygmens\u201c sudaro I. V\u0117g\u0117l\u0117, Vitalijus \u0160er\u0161niovas, Tadas Barauskas, Algirdas Butkevi\u010dius, R. J. Jank\u016bnas, Karolis Neimantas ir Art\u016bras Zuokas.<\/p>\n<p style=\"text-align: left;\">ELTA primena, jog tiek Gintauto Palucko, tiek Ingos Ruginien\u0117s vadovaujam\u0173 Vyriausybi\u0173 programose buvo numatyta, kad Lietuva sieks toliau pl\u0117toti ekonominius ir kult\u016brinius ry\u0161ius su Taivanu, ta\u010diau Mindaugo Sinkevi\u010diaus vadovaujamos Vyriausyb\u0117s programoje \u0161i konkreti nuostata nebuvo \u012ftraukta.<\/p>\n<p style=\"text-align: left;\">Dabartin\u0117s Vyriausyb\u0117s programoje numatyta normalizuoti diplomatinius santykius su Kinija iki tokio diplomatinio atstovavimo lygio, koks jis yra kitose ES valstyb\u0117se.<\/p>\n<p style=\"text-align: left;\">Vilniaus ir Pekino santykiai gerokai paa\u0161tr\u0117jo po to, kai 2021 m. pabaigoje Lietuvoje buvo atidaryta Taivanie\u010di\u0173 atstovyb\u0117. Pekinas laiko Taivan\u0105 Kinijos provincija, neturin\u010dia teis\u0117s steigti atstovybi\u0173 \u0161alyse, su kuriomis Kinija palaiko oficialius ry\u0161ius. D\u0117l Lietuvos sprendimo Kinija \u0161aliai pritaik\u0117 diplomatines ir ekonomines sankcijas.<\/p>\n","protected":false},"excerpt":{"rendered":"1 nuotr. Ignas V\u0117g\u0117l\u0117. Eltos nuotr. \u00a0 \u00a0 \u201eKadangi esame \u012fsipareigoj\u0119, mes taip ir darysime ir teks vykti&hellip;\n","protected":false},"author":2,"featured_media":267370,"comment_status":"","ping_status":"","sticky":false,"template":"","format":"standard","meta":{"footnotes":"","_share_on_mastodon":"0"},"categories":[6],"tags":[25,30,31,34,35,24,479,1665,32,33,37,39,36,38,40,23,22,28,29,128,26,27,132],"class_list":["post-267369","post","type-post","status-publish","format-standard","has-post-thumbnail","category-antrastes","tag-antrastes","tag-breaking-news","tag-breakingnews","tag-featured-news","tag-featurednews","tag-headlines","tag-kinija","tag-komandiruote","tag-latest-news","tag-latestnews","tag-lietuva","tag-lietuviu","tag-lithuania","tag-lithuanian","tag-lt","tag-naujienos","tag-news","tag-populiariausios-naujienos","tag-populiariausiosnaujienos","tag-seimas","tag-top-stories","tag-topstories","tag-vegele"],"share_on_mastodon":{"url":"https:\/\/pubeurope.com\/@lt\/117201670649883369","error":""},"_links":{"self":[{"href":"https:\/\/www.europesays.com\/lt\/wp-json\/wp\/v2\/posts\/267369","targetHints":{"allow":["GET"]}}],"collection":[{"href":"https:\/\/www.europesays.com\/lt\/wp-json\/wp\/v2\/posts"}],"about":[{"href":"https:\/\/www.europesays.com\/lt\/wp-json\/wp\/v2\/types\/post"}],"author":[{"embeddable":true,"href":"https:\/\/www.europesays.com\/lt\/wp-json\/wp\/v2\/users\/2"}],"replies":[{"embeddable":true,"href":"https:\/\/www.europesays.com\/lt\/wp-json\/wp\/v2\/comments?post=267369"}],"version-history":[{"count":0,"href":"https:\/\/www.europesays.com\/lt\/wp-json\/wp\/v2\/posts\/267369\/revisions"}],"wp:featuredmedia":[{"embeddable":true,"href":"https:\/\/www.europesays.com\/lt\/wp-json\/wp\/v2\/media\/267370"}],"wp:attachment":[{"href":"https:\/\/www.europesays.com\/lt\/wp-json\/wp\/v2\/media?parent=267369"}],"wp:term":[{"taxonomy":"category","embeddable":true,"href":"https:\/\/www.europesays.com\/lt\/wp-json\/wp\/v2\/categories?post=267369"},{"taxonomy":"post_tag","embeddable":true,"href":"https:\/\/www.europesays.com\/lt\/wp-json\/wp\/v2\/tags?post=267369"}],"curies":[{"name":"wp","href":"https:\/\/api.w.org\/{rel}","templated":true}]}}