{"id":267377,"date":"2026-09-02T13:29:16","date_gmt":"2026-09-02T13:29:16","guid":{"rendered":"https:\/\/www.europesays.com\/lt\/267377\/"},"modified":"2026-09-02T13:29:16","modified_gmt":"2026-09-02T13:29:16","slug":"te-visad-zydi-bulves-nacionaliniai-integracijos-ypatumai-respublika-lt","status":"publish","type":"post","link":"https:\/\/www.europesays.com\/lt\/267377\/","title":{"rendered":"Te visad \u017eydi bulv\u0117s (nacionaliniai integracijos ypatumai) &#8211; Respublika.lt"},"content":{"rendered":"<p><img loading=\"lazy\" decoding=\"async\" src=\"https:\/\/www.respublika.lt\/lt\/naujienos\/nuomones_ir_komentarai\/skaitytoju_laiskai\/te-visad-zydi-bulves-nacionaliniai-integracijos-ypatumai\/images\/ico_camera_white.gif\" class=\"camera\" width=\"22\" height=\"15\" alt=\"nuotr.\" style=\"position:relative; top:-2px; right:2px;\"\/> 1 nuotr.<\/p>\n<p>Asociatyvi Pexels.com nuotr.<\/p>\n<p style=\"text-align: justify;\" class=\"desktop_banner\">\u00a0<\/p>\n<p>Prisipa\u017einsiu, esu didelis KGB ir \u201eStasi&#8221; agent\u0117s Angelos Merkel gerb\u0117jas. Tik jos pastang\u0173 d\u0117ka Europa buvo praturtinta i\u0161kiliausiais \u012fvairi\u0173 taut\u0173 bei profesij\u0173 atstovais.<\/p>\n<p>Deja, Lietuvoje ima plisti erezijos d\u0117l nusikaltimus padariusi\u0173 migrant\u0173 deportacijos. Esu prie\u0161 tok\u012f antihumani\u0161k\u0105, rasistin\u012f, netgi atvirai ksenofobin\u012f po\u017ei\u016br\u012f.<\/p>\n<p>Nor\u0117\u010diau pasi\u016blyti radikal\u0173 \u012f Lietuv\u0105 periodi\u0161kai atpl\u016bstan\u010di\u0173 \u201elegali\u0173&#8221; ir ypa\u010d nelegali\u0173 \u201echirurg\u0173&#8221;, \u201ein\u017einieri\u0173&#8221; ir kit\u0173 \u201eprofesional\u0173&#8221; integravimo plan\u0105.<\/p>\n<p>U\u017e pirm\u0105 padaryt\u0105 nusikaltim\u0105 skirti migrantui 1 000 eur\u0173 vienkartin\u0119 neapmokestinam\u0105 i\u0161mok\u0105 integracijos prad\u017eiai, o u\u017e nuopelnus Lietuvos \u012fvairovei apdovanoti j\u012f Did\u017eiojo Lietuvos Kunigaik\u0161\u010dio Gedimino ordino Riterio kry\u017eiumi.<\/p>\n<p>Suteikiant ordin\u0105, teistumo fone, ceremonij\u0105 rekomenduo\u010diau skelbti tiesiogiai per nacionalin\u012f transliuotoj\u0105.<\/p>\n<p>Tam tikslui si\u016bly\u010diau sukurti atskir\u0105, Lietuvos Respublikos mokes\u010di\u0173 mok\u0117toj\u0173 pinigais finansuojam\u0105 LRT laid\u0105 \u201eIntegracija&#8221;.<\/p>\n<p>U\u017e antr\u0105 padaryt\u0105 nusikaltim\u0105 skirti migrantui 5 000 eur\u0173 vienkartin\u0119 neapmokestinam\u0105 premij\u0105 ir nemokam\u0105 gyvenam\u0105j\u012f plot\u0105 tame mieste, kuriame buvo padarytas nusikaltimas.<\/p>\n<p>U\u017e tre\u010di\u0105 padaryt\u0105 nusikaltim\u0105 skirti migrantui nuolatin\u0119 10 000 eur\u0173 rent\u0105 ir suteikti to miesto, kuriame buvo nusikalsta, garb\u0117s pilie\u010dio vard\u0105 bei Lietuvos Respublikos pilietyb\u0119 jam ir visiems jo giminai\u010diams iki antros eil\u0117s pusbroli\u0173 imtinai.<\/p>\n<p>Tik pla\u010diai atverdami Lietuvos duris \u201echirurgams&#8221;, \u201ein\u017einieriams&#8221;, \u201ek\u016brybinei inteligentijai&#8221; ir kitiems zootechnikams, pad\u0117sime pas\u0117ti ir puosel\u0117ti Lietuvoje taikiausios pasaulio religijos gr\u016bd\u0105.<\/p>\n<p>Kartu mes nugal\u0117sime ir bulv\u0117s v\u0117l \u017eyd\u0117s!<\/p>\n","protected":false},"excerpt":{"rendered":"1 nuotr. Asociatyvi Pexels.com nuotr. \u00a0 Prisipa\u017einsiu, esu didelis KGB ir \u201eStasi&#8221; agent\u0117s Angelos Merkel gerb\u0117jas. Tik jos&hellip;\n","protected":false},"author":2,"featured_media":267378,"comment_status":"","ping_status":"","sticky":false,"template":"","format":"standard","meta":{"footnotes":"","_share_on_mastodon":"0"},"categories":[13],"tags":[25,30,31,20815,4079,34,35,24,1343,32,33,37,39,36,38,519,40,4527,1130,23,22,2716,28,29,2030,26,27],"class_list":["post-267377","post","type-post","status-publish","format-standard","has-post-thumbnail","category-lietuva","tag-antrastes","tag-breaking-news","tag-breakingnews","tag-bulves","tag-deportacija","tag-featured-news","tag-featurednews","tag-headlines","tag-integracija","tag-latest-news","tag-latestnews","tag-lietuva","tag-lietuviu","tag-lithuania","tag-lithuanian","tag-lrt","tag-lt","tag-merkel","tag-migrantai","tag-naujienos","tag-news","tag-nusikaltimai","tag-populiariausios-naujienos","tag-populiariausiosnaujienos","tag-premija","tag-top-stories","tag-topstories"],"share_on_mastodon":{"url":"https:\/\/pubeurope.com\/@lt\/117201690202993394","error":""},"_links":{"self":[{"href":"https:\/\/www.europesays.com\/lt\/wp-json\/wp\/v2\/posts\/267377","targetHints":{"allow":["GET"]}}],"collection":[{"href":"https:\/\/www.europesays.com\/lt\/wp-json\/wp\/v2\/posts"}],"about":[{"href":"https:\/\/www.europesays.com\/lt\/wp-json\/wp\/v2\/types\/post"}],"author":[{"embeddable":true,"href":"https:\/\/www.europesays.com\/lt\/wp-json\/wp\/v2\/users\/2"}],"replies":[{"embeddable":true,"href":"https:\/\/www.europesays.com\/lt\/wp-json\/wp\/v2\/comments?post=267377"}],"version-history":[{"count":0,"href":"https:\/\/www.europesays.com\/lt\/wp-json\/wp\/v2\/posts\/267377\/revisions"}],"wp:featuredmedia":[{"embeddable":true,"href":"https:\/\/www.europesays.com\/lt\/wp-json\/wp\/v2\/media\/267378"}],"wp:attachment":[{"href":"https:\/\/www.europesays.com\/lt\/wp-json\/wp\/v2\/media?parent=267377"}],"wp:term":[{"taxonomy":"category","embeddable":true,"href":"https:\/\/www.europesays.com\/lt\/wp-json\/wp\/v2\/categories?post=267377"},{"taxonomy":"post_tag","embeddable":true,"href":"https:\/\/www.europesays.com\/lt\/wp-json\/wp\/v2\/tags?post=267377"}],"curies":[{"name":"wp","href":"https:\/\/api.w.org\/{rel}","templated":true}]}}