{"id":267411,"date":"2026-09-02T14:08:14","date_gmt":"2026-09-02T14:08:14","guid":{"rendered":"https:\/\/www.europesays.com\/lt\/267411\/"},"modified":"2026-09-02T14:08:14","modified_gmt":"2026-09-02T14:08:14","slug":"pensininkai-nenori-skursti-respublika-lt","status":"publish","type":"post","link":"https:\/\/www.europesays.com\/lt\/267411\/","title":{"rendered":"Pensininkai nenori skursti &#8211; Respublika.lt"},"content":{"rendered":"<p><img loading=\"lazy\" decoding=\"async\" src=\"https:\/\/www.respublika.lt\/lt\/naujienos\/lietuva\/kitos-lietuvos-zinios\/pensininkai-nenori-skursti\/images\/ico_camera_white.gif\" class=\"camera\" width=\"22\" height=\"15\" alt=\"nuotr.\" style=\"position:relative; top:-2px; right:2px;\"\/> 1 nuotr.<\/p>\n<p>Pensinink\u0173 organizacijos mano, kad i\u0161 senjor\u0173 atimama dalis j\u0173 pinig\u0173. Eltos nuotr.<\/p>\n<p style=\"text-align: justify;\" class=\"desktop_banner\">\u00a0<\/p>\n<p>\u00a0<\/p>\n<p>Tok\u012f vie\u0161\u0105 kreipim\u0105si pasira\u0161\u0117 Lietuvos pagyvenusi\u0173 \u017emoni\u0173 asociacija, Nacionalin\u0117 bo\u010di\u0173 bendrij\u0173 asociacija, Vilnius bo\u010di\u0173 bendrija ir Lietuvos EURAG asociacija. Organizacij\u0173 vadovai atkreipia d\u0117mes\u012f, kad rengiant 2027 m. biud\u017eeto projekt\u0105 Lietuvoje vyksta aktyvi politin\u0117 diskusija, kad dalis \u201eSodros&#8221; pertekliaus b\u016bt\u0173 atiduodama dabartiniams pensininkams j\u0173 pensijoms indeksuoti.<\/p>\n<p>40 proc. pensinink\u0173 &#8211; \u017eemiau skurdo ribos<\/p>\n<p>\u201eDabartiniai \u012fstatymai ir Lietuvos Respublikos Prezidento pateiktos pataisos t\u0105 leid\u017eia. Deja, \u0161i\u0173 \u012fstatym\u0173 nuostatomis ankstesn\u0117s vald\u017eios derama apimtimi nesisteng\u0117 pasinaudoti. Pertekliumi naudotasi Mastrichto kriterijui i\u0161laikyti, o jo li\u016bto dalis keliaudavo \u012f \u201eSodros&#8221; rezerv\u0105. Rezervas buvo ir teb\u0117ra kaupiamas dabartini\u0173 pensinink\u0173 s\u0105skaita, kuri\u0173 net 40 proc. gyvena \u017eemiau skurdo rizikos ribos.<\/p>\n<p>Kasmet mir\u0161ta apie 5 proc. pensinink\u0173, negavusi\u0173 ir niekada jau nepasinaudosian\u010di\u0173 \u201eSodros&#8221; rezervo galimyb\u0117mis. 2025 m. Eurostato duomenimis, bendra pakeitimo norma (aggregate replacement ratio) Lietuvoje yra 37 proc. ES vidurkis ir Lenkijoje &#8211; 60 proc., Slovakijoje &#8211; 62 proc., \u010cekijoje &#8211; 53 proc., Ispanijoje &#8211; net 81 proc. Lietuva bevilti\u0161kai atsilieka nuo kit\u0173 \u0161ali\u0173 pagal \u0161\u012f rodikl\u012f&#8221;, &#8211; ra\u0161oma dokumente.<\/p>\n<p>Lietuvos vyresnio am\u017eiaus \u017emones vienijan\u010dios organizacijos remia Socialin\u0117s apsaugos ir darbo ministr\u0117s nusiteikim\u0105 ir pastangas siekti teisingesnio PAYG (einam\u0173j\u0173 mok\u0117jim\u0173) principo taikymo ir \u201eSodros&#8221; pervir\u0161io panaudojimo senatv\u0117s pensininkams bei ie\u0161koti b\u016bdo, kaip atsisakyti Lietuvos nacionalinio biud\u017eeto deficito dengimo pensininkams nei\u0161mokamais pinigais.<\/p>\n<p>\u201eKartu mes kvie\u010diame dabartin\u0119 valdan\u010di\u0105j\u0105 daugum\u0105 keisti \u201eSodros&#8221; rezervo kaupimo \u0161altin\u012f. Vietoj i\u0161 dabartiniams pensininkams nei\u0161mokam\u0173 ir rezervo kaupimui panaudojam\u0173 l\u0117\u0161\u0173, kurios i\u0161 esm\u0117s n\u0117ra joks pervir\u0161is ar perteklius, o dabartiniams pensininkams nei\u0161mok\u0117ti ir i\u0161 j\u0173 nusavinti pinigai, \u201eSodros&#8221; rezervui kaupti panaudoti i\u0161 II pensij\u0173 pakopos fond\u0173 i\u0161\u0117jusiems aktyviesiems t\u0173 fond\u0173 draud\u017eiamiesiems mok\u0117tas skatinam\u0105sias i\u0161mokas i\u0161 valstyb\u0117s biud\u017eeto&#8221;, &#8211; si\u016blo senjor\u0173 organizacijos.<\/p>\n<p>Apie \u201eSodros&#8221; rezervo lietim\u0105 n\u0117ra kalbos<\/p>\n<p>Apie pensij\u0173 didinim\u0105 neseniai kalb\u0117jo ir pati I.Ruginien\u0117, kuri yra viena i\u0161 lai\u0161ko adresat\u0173. Tiesa, ji kalb\u0117jo ne apie ezervo, o apie \u201eSodros&#8221; biud\u017eeto pertekliaus panaudojim\u0105. Jos manymu, dal\u012f \u201eSodros&#8221; biud\u017eeto pervir\u0161io b\u016bt\u0173 galima panaudoti intensyvesniam pensij\u0173 indeksavimui. Pasak ministr\u0117s, tokiu b\u016bdu padidinus pensijas 2-4 proc., netur\u0117t\u0173 nukent\u0117ti nei \u201eSodros&#8221; rezervas, nei pensij\u0173 sistema.<\/p>\n<p>\u201eTas \u201eSodros&#8221; biud\u017eeto perteklius, kur\u012f, berods, \u0161iais metais v\u0117l tur\u0117sime arti milijardo &#8211; dal\u012f jo mes tikrai galime panaudoti intensyvesniam pensij\u0173 indeksavimui, nes pensijos yra apgail\u0117tinai ma\u017eos. Pa\u017ei\u016br\u0117kite, kai turime skurdo rodiklius, did\u017eiausias skurdas yra tarp m\u016bs\u0173 pensinink\u0173&#8221;, &#8211; neseniai susitikime su opozicine Seimo Liberal\u0173 s\u0105j\u016bd\u017eio frakcija sak\u0117 I.Ruginien\u0117.<\/p>\n<p>\u201eTai jeigu mes i\u0161 pertekliaus pensininkams padidinsime pensijas 2-3 ar 4 proc., a\u0161 nemanau, kad nuo to nukent\u0117s augantis rezervas ir d\u0117l to nukent\u0117t\u0173 pati sistema. A\u0161 galvoju, kad tai daryti tikrai reikia&#8221;, &#8211; prid\u016br\u0117 ji.<\/p>\n<p>Socialin\u0117s apsaugos ir darbo ministerijos vadov\u0117s teigimu, apie \u201eSodros&#8221; rezervo panaudojim\u0105 n\u0117ra kalbama, nes es\u0105 tai riboja grie\u017etos taisykl\u0117s, o jame sukauptos l\u0117\u0161os b\u016bt\u0173 naudojamos i\u0161au\u0161us \u201ejuodai dienai&#8221;. Ji akcentavo, kad indeksavimui bus naudojamas tik kasmetinis \u201eSodros&#8221; biud\u017eeto perteklius.<\/p>\n<p>\u201eSodros&#8221; rezervas turi labai grie\u017etas taisykles, kada j\u012f b\u016bt\u0173 galima panaudoti &#8211; ten labai ekstremalios situacijos. \u201eSodros&#8221; rezervas auga nuolatos ir mes j\u012f auginsime. Kai praeitais metais intensyviau indeksavome pensijas, tai dar\u0117me ne i\u0161 \u201eSodros&#8221; rezervo, o i\u0161 to kasmetinio einamojo pertekliaus, kur\u012f sukaup\u0117me \u201eSodroje&#8221;. Apie \u201eSodros&#8221; rezervo panaudojim\u0105 net n\u0117ra kalbos&#8221;, &#8211; pa\u017eym\u0117jo ministr\u0117.<\/p>\n<p>Prezident\u016bra anks\u010diau kritikavo, kad Vyriausyb\u0117 delsia pateikti i\u0161vad\u0105 \u0161alies vadovo Gitano Naus\u0117dos si\u016blymui pensijoms didinti skirti bent 20 proc. \u201eSodros&#8221; biud\u017eeto pervir\u0161io. \u0160is \u012fstatymo projektas Seime pateikimo stadij\u0105 \u012fveik\u0117 pernai ruden\u012f.<\/p>\n<p>Prezidentas si\u016blo, kad papildomos l\u0117\u0161os pensijoms indeksuoti konkre\u010diais metais sudaryt\u0173 ne ma\u017eiau negu 20 proc., ta\u010diau ne daugiau 75 proc. planuojamo \u201eSodros&#8221; biud\u017eeto pervir\u0161io. Kitaip sakant, b\u016bt\u0173 nustatyta \u017eemiausia riba, kiek pinig\u0173 galima panaudoti didinti pensijoms, o d\u0117l konkretaus l\u0117\u0161\u0173 dyd\u017eio spr\u0119st\u0173 Vyriausyb\u0117.<\/p>\n<p>Socialin\u0117s apsaugos ir darbo ministerijos duomenimis, \u201eSodros&#8221; rezervas dabar sudaro vir\u0161 4 mlrd. eur\u0173. Ta\u010diau \u0161iemet gyventojams po reformos \u012fsigaliojimo toliau traukiantis i\u0161 antrosios pakopos jis tur\u0117t\u0173 augti iki daugiau nei 6 mlrd. eur\u0173.<\/p>\n","protected":false},"excerpt":{"rendered":"1 nuotr. Pensinink\u0173 organizacijos mano, kad i\u0161 senjor\u0173 atimama dalis j\u0173 pinig\u0173. Eltos nuotr. \u00a0 \u00a0 Tok\u012f vie\u0161\u0105&hellip;\n","protected":false},"author":2,"featured_media":267412,"comment_status":"","ping_status":"","sticky":false,"template":"","format":"standard","meta":{"footnotes":"","_share_on_mastodon":"0"},"categories":[13],"tags":[25,30,31,34,35,24,32,33,37,39,36,38,40,23,22,13143,5305,1666,28,29,18696,412,2937,3901,420,26,27],"class_list":["post-267411","post","type-post","status-publish","format-standard","has-post-thumbnail","category-lietuva","tag-antrastes","tag-breaking-news","tag-breakingnews","tag-featured-news","tag-featurednews","tag-headlines","tag-latest-news","tag-latestnews","tag-lietuva","tag-lietuviu","tag-lithuania","tag-lithuanian","tag-lt","tag-naujienos","tag-news","tag-nusavinti","tag-pensininkai","tag-pinigai","tag-populiariausios-naujienos","tag-populiariausiosnaujienos","tag-rezervas","tag-ruginiene","tag-sinkevicius","tag-skurdas","tag-sodra","tag-top-stories","tag-topstories"],"share_on_mastodon":{"url":"https:\/\/pubeurope.com\/@lt\/117201843913929080","error":""},"_links":{"self":[{"href":"https:\/\/www.europesays.com\/lt\/wp-json\/wp\/v2\/posts\/267411","targetHints":{"allow":["GET"]}}],"collection":[{"href":"https:\/\/www.europesays.com\/lt\/wp-json\/wp\/v2\/posts"}],"about":[{"href":"https:\/\/www.europesays.com\/lt\/wp-json\/wp\/v2\/types\/post"}],"author":[{"embeddable":true,"href":"https:\/\/www.europesays.com\/lt\/wp-json\/wp\/v2\/users\/2"}],"replies":[{"embeddable":true,"href":"https:\/\/www.europesays.com\/lt\/wp-json\/wp\/v2\/comments?post=267411"}],"version-history":[{"count":0,"href":"https:\/\/www.europesays.com\/lt\/wp-json\/wp\/v2\/posts\/267411\/revisions"}],"wp:featuredmedia":[{"embeddable":true,"href":"https:\/\/www.europesays.com\/lt\/wp-json\/wp\/v2\/media\/267412"}],"wp:attachment":[{"href":"https:\/\/www.europesays.com\/lt\/wp-json\/wp\/v2\/media?parent=267411"}],"wp:term":[{"taxonomy":"category","embeddable":true,"href":"https:\/\/www.europesays.com\/lt\/wp-json\/wp\/v2\/categories?post=267411"},{"taxonomy":"post_tag","embeddable":true,"href":"https:\/\/www.europesays.com\/lt\/wp-json\/wp\/v2\/tags?post=267411"}],"curies":[{"name":"wp","href":"https:\/\/api.w.org\/{rel}","templated":true}]}}