{"id":267519,"date":"2026-09-02T16:17:33","date_gmt":"2026-09-02T16:17:33","guid":{"rendered":"https:\/\/www.europesays.com\/lt\/267519\/"},"modified":"2026-09-02T16:17:33","modified_gmt":"2026-09-02T16:17:33","slug":"parlamentarai-planuoja-susitikti-su-kinijos-atstovais-konservatore-imasi-veiksmu-respublika-lt","status":"publish","type":"post","link":"https:\/\/www.europesays.com\/lt\/267519\/","title":{"rendered":"Parlamentarai planuoja susitikti su Kinijos atstovais &#8211; konservator\u0117 imasi veiksm\u0173 &#8211; Respublika.lt"},"content":{"rendered":"<p><img loading=\"lazy\" decoding=\"async\" src=\"https:\/\/www.respublika.lt\/lt\/naujienos\/lietuva\/lietuvos_politika\/parlamentarai-planuoja-susitikti-su-kinijos-atstovais---konservatore-imasi-veiksmu\/images\/ico_camera_white.gif\" class=\"camera\" width=\"22\" height=\"15\" alt=\"nuotr.\" style=\"position:relative; top:-2px; right:2px;\"\/> 1 nuotr.<\/p>\n<p>Konservator\u0117 Radvil\u0117 Mork\u016bnait\u0117-Mikul\u0117nien\u0117. Eltos nuotr.<\/p>\n<p style=\"text-align: left;\">Konservator\u0117 Radvil\u0117 Mork\u016bnait\u0117-Mikul\u0117nien\u0117 kreip\u0117si \u012f Seimo Etikos ir proced\u016br\u0173 komisij\u0105, pra\u0161ydama \u012fvertinti parlamentar\u0173 Igno V\u0117g\u0117l\u0117s ir Rimo Jono Jank\u016bno planuojam\u0105 vizit\u0105 \u012f Briusel\u012f, kur jie ketina susitikti su Kinijos atstovais Europos S\u0105jungoje.<\/p>\n<p style=\"text-align: justify;\" class=\"desktop_banner\">\u00a0<\/p>\n<p style=\"text-align: left;\">\u201eManau, kad \u0161ioje situacijoje kyla esminis klausimas: ar vien tai, kad kelion\u0117 apmokama asmenin\u0117mis l\u0117\u0161omis, rei\u0161kia, kad susitikimas su oficialiais Kinijos atstovais tampa priva\u010diu reikalu?\u201c \u2013 kreipimesi teigia R. Mork\u016bnait\u0117-Mikul\u0117nien\u0117.<\/p>\n<p style=\"text-align: left;\">Konservator\u0117 Etikos ir proced\u016br\u0173 komisijos pra\u0161o \u012fvertinti, kokiu statusu parlamentarai vyks \u012f susitikim\u0105 ir kam jame gal\u0117t\u0173 atstovauti, Seimo valdybai nepritarus j\u0173 komandiruotei.<\/p>\n<p style=\"text-align: left;\">Taip pat parlamentar\u0117 kelia klausimus d\u0117l galimos lobistin\u0117s \u012ftakos, jautrios informacijos perdavimo bei rizikos, kad susitikimas gal\u0117t\u0173 b\u016bti panaudotas Kinijos propagandos tikslais.<\/p>\n<p style=\"text-align: left;\">Komisijos pra\u0161oma \u012fvertinti ir tai, ar susidariusi situacija nekelia klausim\u0173 d\u0117l Seimo nario pareig\u0173 vykdymo, lojalumo valstybei ir priesaikos laikymosi.<\/p>\n<p style=\"text-align: left;\">Apie kreipim\u0105si R. Mork\u016bnait\u0117-Mikul\u0117nien\u0117 tre\u010diadien\u012f prane\u0161\u0117 ir socialiniame tinkle \u201eFacebook\u201c.<\/p>\n<p style=\"text-align: left;\">\u201eMano akimis, \u0161ie du veikia prie\u0161 Lietuvos (ir m\u016bs\u0173 s\u0105junginink\u0173) interesus. Kreipiuosi \u012f Etikos komisij\u0105 d\u0117l vertinimo. Gal tokie \u201ebendradarbiavimai\u201c yra ir Seimo nario priesaikos sulau\u017eymo klausimas\u201c, \u2013 ra\u0161\u0117 ji.<\/p>\n<p style=\"text-align: left;\">ELTA primena, kad Seimo valdyba nepritar\u0117 I. V\u0117g\u0117l\u0117s ir R. J. Jank\u016bno komandiruotei \u012f Briusel\u012f, kur parlamentarai planuoja susitikti su Kinijos atstovais.<\/p>\n<p style=\"text-align: left;\">Parlamento vadovas Juozas Olekas Seimo valdybos pos\u0117dyje pa\u017eym\u0117jo, kad parlamentarai \u012f Briusel\u012f gali vykti, ta\u010diau tokiu atveju jie neb\u016bt\u0173 parlamento deleguoti atstovai.<\/p>\n<p style=\"text-align: left;\">Nepaisant valdybos sprendimo, I. V\u0117g\u0117l\u0117 Eltai tre\u010diadien\u012f patvirtino, jog ketina \u012f susitikim\u0105 vykti savo l\u0117\u0161omis.<\/p>\n","protected":false},"excerpt":{"rendered":"1 nuotr. Konservator\u0117 Radvil\u0117 Mork\u016bnait\u0117-Mikul\u0117nien\u0117. Eltos nuotr. Konservator\u0117 Radvil\u0117 Mork\u016bnait\u0117-Mikul\u0117nien\u0117 kreip\u0117si \u012f Seimo Etikos ir proced\u016br\u0173 komisij\u0105, pra\u0161ydama&hellip;\n","protected":false},"author":2,"featured_media":267520,"comment_status":"","ping_status":"","sticky":false,"template":"","format":"standard","meta":{"footnotes":"","_share_on_mastodon":"0"},"categories":[6],"tags":[25,30,31,672,7703,34,35,24,479,3973,30105,32,33,37,39,36,38,40,14385,23,22,28,29,26,27,132],"class_list":["post-267519","post","type-post","status-publish","format-standard","has-post-thumbnail","category-antrastes","tag-antrastes","tag-breaking-news","tag-breakingnews","tag-es","tag-etika","tag-featured-news","tag-featurednews","tag-headlines","tag-kinija","tag-komisija","tag-konsevatore","tag-latest-news","tag-latestnews","tag-lietuva","tag-lietuviu","tag-lithuania","tag-lithuanian","tag-lt","tag-morkunaite-mikuleniene","tag-naujienos","tag-news","tag-populiariausios-naujienos","tag-populiariausiosnaujienos","tag-top-stories","tag-topstories","tag-vegele"],"share_on_mastodon":{"url":"https:\/\/pubeurope.com\/@lt\/117202350858329355","error":""},"_links":{"self":[{"href":"https:\/\/www.europesays.com\/lt\/wp-json\/wp\/v2\/posts\/267519","targetHints":{"allow":["GET"]}}],"collection":[{"href":"https:\/\/www.europesays.com\/lt\/wp-json\/wp\/v2\/posts"}],"about":[{"href":"https:\/\/www.europesays.com\/lt\/wp-json\/wp\/v2\/types\/post"}],"author":[{"embeddable":true,"href":"https:\/\/www.europesays.com\/lt\/wp-json\/wp\/v2\/users\/2"}],"replies":[{"embeddable":true,"href":"https:\/\/www.europesays.com\/lt\/wp-json\/wp\/v2\/comments?post=267519"}],"version-history":[{"count":0,"href":"https:\/\/www.europesays.com\/lt\/wp-json\/wp\/v2\/posts\/267519\/revisions"}],"wp:featuredmedia":[{"embeddable":true,"href":"https:\/\/www.europesays.com\/lt\/wp-json\/wp\/v2\/media\/267520"}],"wp:attachment":[{"href":"https:\/\/www.europesays.com\/lt\/wp-json\/wp\/v2\/media?parent=267519"}],"wp:term":[{"taxonomy":"category","embeddable":true,"href":"https:\/\/www.europesays.com\/lt\/wp-json\/wp\/v2\/categories?post=267519"},{"taxonomy":"post_tag","embeddable":true,"href":"https:\/\/www.europesays.com\/lt\/wp-json\/wp\/v2\/tags?post=267519"}],"curies":[{"name":"wp","href":"https:\/\/api.w.org\/{rel}","templated":true}]}}