{"id":267601,"date":"2026-09-02T18:24:14","date_gmt":"2026-09-02T18:24:14","guid":{"rendered":"https:\/\/www.europesays.com\/lt\/267601\/"},"modified":"2026-09-02T18:24:14","modified_gmt":"2026-09-02T18:24:14","slug":"nelaimingu-atsitikimu-darbe-administravimas-taps-paprastesnis-ir-greitesnis-respublika-lt","status":"publish","type":"post","link":"https:\/\/www.europesays.com\/lt\/267601\/","title":{"rendered":"Nelaiming\u0173 atsitikim\u0173\u202fdarbe\u202fadministravimas taps paprastesnis ir greitesnis &#8211; Respublika.lt"},"content":{"rendered":"<p><img loading=\"lazy\" decoding=\"async\" src=\"https:\/\/www.respublika.lt\/lt\/naujienos\/lietuva\/kitos-lietuvos-zinios\/nelaimingu-atsitikimudarbeadministravimas-taps-paprastesnis-ir-greitesnis\/images\/ico_camera_white.gif\" class=\"camera\" width=\"22\" height=\"15\" alt=\"nuotr.\" style=\"position:relative; top:-2px; right:2px;\"\/> 1 nuotr.<\/p>\n<p>Asociatyvi Pexels.com nuotr.<\/p>\n<p style=\"text-align: justify;\">Nuo kit\u0173 met\u0173 gegu\u017e\u0117s prane\u0161imai\u202fapie nelaimingus atsitikimus darbe\u202fir\u202fnelaiming\u0173 atsitikim\u0173 darbe ar pakeliui \u012f \/ i\u0161 darbo aktai Valstybinei\u202fdarbo inspekcijai (VDI) bus teikiami \u00a0elektroniniu b\u016bdu. Tam bus naudojama\u202fDarbo s\u0105lyg\u0173 darbo vietose nuolatin\u0117s steb\u0117senos informacin\u0117s sistemos elektronini\u0173 paslaug\u0173 posistem\u0117\u202f\u201eMano VDI\u201c. \u00a0<\/p>\n<p style=\"text-align: justify;\" class=\"desktop_banner\">\u00a0<\/p>\n<p style=\"text-align: justify;\">Pasak socialin\u0117s apsaugos ir darbo viceministr\u0117s Au\u0161ros Putk,\u202fnaujoji tvarka u\u017etikrins ir paprastesn\u012f, ir greitesn\u012f informacijos pateikim\u0105, o kartu leis VDI darbuotojams dar daugiau d\u0117mesio skirti darbuotoj\u0173 saugos ir sveikatos prevencijai.<\/p>\n<p style=\"text-align: justify;\">\u201eDuomenys rodo, kad\u202fdid\u017eioji dalis nelaiming\u0173 atsitikim\u0173 darbe akt\u0173 vis dar teikiami popierine forma, tod\u0117l tiek darbdaviai, tiek VDI\u202fdarbuotojai atlieka papildomus administracinius veiksmus. \u00a0Dokument\u0173 teikimas elektroniniu b\u016bdu leis procesams vykti grei\u010diau, patogiau ir efektyviau, daugiau laiko bus galima i\u0161naudoti darbuotoj\u0173 saugos ir sveikatos prevencijai\u201c, \u2013 pabr\u0117\u017eia viceministr\u0117.<\/p>\n<p style=\"text-align: justify;\">Kartu\u202fpatikslinama\u202fir tyrimo tvarka, pavyzd\u017eiui,\u202fnelaiming\u0173 atsitikim\u0173 darbe, nelaiming\u0173 atsitikim\u0173 pakeliui \u012f \/ i\u0161 darbo tyrimo trukm\u0117 bus pailginta nuo 10 iki 15 darbo dien\u0173, taip pat\u202fnelaimingo atsitikimo\u202fdarbe\u202ftyrime dalyvavusiems asmenims, darbdaviui atstovaujan\u010diam ar darbdavio \u012fgaliotam asmeniui nebereik\u0117s pasira\u0161yti akto, be to, patikslintos nelaiming\u0173 atsitikim\u0173 darbe akt\u0173 formos ir kita. \u00a0<\/p>\n<p style=\"text-align: justify;\">VDI\u202fper metus gauna apie 8\u202ft\u016bkst.\u202fnelaiming\u0173 atsitikim\u0173 darbe ir nelaiming\u0173 atsitikim\u0173 pakeliui \u012f darb\u0105 ar i\u0161 darbo akt\u0173, kuri\u0173 dauguma\u202f\u2013\u202f96 proc.\u202f\u2013\u202fpateikiami popierine\u202fforma. Akto duomen\u0173 suvedimas \u012f VDI informacin\u0119 sistem\u0105 u\u017etrunka apie 30 minu\u010di\u0173, tai yra, bendrai apie 481 darbo dien\u0105 per metus. \u00a0<\/p>\n<p style=\"text-align: justify;\">Pakeitimai \u012fsigalios 2027 m. gegu\u017e\u0117s 1-\u0105j\u0105. Iki tol aktus su tyrimo dokumentais, prane\u0161imus apie \u012fvykius darbe galima teikti VDI \u0161iuo metu nustatytais b\u016bdais. Iki tos datos \u012fvyk\u0119\u202fnelaimingi atsitikimai bus tiriami\u202fvadovaujantis\u202f\u0161iuo metu galiojan\u010dia tvarka.<\/p>\n<p>Patiko straipsnis? Leisk mums apie tai su\u017einoti. Nepamir\u0161k pasidalinti Facebook! <\/p>\n<p><img loading=\"lazy\" decoding=\"async\" class=\"p2_social_circle_icon\" src=\"https:\/\/www.respublika.lt\/images\/thumbs_up.svg\" width=\"21\" height=\"22\" alt=\"L\"\/><\/p>\n<p><img loading=\"lazy\" decoding=\"async\" class=\"p2_social_circle_icon\" src=\"https:\/\/www.respublika.lt\/images\/facebook.svg\" alt=\"F\" width=\"22\" height=\"22\" style=\"filter: invert(37%) sepia(55%) saturate(2351%) hue-rotate(187deg) brightness(102%) contrast(106%);\"\/><\/p>\n<p>&#13;<br \/>\n\tNesutinkate &#8211; diskutuokime!<br \/>&#13;<br \/>\n\tNepykite komentatoriai, bet komentarai su keiksma\u017eod\u017eiais bus \u0161alinami automati\u0161kai, be atsipra\u0161ymo.\n    <\/p>\n<p>&#13;<br \/>\n              Respublika.lt pasilieka teis\u0119 pa\u0161alinti nekult\u016bringus, keiksma\u017eod\u017eiais pagardintus, su tema nesusijusius, kito asmens vardu pasira\u0161ytus, \u012fstatymus pa\u017eeid\u017eian\u010dius, \u0161lam\u0161t\u0105 reklamuojan\u010dius ar nusikalsti kurstan\u010dius komentarus. Jei kurstysite smurt\u0105, rasin\u0119, tautin\u0119, religin\u0119 ar kitokio pob\u016bd\u017eio neapykant\u0105, \u017evirbliu i\u0161skrid\u0119 j\u016bs\u0173 \u017eod\u017eiai gr\u012f\u017edami gali virsti ton\u0105 sverian\u010diu jau\u010diu &#8211; specialiosioms Lietuvos tarnyboms pareikalavus suteiksime j\u016bs\u0173 duomenis.\n            <\/p>\n","protected":false},"excerpt":{"rendered":"1 nuotr. Asociatyvi Pexels.com nuotr. Nuo kit\u0173 met\u0173 gegu\u017e\u0117s prane\u0161imai\u202fapie nelaimingus atsitikimus darbe\u202fir\u202fnelaiming\u0173 atsitikim\u0173 darbe ar pakeliui \u012f&hellip;\n","protected":false},"author":2,"featured_media":267602,"comment_status":"","ping_status":"","sticky":false,"template":"","format":"standard","meta":{"footnotes":"","_share_on_mastodon":"0"},"categories":[17],"tags":[38726,38725,81,1348,37,39,36,38,40,38724,14128,46],"class_list":["post-267601","post","type-post","status-publish","format-standard","has-post-thumbnail","category-verslas","tag-administravimas","tag-atsitikimai","tag-business","tag-darbas","tag-lietuva","tag-lietuviu","tag-lithuania","tag-lithuanian","tag-lt","tag-nelaimingi","tag-vdi","tag-verslas"],"share_on_mastodon":{"url":"https:\/\/pubeurope.com\/@lt\/117202850220485352","error":""},"_links":{"self":[{"href":"https:\/\/www.europesays.com\/lt\/wp-json\/wp\/v2\/posts\/267601","targetHints":{"allow":["GET"]}}],"collection":[{"href":"https:\/\/www.europesays.com\/lt\/wp-json\/wp\/v2\/posts"}],"about":[{"href":"https:\/\/www.europesays.com\/lt\/wp-json\/wp\/v2\/types\/post"}],"author":[{"embeddable":true,"href":"https:\/\/www.europesays.com\/lt\/wp-json\/wp\/v2\/users\/2"}],"replies":[{"embeddable":true,"href":"https:\/\/www.europesays.com\/lt\/wp-json\/wp\/v2\/comments?post=267601"}],"version-history":[{"count":0,"href":"https:\/\/www.europesays.com\/lt\/wp-json\/wp\/v2\/posts\/267601\/revisions"}],"wp:featuredmedia":[{"embeddable":true,"href":"https:\/\/www.europesays.com\/lt\/wp-json\/wp\/v2\/media\/267602"}],"wp:attachment":[{"href":"https:\/\/www.europesays.com\/lt\/wp-json\/wp\/v2\/media?parent=267601"}],"wp:term":[{"taxonomy":"category","embeddable":true,"href":"https:\/\/www.europesays.com\/lt\/wp-json\/wp\/v2\/categories?post=267601"},{"taxonomy":"post_tag","embeddable":true,"href":"https:\/\/www.europesays.com\/lt\/wp-json\/wp\/v2\/tags?post=267601"}],"curies":[{"name":"wp","href":"https:\/\/api.w.org\/{rel}","templated":true}]}}