{"id":26761,"date":"2025-10-27T19:57:14","date_gmt":"2025-10-27T19:57:14","guid":{"rendered":"https:\/\/www.europesays.com\/lt\/26761\/"},"modified":"2025-10-27T19:57:14","modified_gmt":"2025-10-27T19:57:14","slug":"kaune-girtas-vyras-degiu-skysciu-apipyle-ir-padege-automobili-kas-vyksta-kaune","status":"publish","type":"post","link":"https:\/\/www.europesays.com\/lt\/26761\/","title":{"rendered":"Kaune girtas vyras degiu skys\u010diu apipyl\u0117 ir padeg\u0117 automobil\u012f \u2013 Kas vyksta Kaune"},"content":{"rendered":"<p>Kaune neblaivus vyras padeg\u0117 svetim\u0105 automobil\u012f, prane\u0161\u0117 Kauno prie\u0161gaisrin\u0117 gelb\u0117jimo valdyba.<\/p>\n<p>Policijos departamento duomenimis, sekmadien\u012f apie 20.47 val. Kaune, Vokie\u010di\u0173 gatv\u0117je, namo kieme, asmuo degiu skys\u010diu apipyl\u0117 automobil\u012f \u201ePeugeot 207\u201c ir j\u012f padeg\u0117. <\/p>\n<p>\u012evykio metu ne\u017eymiai apdeg\u0117 priekin\u0117 2008 metais pagaminto automobilio dalis. Nuostolis nustatin\u0117jamas. <\/p>\n<p>1980 metais gim\u0119s \u012ftariamasis buvo neblaivus (2,84 prom.), jis u\u017edarytas \u012f are\u0161tin\u0119. Policija prad\u0117jo ikiteismin\u012f tyrim\u0105 d\u0117l turto sunaikinimo ar sugadinimo.<\/p>\n<p>Tas, kas sunaikino ar sugadino svetim\u0105 turt\u0105 visuotinai pavojingu b\u016bdu, jeigu d\u0117l to gal\u0117jo nukent\u0117ti \u017emon\u0117s, baud\u017eiamas bauda arba laisv\u0117s apribojimu, arba are\u0161tu, arba laisv\u0117s at\u0117mimu iki penkeri\u0173 met\u0173.<\/p>\n<p>Kauno prie\u0161gaisrin\u0117s gelb\u0117jimo valdybos duomenimis, vyras padeg\u0117 svetim\u0105 automobil\u012f.<\/p>\n<p>\u201eGautas vyri\u0161kio prane\u0161imas, kad k\u0105 tik u\u017egesino savo automobil\u012f \u201ePeugot\u201c, kuris buvo ty\u010dia padegtas. Padeg\u0117jas \u017einomas, turi filmuot\u0105 vaizdo med\u017eiag\u0105. \u0160iuo metu degimo n\u0117ra. Informuotas gaisrus tiriantis pareig\u016bnas\u201c, \u2013 pa\u017eymima Kauno prie\u0161gaisrin\u0117s gelb\u0117jimo valdybos paros \u012fvyki\u0173 suvestin\u0117je.<\/p>\n","protected":false},"excerpt":{"rendered":"Kaune neblaivus vyras padeg\u0117 svetim\u0105 automobil\u012f, prane\u0161\u0117 Kauno prie\u0161gaisrin\u0117 gelb\u0117jimo valdyba. Policijos departamento duomenimis, sekmadien\u012f apie 20.47 val.&hellip;\n","protected":false},"author":2,"featured_media":26762,"comment_status":"","ping_status":"","sticky":false,"template":"","format":"standard","meta":{"footnotes":""},"categories":[13],"tags":[25,30,31,34,35,24,32,33,37,39,36,38,40,23,22,28,29,26,27],"class_list":{"0":"post-26761","1":"post","2":"type-post","3":"status-publish","4":"format-standard","5":"has-post-thumbnail","7":"category-lietuva","8":"tag-antrastes","9":"tag-breaking-news","10":"tag-breakingnews","11":"tag-featured-news","12":"tag-featurednews","13":"tag-headlines","14":"tag-latest-news","15":"tag-latestnews","16":"tag-lietuva","17":"tag-lietuviu","18":"tag-lithuania","19":"tag-lithuanian","20":"tag-lt","21":"tag-naujienos","22":"tag-news","23":"tag-populiariausios-naujienos","24":"tag-populiariausiosnaujienos","25":"tag-top-stories","26":"tag-topstories"},"share_on_mastodon":{"url":"https:\/\/pubeurope.com\/@lt\/115447899337803217","error":""},"_links":{"self":[{"href":"https:\/\/www.europesays.com\/lt\/wp-json\/wp\/v2\/posts\/26761","targetHints":{"allow":["GET"]}}],"collection":[{"href":"https:\/\/www.europesays.com\/lt\/wp-json\/wp\/v2\/posts"}],"about":[{"href":"https:\/\/www.europesays.com\/lt\/wp-json\/wp\/v2\/types\/post"}],"author":[{"embeddable":true,"href":"https:\/\/www.europesays.com\/lt\/wp-json\/wp\/v2\/users\/2"}],"replies":[{"embeddable":true,"href":"https:\/\/www.europesays.com\/lt\/wp-json\/wp\/v2\/comments?post=26761"}],"version-history":[{"count":0,"href":"https:\/\/www.europesays.com\/lt\/wp-json\/wp\/v2\/posts\/26761\/revisions"}],"wp:featuredmedia":[{"embeddable":true,"href":"https:\/\/www.europesays.com\/lt\/wp-json\/wp\/v2\/media\/26762"}],"wp:attachment":[{"href":"https:\/\/www.europesays.com\/lt\/wp-json\/wp\/v2\/media?parent=26761"}],"wp:term":[{"taxonomy":"category","embeddable":true,"href":"https:\/\/www.europesays.com\/lt\/wp-json\/wp\/v2\/categories?post=26761"},{"taxonomy":"post_tag","embeddable":true,"href":"https:\/\/www.europesays.com\/lt\/wp-json\/wp\/v2\/tags?post=26761"}],"curies":[{"name":"wp","href":"https:\/\/api.w.org\/{rel}","templated":true}]}}