{"id":267641,"date":"2026-09-02T19:24:10","date_gmt":"2026-09-02T19:24:10","guid":{"rendered":"https:\/\/www.europesays.com\/lt\/267641\/"},"modified":"2026-09-02T19:24:10","modified_gmt":"2026-09-02T19:24:10","slug":"ryanair-paskelbe-apie-skrydziu-mazinima-kita-vasara-bilietai-gali-gerokai-brangti","status":"publish","type":"post","link":"https:\/\/www.europesays.com\/lt\/267641\/","title":{"rendered":"\u201eRyanair\u201c paskelb\u0117 apie skryd\u017ei\u0173 ma\u017einim\u0105: kit\u0105 vasar\u0105 bilietai gali gerokai brangti"},"content":{"rendered":"<p class=\"wp-block-paragraph\">Oro linij\u0173 bendrov\u0117ms susiduriant su d\u0117l <a style=\"font-weight:bold;\" href=\"https:\/\/madeinvilnius.lt\/tema\/jav\/\" target=\"_blank\" rel=\"nofollow noopener\">JAV<\/a> ir Irano karo i\u0161augusiomis degal\u0173 kainomis, Airijos pigi\u0173 skryd\u017ei\u0173 bendrov\u0117 \u201e<a style=\"font-weight:bold;\" href=\"https:\/\/madeinvilnius.lt\/tema\/ryanair\/\" target=\"_blank\" rel=\"nofollow noopener\">Ryanair<\/a>\u201c tre\u010diadien\u012f prane\u0161\u0117 \u201eapkarpysianti\u201c \u017eiemos skryd\u017ei\u0173 tvarkara\u0161t\u012f.<\/p>\n<p class=\"wp-block-paragraph\">D\u0117l to pagal keleivi\u0173 skai\u010di\u0173 did\u017eiausia Europos oro linij\u0173 bendrov\u0117 suma\u017eino iki 2027 m. baland\u017eio truksian\u010di\u0173 finansini\u0173 met\u0173 keleivi\u0173 skai\u010diaus tiksl\u0105 nuo 216 mln. iki 214 mln.<\/p>\n<p class=\"wp-block-paragraph\">\u201eNuostolingu \u017eiemos laikotarpiu tikslinga strategi\u0161kai suma\u017einti grup\u0117s priklausomyb\u0119 nuo reaktyvini\u0173 degal\u0173, kuri\u0173 kaina n\u0117ra i\u0161 anksto u\u017efiksuota\u201c, \u2013 parei\u0161kime teig\u0117 \u201eRyanair\u201c.<\/p>\n<p>Skaitykite taip pat<a class=\"miv-ax-rel-link\" href=\"https:\/\/madeinvilnius.lt\/transportas\/oro-uostas\/smugis-lietuvai-airbaltic-nutraukia-daugybe-skrydziu-is-vilniaus-oro-uosto\/\" rel=\"nofollow noopener\" target=\"_blank\">Sm\u016bgis Lietuvai: \u201eairBaltic\u201c nutraukia daugyb\u0119 skryd\u017ei\u0173 i\u0161 Vilniaus oro uosto<\/a><a class=\"miv-ax-rel-link\" href=\"https:\/\/madeinvilnius.lt\/transportas\/oro-uostas\/lietuvai-nerima-kelianti-zinia-del-skrydziu-vyriausybe-raginama-skubiai-imtis-veiksmu\/\" rel=\"nofollow noopener\" target=\"_blank\">Lietuvai \u2013 nerim\u0105 kelianti \u017einia d\u0117l skryd\u017ei\u0173: Vyriausyb\u0117 raginama skubiai imtis veiksm\u0173<\/a><\/p>\n<p class=\"wp-block-paragraph\">Daugiausia Europoje skraidanti bendrov\u0117 nuo lapkri\u010dio iki kovo paprastai patiria nuostoli\u0173, nes po vasaros sezono piko suma\u017e\u0117ja paklausa.<\/p>\n<p class=\"wp-block-paragraph\">Bendrov\u0117 prognozuoja, kad \u201evienkartinis \u017eiemos skryd\u017ei\u0173 tvarkara\u0161\u010dio apkarpymas\u201c leis suma\u017einti \u017eiemos sezono nuostolius 70\u2013100 mln. eur\u0173.<\/p>\n<p class=\"wp-block-paragraph\">Oro linij\u0173 bendrov\u0117 taip pat persp\u0117jo, kad, auk\u0161toms naftos kainoms i\u0161silaikius iki 2027 m. vasaros, trumpojo nuotolio skryd\u017ei\u0173 biliet\u0173 kainos Europoje \u201egerokai i\u0161augs\u201c.<\/p>\n<p class=\"wp-block-paragraph\">Dubline \u012fsik\u016brusi bendrov\u0117 nurod\u0117, kad did\u017eiosios dalies \u0161iais finansiniais metais reikaling\u0173 reaktyvini\u0173 degal\u0173 kaina yra u\u017efiksuota ma\u017edaug 67 JAV doleri\u0173 u\u017e barel\u012f lygiu \u2013 gerokai \u017eemiau dabartini\u0173 kain\u0173, tod\u0117l 2026\u20132027 finansinius metus bendrov\u0117 ir toliau prognozuoja baigsianti pelningai.<\/p>\n<p class=\"wp-block-paragraph\">Ta\u010diau bendrov\u0117 prognozuoja, kad jos grynasis pelnas bus ma\u017eesnis u\u017e 2025\u20132026 finansiniais metais pasiekt\u0105 rekordin\u012f 2,17 mlrd. eur\u0173 peln\u0105 po mokes\u010di\u0173.<\/p>\n","protected":false},"excerpt":{"rendered":"Oro linij\u0173 bendrov\u0117ms susiduriant su d\u0117l JAV ir Irano karo i\u0161augusiomis degal\u0173 kainomis, Airijos pigi\u0173 skryd\u017ei\u0173 bendrov\u0117 \u201eRyanair\u201c&hellip;\n","protected":false},"author":2,"featured_media":267642,"comment_status":"","ping_status":"","sticky":false,"template":"","format":"standard","meta":{"footnotes":"","_share_on_mastodon":"0"},"categories":[17],"tags":[81,37,39,36,38,40,1329,46,752],"class_list":["post-267641","post","type-post","status-publish","format-standard","has-post-thumbnail","category-verslas","tag-business","tag-lietuva","tag-lietuviu","tag-lithuania","tag-lithuanian","tag-lt","tag-ryanair","tag-verslas","tag-vilniaus-oro-uostas"],"share_on_mastodon":{"url":"https:\/\/pubeurope.com\/@lt\/117203085897469813","error":""},"_links":{"self":[{"href":"https:\/\/www.europesays.com\/lt\/wp-json\/wp\/v2\/posts\/267641","targetHints":{"allow":["GET"]}}],"collection":[{"href":"https:\/\/www.europesays.com\/lt\/wp-json\/wp\/v2\/posts"}],"about":[{"href":"https:\/\/www.europesays.com\/lt\/wp-json\/wp\/v2\/types\/post"}],"author":[{"embeddable":true,"href":"https:\/\/www.europesays.com\/lt\/wp-json\/wp\/v2\/users\/2"}],"replies":[{"embeddable":true,"href":"https:\/\/www.europesays.com\/lt\/wp-json\/wp\/v2\/comments?post=267641"}],"version-history":[{"count":0,"href":"https:\/\/www.europesays.com\/lt\/wp-json\/wp\/v2\/posts\/267641\/revisions"}],"wp:featuredmedia":[{"embeddable":true,"href":"https:\/\/www.europesays.com\/lt\/wp-json\/wp\/v2\/media\/267642"}],"wp:attachment":[{"href":"https:\/\/www.europesays.com\/lt\/wp-json\/wp\/v2\/media?parent=267641"}],"wp:term":[{"taxonomy":"category","embeddable":true,"href":"https:\/\/www.europesays.com\/lt\/wp-json\/wp\/v2\/categories?post=267641"},{"taxonomy":"post_tag","embeddable":true,"href":"https:\/\/www.europesays.com\/lt\/wp-json\/wp\/v2\/tags?post=267641"}],"curies":[{"name":"wp","href":"https:\/\/api.w.org\/{rel}","templated":true}]}}