{"id":267693,"date":"2026-09-02T20:18:02","date_gmt":"2026-09-02T20:18:02","guid":{"rendered":"https:\/\/www.europesays.com\/lt\/267693\/"},"modified":"2026-09-02T20:18:02","modified_gmt":"2026-09-02T20:18:02","slug":"nusipelno-tiesioginio-smugio-medvedevas-ragina-smogti-berlynui-ir-karinems-gamykloms-respublika-lt","status":"publish","type":"post","link":"https:\/\/www.europesays.com\/lt\/267693\/","title":{"rendered":"\u201eNusipelno tiesioginio sm\u016bgio&#8221;: Medvedevas ragina smogti Berlynui ir karin\u0117ms gamykloms &#8211; Respublika.lt"},"content":{"rendered":"<p><img loading=\"lazy\" decoding=\"async\" src=\"https:\/\/www.respublika.lt\/lt\/naujienos\/pasaulis\/pasaulio_politika\/nusipelno-tiesioginio-smugio-medvedevas-ragina-smogti-berlynui-ir-karinems-gamykloms\/images\/ico_camera_white.gif\" class=\"camera\" width=\"22\" height=\"15\" alt=\"nuotr.\" style=\"position:relative; top:-2px; right:2px;\"\/> 1 nuotr.<\/p>\n<p>Rusijos saugumo tarybos pirmininko pavaduotojas Dmitrijus Medvedevas. EPA-Eltos nuotr.<\/p>\n<p style=\"text-align: justify;\" class=\"desktop_banner\">\u00a0<\/p>\n<p style=\"text-align: left;\">Jis pagr\u016bmojo, kad Berlynas turi sulaukti atsako \u012f Rusijai pareik\u0161tus kaltinimus d\u0117l dron\u0173 incidento Leipcigo oro uoste.\u00a0<\/p>\n<p style=\"text-align: left;\">\u201eAtsi\u017evelgiant \u012f neonacistin\u012f ir ai\u0161kiai rusofobi\u0161k\u0105 dabartin\u0117s Vokietijos vadovyb\u0117s kurs\u0105, \u0161i i\u0161galvota diversija \u2013 ma\u017eiausia bausm\u0117 u\u017e nuod\u0117mes. Vokietija nusipelno tiesioginio sm\u016bgio \u012f visas \u012fmones, gaminan\u010dias karin\u0119 \u012frang\u0105 Banderos klikai, o galb\u016bt ir \u012f kitas vietas Berlyne\u201c, \u2013 \u201eTelegram\u201c kanale para\u0161\u0117 D. Medvedevas.<\/p>\n<p style=\"text-align: left;\">Jis taip pat \u201eteroro\u201c r\u0117mimu apkaltino Ukrain\u0105 remian\u010dius Vakar\u0173 lyderius, ypa\u010d Europos, ir primin\u0117, kad jie da\u017enai traukiniais keliauja \u012f Kijev\u0105, daugta\u0161kiu u\u017ebaig\u0119s \u0161\u012f sakin\u012f.<\/p>\n<p style=\"text-align: left;\">Rugpj\u016b\u010dio 4 d. vakar\u0105 Leipcigo\u2013Hal\u0117s oro uosto saugumo zonoje tarp Ukrainos krovinini\u0173 l\u0117ktuv\u0173 buvo rastas dronas su sprogmenimis ir detonatoriumi.<\/p>\n<p style=\"text-align: left;\">Kiek v\u0117liau antras neatpa\u017eintas skraidantis objektas susid\u016br\u0117 su DHL krovininiu l\u0117ktuvu, \u0161is negal\u0117jo nusileisti d\u0117l u\u017edaryto kilimo ir t\u016bpimo tako ir buvo priverstas nutraukti nusileidim\u0105.<\/p>\n<p style=\"text-align: left;\">Dar v\u0117liau Vokietijos tyr\u0117jai aptiko ir tre\u010di\u0105 dron\u0105.<\/p>\n<p style=\"text-align: left;\">Federalin\u0117 prokurat\u016bra incident\u0105 pavadino \u201erimtu i\u0161puoliu prie\u0161 Vokietijos transporto ir logistikos infrastrukt\u016br\u0105.<\/p>\n<p style=\"text-align: left;\">Vokietijos vidaus reikal\u0173 ministras Alexanderas Dobrindtas rugs\u0117jo 1 d. parei\u0161k\u0117, kad \u0161ios hibridin\u0117s atakos organizatoriai ir vykdytojai veik\u0117 Rusijos vyriausybini\u0173 agent\u016br\u0173 nurodymu \u2013 tai patvirtina tyrimas, nusikaltimo pob\u016bdis ir \u017evalgybos duomenys.\u00a0<\/p>\n<p style=\"text-align: left;\">Vokietijos u\u017esienio reikal\u0173 ministras Johannas Wadephulas apkaltino Rusijos prezident\u0105 Vladimir\u0105 Putin\u0105 a\u0161trinant abiej\u0173 \u0161ali\u0173 santykius ir paskelb\u0117, kad nuo rugs\u0117jo 18 d. u\u017edaromas paskutinis Vokietijoje dar veikiantis Rusijos konsulatas Bonoje ir Rus\u0173 namai Berlyne.<\/p>\n<p style=\"text-align: left;\">Ministras taip pat pa\u017ead\u0117jo sugrie\u017etinti Rusijos pilie\u010di\u0173 atvykimo kontrol\u0119.\u00a0<\/p>\n<p style=\"text-align: left;\">V. Putinas pavadino Vokietijos kaltinimus Rusijai nepagr\u012fstais ir priskyr\u0117 juos vald\u017eios bandymui atitraukti vokie\u010di\u0173 d\u0117mes\u012f nuo vidaus problem\u0173.\u00a0<\/p>\n<p style=\"text-align: left;\">\u201eYra akivaizd\u017ei\u0173 ekonomini\u0173 klaid\u0173. U\u017esidaro \u012fmon\u0117s. \u017dmon\u0117s praranda darb\u0105, gyvenimo lygis krenta. Neai\u0161ku, kod\u0117l visa tai daroma. Vienintelis paai\u0161kinimas yra tas, kad reikia atremti agresyvi\u0105 Rusij\u0105. O kur \u012frodymai? \u0160tai ir paki\u0161o \u012frodymus\u201c, \u2013 parei\u0161k\u0117 V. Putinas.<\/p>\n<p style=\"text-align: left;\">Jis pavadino Vokietijos atsak\u0105 \u012f dron\u0173 incident\u0105 \u201edidele klaida\u201c .<\/p>\n","protected":false},"excerpt":{"rendered":"1 nuotr. Rusijos saugumo tarybos pirmininko pavaduotojas Dmitrijus Medvedevas. EPA-Eltos nuotr. \u00a0 Jis pagr\u016bmojo, kad Berlynas turi sulaukti&hellip;\n","protected":false},"author":2,"featured_media":267694,"comment_status":"","ping_status":"","sticky":false,"template":"","format":"standard","meta":{"footnotes":"","_share_on_mastodon":"0"},"categories":[6],"tags":[25,30,31,267,34,35,4076,24,32,33,27592,37,39,36,38,40,4377,23,22,28,29,2370,119,26,27,320],"class_list":["post-267693","post","type-post","status-publish","format-standard","has-post-thumbnail","category-antrastes","tag-antrastes","tag-breaking-news","tag-breakingnews","tag-dronai","tag-featured-news","tag-featurednews","tag-grasinimai","tag-headlines","tag-latest-news","tag-latestnews","tag-leipcigas","tag-lietuva","tag-lietuviu","tag-lithuania","tag-lithuanian","tag-lt","tag-medvedevas","tag-naujienos","tag-news","tag-populiariausios-naujienos","tag-populiariausiosnaujienos","tag-putinas","tag-rusija","tag-top-stories","tag-topstories","tag-vokietija"],"share_on_mastodon":{"url":"https:\/\/pubeurope.com\/@lt\/117203298482139305","error":""},"_links":{"self":[{"href":"https:\/\/www.europesays.com\/lt\/wp-json\/wp\/v2\/posts\/267693","targetHints":{"allow":["GET"]}}],"collection":[{"href":"https:\/\/www.europesays.com\/lt\/wp-json\/wp\/v2\/posts"}],"about":[{"href":"https:\/\/www.europesays.com\/lt\/wp-json\/wp\/v2\/types\/post"}],"author":[{"embeddable":true,"href":"https:\/\/www.europesays.com\/lt\/wp-json\/wp\/v2\/users\/2"}],"replies":[{"embeddable":true,"href":"https:\/\/www.europesays.com\/lt\/wp-json\/wp\/v2\/comments?post=267693"}],"version-history":[{"count":0,"href":"https:\/\/www.europesays.com\/lt\/wp-json\/wp\/v2\/posts\/267693\/revisions"}],"wp:featuredmedia":[{"embeddable":true,"href":"https:\/\/www.europesays.com\/lt\/wp-json\/wp\/v2\/media\/267694"}],"wp:attachment":[{"href":"https:\/\/www.europesays.com\/lt\/wp-json\/wp\/v2\/media?parent=267693"}],"wp:term":[{"taxonomy":"category","embeddable":true,"href":"https:\/\/www.europesays.com\/lt\/wp-json\/wp\/v2\/categories?post=267693"},{"taxonomy":"post_tag","embeddable":true,"href":"https:\/\/www.europesays.com\/lt\/wp-json\/wp\/v2\/tags?post=267693"}],"curies":[{"name":"wp","href":"https:\/\/api.w.org\/{rel}","templated":true}]}}