{"id":26777,"date":"2025-10-27T20:14:07","date_gmt":"2025-10-27T20:14:07","guid":{"rendered":"https:\/\/www.europesays.com\/lt\/26777\/"},"modified":"2025-10-27T20:14:07","modified_gmt":"2025-10-27T20:14:07","slug":"latviu-saugumo-tarnyba-perdave-prokurorams-byla-del-itariamos-diversijos","status":"publish","type":"post","link":"https:\/\/www.europesays.com\/lt\/26777\/","title":{"rendered":"Latvi\u0173 saugumo tarnyba perdav\u0117 prokurorams byl\u0105 d\u0117l \u012ftariamos diversijos"},"content":{"rendered":"<p>\u012etariama, kad grup\u0117 asmen\u0173 vykd\u0117 veiksmus prie\u0161 Latvijos saugum\u0105 Rusijos saugumo tarnyb\u0173 vardu.<\/p>\n<p>Saugumo tarnyba i\u0161k\u0117l\u0117 baud\u017eiam\u0105j\u0105 byl\u0105 keturiems asmenims 2024-\u0173j\u0173 bir\u017eelio 10-\u0105j\u0105. Saugumo tarnyba nustat\u0117, kad grup\u0117 buvo suburta Rusijos saugumie\u010di\u0173 iniciatyva, siekiant \u012fvykdyti itin sunkius nusikaltimus Latvijos valstybei.<\/p>\n<p>Anot pareig\u016bn\u0173, \u0161ie asmenys dalyvavo planuojant, organizuojant ir vykdant veiksmus, kuriais buvo siekiama sunaikinti \u012fvairius objektus Latvijoje ar padaryti jiems \u017ealos. \u0160i\u0173 met\u0173 pavasar\u012f Saugumo tarnyba sulaik\u0117 tris i\u0161 \u0161i\u0173 asmen\u0173, o ketvirtas asmuo jau s\u0117d\u0117jo kal\u0117jime u\u017e kit\u0105 nusikaltim\u0105.<\/p>\n<p>Saugumo tarnyba sako turinti \u012frodym\u0173, kad \u012ftariamieji 2023 met\u0173 ruden\u012f \u012fvykd\u0117 vienai priva\u010diai bendrovei priklausan\u010dio objekto padegim\u0105, nes ji Latvijoje vykd\u0117 su gynyba susijus\u012f projekt\u0105.<\/p>\n<p>2024 met\u0173 prad\u017eioje \u0161ie asmenys planavo padegti sunkve\u017eim\u012f su ukrainieti\u0161kais valstybiniais numeriais ypatingos svarbos infrastrukt\u016bros objekto teritorijoje: jie ap\u017ei\u016brin\u0117jo ir filmavo objekto aplink\u0105 ir galimus patekimo \u012f objekt\u0105 ta\u0161kus.<\/p>\n<p>Saugumo tarnyba turi informacijos, kad \u012ftariamieji taip pat ap\u017ei\u016br\u0117jo kelet\u0105 kit\u0173 potenciali\u0173 objekt\u0173 ir nusiunt\u0117 padarytas nuotraukas bei vaizdo med\u017eiag\u0105 organizatoriams \u012f Rusij\u0105. Saugumo tarnyba tur\u0117jo imtis \u012fvairi\u0173 prevencini\u0173 priemoni\u0173, kad u\u017ekirst\u0173 keli\u0105 galimai diversijai prie\u0161 \u0161iuos objektus.<\/p>\n<p>Saugumo tarnyba apkaltino du \u012ftariamuosius, Latvijos pilie\u010dius, teikus pagalb\u0105 Rusijai vykdant veikl\u0105, nukreipt\u0105 prie\u0161 Latvijos saugum\u0105, ir sabotavus Latvijos turt\u0105. Tre\u010diajam \u012ftariamajam pateikti kaltinimai d\u0117l diversijos akt\u0173 organizavimo.<\/p>\n<p>Ketvirtajam asmeniui pateikti kaltinimai d\u0117l pad\u0117jimo vykdyti nusikalstamas veikas, nes jis gabeno tikruosius nusikaltimo vykdytojus \u012f vietas, kuriose buvo planuojami diversijos aktai, ir po to pad\u0117jo jiems pasi\u0161alinti i\u0161 \u012fvykio vietos.<\/p>\n<p>\u0160\u012f rugs\u0117j\u012f vidaus reikal\u0173 ministras Rihardas Kozlovskis interviu teig\u0117, kad per pastaruosius kelerius met\u0173 Latvijoje buvo \u012fvykdyta ma\u017eiausiai de\u0161imt diversijos akt\u0173, ir paragino kalb\u0117ti apie papildomas investicijas bei sraigtasparni\u0173 \u012fsigijim\u0105, kad b\u016bt\u0173 galima veiksmingiau reaguoti.<\/p>\n<p>Ministras nenurod\u0117 konkretaus per pastaruosius dvejus metus u\u017efiksuot\u0173 diversijos atvej\u0173 skai\u010diaus, ta\u010diau pabr\u0117\u017e\u0117, kad j\u0173 buvo ne \u0161imtai, o ne ma\u017eiau kaip de\u0161imt. Ypa\u010d pastarieji metai pasi\u017eym\u0117jo tuo, kad nuo \u201emink\u0161tosios galios\u201c, tai yra bandym\u0173 paveikti \u017emoni\u0173 protus, pereita prie fizini\u0173 i\u0161puoli\u0173 prie\u0161 Latvijos infrastrukt\u016br\u0105.<\/p>\n<p>Kaip ir kiekviename nusikaltime, yra vykdytojai, tarpininkai, r\u0117m\u0117jai ir organizatoriai, sak\u0117 R. Kozlovskis. Anot jo, organizatoriai nenori, kad j\u0173 tapatyb\u0117 b\u016bt\u0173 nustatyta, o vykdytojai da\u017eniausiai yra asmenys, turintys kriminalin\u0119 praeit\u012f arba susij\u0119 su nusikalstamais sluoksniais.<\/p>\n","protected":false},"excerpt":{"rendered":"\u012etariama, kad grup\u0117 asmen\u0173 vykd\u0117 veiksmus prie\u0161 Latvijos saugum\u0105 Rusijos saugumo tarnyb\u0173 vardu. Saugumo tarnyba i\u0161k\u0117l\u0117 baud\u017eiam\u0105j\u0105 byl\u0105&hellip;\n","protected":false},"author":2,"featured_media":26778,"comment_status":"","ping_status":"","sticky":false,"template":"","format":"standard","meta":{"footnotes":""},"categories":[15],"tags":[25,30,31,34,35,24,32,33,37,39,36,38,40,23,22,44,28,29,26,27,74,75,76],"class_list":{"0":"post-26777","1":"post","2":"type-post","3":"status-publish","4":"format-standard","5":"has-post-thumbnail","7":"category-pasaulis","8":"tag-antrastes","9":"tag-breaking-news","10":"tag-breakingnews","11":"tag-featured-news","12":"tag-featurednews","13":"tag-headlines","14":"tag-latest-news","15":"tag-latestnews","16":"tag-lietuva","17":"tag-lietuviu","18":"tag-lithuania","19":"tag-lithuanian","20":"tag-lt","21":"tag-naujienos","22":"tag-news","23":"tag-pasaulis","24":"tag-populiariausios-naujienos","25":"tag-populiariausiosnaujienos","26":"tag-top-stories","27":"tag-topstories","28":"tag-world","29":"tag-world-news","30":"tag-worldnews"},"share_on_mastodon":{"url":"https:\/\/pubeurope.com\/@lt\/115447966124511222","error":""},"_links":{"self":[{"href":"https:\/\/www.europesays.com\/lt\/wp-json\/wp\/v2\/posts\/26777","targetHints":{"allow":["GET"]}}],"collection":[{"href":"https:\/\/www.europesays.com\/lt\/wp-json\/wp\/v2\/posts"}],"about":[{"href":"https:\/\/www.europesays.com\/lt\/wp-json\/wp\/v2\/types\/post"}],"author":[{"embeddable":true,"href":"https:\/\/www.europesays.com\/lt\/wp-json\/wp\/v2\/users\/2"}],"replies":[{"embeddable":true,"href":"https:\/\/www.europesays.com\/lt\/wp-json\/wp\/v2\/comments?post=26777"}],"version-history":[{"count":0,"href":"https:\/\/www.europesays.com\/lt\/wp-json\/wp\/v2\/posts\/26777\/revisions"}],"wp:featuredmedia":[{"embeddable":true,"href":"https:\/\/www.europesays.com\/lt\/wp-json\/wp\/v2\/media\/26778"}],"wp:attachment":[{"href":"https:\/\/www.europesays.com\/lt\/wp-json\/wp\/v2\/media?parent=26777"}],"wp:term":[{"taxonomy":"category","embeddable":true,"href":"https:\/\/www.europesays.com\/lt\/wp-json\/wp\/v2\/categories?post=26777"},{"taxonomy":"post_tag","embeddable":true,"href":"https:\/\/www.europesays.com\/lt\/wp-json\/wp\/v2\/tags?post=26777"}],"curies":[{"name":"wp","href":"https:\/\/api.w.org\/{rel}","templated":true}]}}