{"id":26781,"date":"2025-10-27T20:20:09","date_gmt":"2025-10-27T20:20:09","guid":{"rendered":"https:\/\/www.europesays.com\/lt\/26781\/"},"modified":"2025-10-27T20:20:09","modified_gmt":"2025-10-27T20:20:09","slug":"kaip-apgaudineja-putina-apie-padeti-fronte-analitikai-pateike-pavyzdziu","status":"publish","type":"post","link":"https:\/\/www.europesays.com\/lt\/26781\/","title":{"rendered":"Kaip apgaudin\u0117ja Putin\u0105 apie pad\u0117t\u012f fronte: analitikai pateik\u0117 pavyzd\u017ei\u0173"},"content":{"rendered":"<p>Savaitgal\u012f V.Putinas i\u0161klaus\u0117 Rusijos ginkluot\u0173j\u0173 paj\u0117g\u0173 Generalinio \u0161tabo vir\u0161ininko Valerijaus Gerasimovo prane\u0161im\u0105. Ir \u0161iame prane\u0161ime nu\u0161viesta situacija gerokai skyr\u0117si nuo tikrov\u0117s.<\/p>\n<p>\u201eV.Gerasimovas teig\u0117 \u2013 labai tik\u0117tina, kad neteisingai \u2013 kad Rusijos kariai apsupo iki 5 500 ukrainie\u010di\u0173 kari\u0173 Pokrovsko kryptimi ir u\u017eblokavo 31-o bataliono ukrainie\u010di\u0173 grup\u0119 prie Pokrovsko ir Mirnohrado\u201c, \u2013 ra\u0161o ISW.<\/p>\n<p>V.Gerasimovas teig\u0117, kad nurod\u0117 savo kariams sunaikinti tariamai apsuptus Ukrainos karius.<\/p>\n<p>Be to, Rusijos ginkluot\u0173j\u0173 paj\u0117g\u0173 generalinio \u0161tabo vir\u0161ininkas V.Putinui sak\u0117, kad Rusijos kariai tariamai apsupo Kupjansk\u0105 po to, kai 68-osios motorizuotosios \u0161auli\u0173 divizijos \u0161turmo b\u016briai atliko \u0161onin\u012f manevr\u0105, u\u017e\u0117m\u0117 per\u0117jas per Oskilo up\u0119 \u012f pietus nuo Kupjansko ir taip tariamai u\u017eblokavo Ukrainos karius rytiniame (kairiajame) Oskilo up\u0117s krante \u012f rytus nuo Kupjansko. Pasak V.Gerasimovo, Kupjanske esantys 18 ukrainie\u010di\u0173 batalion\u0173 \u2013 apie 5 000 kari\u0173 \u2013 tariamai buvo apsupti.<\/p>\n<p>ISW primena, kad \u0161i\u0173 met\u0173 \u017eiem\u0105 ir pavasar\u012f V.Putinas, paragintas V.Gerasimovo, jau buvo paskelb\u0119s apie t\u016bkstan\u010di\u0173 Ukrainos kari\u0173 apsupim\u0105 Kursko srityje, kuris v\u0117liau taip ir nebuvo patvirtintas.<\/p>\n<p>Vakaryk\u0161\u010diame V.Gerasimovo prane\u0161ime buvo daug kit\u0173 abejotin\u0173 tezi\u0173: apie 70 proc. u\u017eimt\u0105 Vov\u010dansk\u0105 Charkivo srityje ir \u017eyg\u012f \u012f pietus nuo miesto, beveik visi\u0161kai u\u017eimt\u0105 Jampol\u0119 Donecko srityje, kovas miestuose Siverske ir Konstiantynivkoje.<\/p>\n<p>Rusijos generalinio \u0161tabo vir\u0161ininko ataskaita pasirod\u0117 tokia atitr\u016bkusi nuo tikrov\u0117s, kad ja pasipiktino net rus\u0173 Z tinklara\u0161tininkai, ra\u0161o ISW. Jie paneig\u0117 Ukrainos paj\u0117g\u0173 apsupim\u0105 Pokrovske ir Kupjanske ir pa\u017eym\u0117jo, kad V.Gerasimovas, matyt, v\u0117liavomis mojuojan\u010di\u0173 savi\u017eud\u017ei\u0173 grupi\u0173 infiltracij\u0105 giliai \u012f Ukrainos paj\u0117g\u0173 kontroliuojam\u0105 teritorij\u0105 laiko tos teritorijos u\u017egrobimu, o tai yra netiesa.<\/p>\n<p>\u201eISW nemat\u0117 joki\u0173 \u012frodym\u0173, patvirtinan\u010di\u0173 V.Gerasimovo teiginius\u201c, \u2013 ra\u0161o analitikai.<\/p>\n<p>Amerikos karo studij\u0173 institutas teigia, kad vie\u0161ai prieinama med\u017eiaga rodo, jog rusai kontroliuoja 23, o ne 70 proc. Vov\u010dansko. Tai, k\u0105 V.Gerasimovas vadina miesto kovomis Konstiantynivkoje, yra pavieniai rus\u0173 kariai, prasiskverb\u0119 tarp ukrainie\u010di\u0173 pozicij\u0173, o tai b\u016bdinga dabartiniam karo etapui. N\u0117ra joki\u0173 \u012frodym\u0173, kad Siverske apskritai yra rus\u0173.<\/p>\n","protected":false},"excerpt":{"rendered":"Savaitgal\u012f V.Putinas i\u0161klaus\u0117 Rusijos ginkluot\u0173j\u0173 paj\u0117g\u0173 Generalinio \u0161tabo vir\u0161ininko Valerijaus Gerasimovo prane\u0161im\u0105. Ir \u0161iame prane\u0161ime nu\u0161viesta situacija gerokai&hellip;\n","protected":false},"author":2,"featured_media":26782,"comment_status":"","ping_status":"","sticky":false,"template":"","format":"standard","meta":{"footnotes":""},"categories":[15],"tags":[25,30,31,34,35,24,32,33,37,39,36,38,40,23,22,44,28,29,26,27,74,75,76],"class_list":{"0":"post-26781","1":"post","2":"type-post","3":"status-publish","4":"format-standard","5":"has-post-thumbnail","7":"category-pasaulis","8":"tag-antrastes","9":"tag-breaking-news","10":"tag-breakingnews","11":"tag-featured-news","12":"tag-featurednews","13":"tag-headlines","14":"tag-latest-news","15":"tag-latestnews","16":"tag-lietuva","17":"tag-lietuviu","18":"tag-lithuania","19":"tag-lithuanian","20":"tag-lt","21":"tag-naujienos","22":"tag-news","23":"tag-pasaulis","24":"tag-populiariausios-naujienos","25":"tag-populiariausiosnaujienos","26":"tag-top-stories","27":"tag-topstories","28":"tag-world","29":"tag-world-news","30":"tag-worldnews"},"share_on_mastodon":{"url":"https:\/\/pubeurope.com\/@lt\/115447989698376045","error":""},"_links":{"self":[{"href":"https:\/\/www.europesays.com\/lt\/wp-json\/wp\/v2\/posts\/26781","targetHints":{"allow":["GET"]}}],"collection":[{"href":"https:\/\/www.europesays.com\/lt\/wp-json\/wp\/v2\/posts"}],"about":[{"href":"https:\/\/www.europesays.com\/lt\/wp-json\/wp\/v2\/types\/post"}],"author":[{"embeddable":true,"href":"https:\/\/www.europesays.com\/lt\/wp-json\/wp\/v2\/users\/2"}],"replies":[{"embeddable":true,"href":"https:\/\/www.europesays.com\/lt\/wp-json\/wp\/v2\/comments?post=26781"}],"version-history":[{"count":0,"href":"https:\/\/www.europesays.com\/lt\/wp-json\/wp\/v2\/posts\/26781\/revisions"}],"wp:featuredmedia":[{"embeddable":true,"href":"https:\/\/www.europesays.com\/lt\/wp-json\/wp\/v2\/media\/26782"}],"wp:attachment":[{"href":"https:\/\/www.europesays.com\/lt\/wp-json\/wp\/v2\/media?parent=26781"}],"wp:term":[{"taxonomy":"category","embeddable":true,"href":"https:\/\/www.europesays.com\/lt\/wp-json\/wp\/v2\/categories?post=26781"},{"taxonomy":"post_tag","embeddable":true,"href":"https:\/\/www.europesays.com\/lt\/wp-json\/wp\/v2\/tags?post=26781"}],"curies":[{"name":"wp","href":"https:\/\/api.w.org\/{rel}","templated":true}]}}