{"id":267825,"date":"2026-09-03T00:49:17","date_gmt":"2026-09-03T00:49:17","guid":{"rendered":"https:\/\/www.europesays.com\/lt\/267825\/"},"modified":"2026-09-03T00:49:17","modified_gmt":"2026-09-03T00:49:17","slug":"prokuratura-perdave-teroro-byla-teismui-kaltinimai-rengimusi-nuzudyti-lietuvoje-respublika-lt","status":"publish","type":"post","link":"https:\/\/www.europesays.com\/lt\/267825\/","title":{"rendered":"Prokurat\u016bra perdav\u0117 teroro byl\u0105 teismui: kaltinimai rengimusi nu\u017eudyti Lietuvoje &#8211; Respublika.lt"},"content":{"rendered":"<p style=\"text-align: justify;\" class=\"desktop_banner\">\u00a0<\/p>\n<p>Daugyb\u0117 kaltinim\u0173<\/p>\n<p>Generalin\u0117 prokurat\u016bra tre\u010diadien\u012f prane\u0161\u0117, kad Vilniaus apygardos teismui perdav\u0117 byl\u0105, kurioje \u0161e\u0161iems \u017emon\u0117ms pateikti kaltinamai d\u0117l organizuotos teroristin\u0117s grup\u0117s veiklos, verbavimo teroristinei veiklai, teroristin\u0117s veiklos finansavimo, vykimo teroristiniais tikslais, rengimosi padaryti teroro akt\u0105, neteis\u0117tu informacijos apie privat\u0173 asmens gyvenim\u0105 rinkimu, neteis\u0117tu disponavimu programine \u012franga ir slapta\u017eod\u017eiais, pad\u0117jimu kitai valstybei veikti prie\u0161 Lietuv\u0105, neteis\u0117tu disponavimu narkotin\u0117mis med\u017eiagomis be tikslo jas platinti.<\/p>\n<p>Tyrimo duomenimis, grup\u0117s nariai Lietuvoje reng\u0117si \u012fvykdyti teroro akt\u0105, nu\u017eudant \u017emog\u0173 d\u0117l jo vie\u0161os opozicin\u0117s veiklos, nukreiptos prie\u0161 dabartin\u0119 Rusijos vald\u017ei\u0105, o kit\u0105 asmen\u012f &#8211; d\u0117l jo vie\u0161os veiklos teikiant humanitarin\u0119 param\u0105 besiginan\u010diai Ukrainai.<\/p>\n<p>Kaltinamieji Rusijos, Graikijos, Sakartvelo, Ukrainos, Baltarusijos ir Lietuvos pilie\u010diai. Jiems taikomas su\u0117mimas arba intensyvi prie\u017ei\u016bra. Bylos med\u017eiag\u0105 sudaro 51 tom\u0173 dokument\u0173.<\/p>\n<p>Byla atskirta nuo didel\u0117s apimties toliau t\u0119siamo tyrimo, kuriame bendradarbiaujama su Valstyb\u0117s saugumo departamentu bei tarptautiniais partneriais. Tyrime \u012ftarimai d\u0117l galimai teroristini\u0173 ir kit\u0173 nusikalstam\u0173 veik\u0173 pareik\u0161ti 14 asmen\u0173.<\/p>\n<p>Nuosprendis &#8211; u\u017e aki\u0173<\/p>\n<p>Kaip ra\u0161\u0117 \u201eVakaro \u017einios&#8221;, \u0161i\u0173 met\u0173 pavasar\u012f prokurat\u016bra ir Lietuvos kriminalin\u0117s policijos biuras (LKPB) spaudos konferencijoje paskelb\u0117, kad pavyko u\u017ekirsti keli\u0105 nu\u017eudyti visuomeninink\u0105 i\u0161 Lentvario 48 met\u0173 Vald\u0105 Bartkevi\u010di\u0173 ir Ba\u0161kir\u0173 nacionalinio jud\u0117jimo komiteto \u012fk\u016br\u0117j\u0105 Ruslan\u0105 Gabasov\u0105, 2021 m. atvykus\u012f i\u0161 Rusijos ir gavus\u012f prieglobst\u012f m\u016bs\u0173 \u0161alyje.<\/p>\n<p>Lietuvis yra buv\u0119s Seimo nar\u0117s konservator\u0117s Jurgitos Sejonien\u0117s visuomeniniu konsultantu, pagars\u0117j\u0119s ne tik aktyvia parama Ukrainai, bet ir agresyvia retorika, incidentu su kitu aktyvistu Antanu Kandrotu, pravarde Celofanas. Pernai gruod\u012f policija buvo prad\u0117jusi ikiteismin\u012f tyrim\u0105 d\u0117l grasinimo nu\u017eudyti po Marijampol\u0117s aik\u0161t\u0117je kilusio V.Bartkevi\u010diaus ir parei\u0161k\u0117jo konflikto. Kaip informavo policija, v\u0117liau tyrimas nutrauktas, o d\u0117l ginklo laikymo, ne\u0161iojimo ar gabenimo tvarkos pa\u017eeidimo skirta nuobauda.\u00a0<\/p>\n<p>Vyras feisbuke pats pagarsino, kad pernai Rusijoje jam d\u0117l vie\u0161o terorizmo pateisinimo bei finansavimo, sienos kirtimo, pl\u0117\u0161ikavimo, \u0161ios \u0161alies karin\u0117s \u0161lov\u0117s simboli\u0173 i\u0161niekinimo ir kit\u0173 nusikaltim\u0173 u\u017e aki\u0173 skirta kal\u0117ti 23 metus. \u0160iuo metu, kaip skelbiama, V.Bartkevi\u010dius tarnauja Ukrainos ginkluotose paj\u0117gose.<\/p>\n<p>\u012e\u017evelg\u0117 reali\u0105 gr\u0117sm\u0119<\/p>\n<p>Tyrimas prad\u0117tas po to, kai 2025 m. prad\u017eioje \u012f pareig\u016bnus kreip\u0117si Lietuvoje gyvenantis Rusijos pilietis, savo automobilyje rad\u0119s sekimo \u012frengin\u012f. Pareig\u016bnai nustat\u0117, kad jo gyvybei ir sveikatai yra kilusi reali gr\u0117sm\u0117.<\/p>\n<p>Buvo identifikuoti potencial\u016bs galimai planuojamo nu\u017eudymo vykdytojai bei pad\u0117j\u0117jai. Be to, nustatyta, kad \u0161ie asmenys taip pat planuoja ir vieno Lietuvos pilie\u010dio nu\u017eudym\u0105.<\/p>\n<p>Pareig\u016bnai nustat\u0117, kad nuo 2024 m. vasaros informacij\u0105 apie potencialias aukas, \u012fskaitant technini\u0173 sekimo priemoni\u0173 naudojim\u0105, kaip \u012ftariama, rinko keli Lietuvoje gyvenantys arba specialiai tam tikslui \u012f Lietuv\u0105 atvyk\u0119 u\u017esienio pilie\u010diai.<\/p>\n<p>Pasitelkus Lietuvos policijos antiteroristini\u0173 operacij\u0173 rinktin\u0117s \u201eAras&#8221; kovotojus 2025 m. kovo 12 d. pagrindiniai \u012ftariamieji buvo sulaikyti Vilniuje. Vienas i\u0161 \u012ftariam\u0173j\u0173 buvo sulaikytas \u0161alia potencialios aukos nam\u0173.<\/p>\n<p>Kaip anks\u010diau skelb\u0117 LKPB, manoma, kad nu\u017eudym\u0105 tur\u0117jo \u012fvykdyti graikai, vienas i\u0161 kuri\u0173 tur\u0117jo ir Rusijos pilietyb\u0119. Jie siejami su kriminaliniu pasauliu, o Lietuvoje, kaip \u012ftariama, aktyviai palaik\u0117 ry\u0161ius su vietin\u0117mis nusikalstamomis strukt\u016bromis.<\/p>\n","protected":false},"excerpt":{"rendered":"\u00a0 Daugyb\u0117 kaltinim\u0173 Generalin\u0117 prokurat\u016bra tre\u010diadien\u012f prane\u0161\u0117, kad Vilniaus apygardos teismui perdav\u0117 byl\u0105, kurioje \u0161e\u0161iems \u017emon\u0117ms pateikti kaltinamai&hellip;\n","protected":false},"author":2,"featured_media":267826,"comment_status":"","ping_status":"","sticky":false,"template":"","format":"standard","meta":{"footnotes":"","_share_on_mastodon":"0"},"categories":[15],"tags":[18653,25,30,31,34,35,24,32,33,37,39,36,38,40,23,22,44,28,29,627,255,38747,26,27,74,75,76],"class_list":["post-267825","post","type-post","status-publish","format-standard","has-post-thumbnail","category-pasaulis","tag-aktas","tag-antrastes","tag-breaking-news","tag-breakingnews","tag-featured-news","tag-featurednews","tag-headlines","tag-latest-news","tag-latestnews","tag-lietuva","tag-lietuviu","tag-lithuania","tag-lithuanian","tag-lt","tag-naujienos","tag-news","tag-pasaulis","tag-populiariausios-naujienos","tag-populiariausiosnaujienos","tag-prokuratura","tag-teismas","tag-teroro","tag-top-stories","tag-topstories","tag-world","tag-world-news","tag-worldnews"],"share_on_mastodon":{"url":"https:\/\/pubeurope.com\/@lt\/117204363918048380","error":""},"_links":{"self":[{"href":"https:\/\/www.europesays.com\/lt\/wp-json\/wp\/v2\/posts\/267825","targetHints":{"allow":["GET"]}}],"collection":[{"href":"https:\/\/www.europesays.com\/lt\/wp-json\/wp\/v2\/posts"}],"about":[{"href":"https:\/\/www.europesays.com\/lt\/wp-json\/wp\/v2\/types\/post"}],"author":[{"embeddable":true,"href":"https:\/\/www.europesays.com\/lt\/wp-json\/wp\/v2\/users\/2"}],"replies":[{"embeddable":true,"href":"https:\/\/www.europesays.com\/lt\/wp-json\/wp\/v2\/comments?post=267825"}],"version-history":[{"count":0,"href":"https:\/\/www.europesays.com\/lt\/wp-json\/wp\/v2\/posts\/267825\/revisions"}],"wp:featuredmedia":[{"embeddable":true,"href":"https:\/\/www.europesays.com\/lt\/wp-json\/wp\/v2\/media\/267826"}],"wp:attachment":[{"href":"https:\/\/www.europesays.com\/lt\/wp-json\/wp\/v2\/media?parent=267825"}],"wp:term":[{"taxonomy":"category","embeddable":true,"href":"https:\/\/www.europesays.com\/lt\/wp-json\/wp\/v2\/categories?post=267825"},{"taxonomy":"post_tag","embeddable":true,"href":"https:\/\/www.europesays.com\/lt\/wp-json\/wp\/v2\/tags?post=267825"}],"curies":[{"name":"wp","href":"https:\/\/api.w.org\/{rel}","templated":true}]}}